{"id":622384,"date":"2025-12-26T00:24:44","date_gmt":"2025-12-26T00:24:44","guid":{"rendered":"https:\/\/www.europesays.com\/fr\/622384\/"},"modified":"2025-12-26T00:24:44","modified_gmt":"2025-12-26T00:24:44","slug":"un-attaquant-de-marseille-envoye-a-paris","status":"publish","type":"post","link":"https:\/\/www.europesays.com\/fr\/622384\/","title":{"rendered":"Un attaquant de Marseille envoy\u00e9 \u00e0 Paris !"},"content":{"rendered":"<p>Afficher l\u2019index Masquer l\u2019index <\/p>\n<p>\u00c0 l\u2019<strong>OM<\/strong>, \u00e0 quelques jours de l\u2019ouverture du <strong>mercato<\/strong> hivernal, un dossier discret agite d\u00e9j\u00e0 les coulisses du football fran\u00e7ais. Ind\u00e9sirable \u00e0 Marseille, un attaquant pourrait rebondir\u2026 \u00e0 <strong>Paris,<\/strong> sous l\u2019\u0153il critique de <strong>Daniel Riolo<\/strong>.<\/p>\n<p>Paris FC en qu\u00eate d\u00e9sesp\u00e9r\u00e9e de buts\t<\/p>\n<p>Le Paris FC n\u2019a jamais cach\u00e9 ses difficult\u00e9s offensives. Malgr\u00e9 le recrutement estival de Willem Geubbels, le club parisien peine toujours \u00e0 convertir ses occasions et v\u00e9g\u00e8te loin de ses ambitions. En janvier, la priorit\u00e9 est claire : trouver un buteur capable d\u2019apporter des solutions imm\u00e9diates.<\/p>\n<p><strong>Lire aussi : <a href=\"https:\/\/www.foot-sur7.fr\/713769-coup-de-balai-a-lom-neal-maupay-proche-de-litalie\" target=\"_blank\" rel=\"noopener\">Coup de balai \u00e0 l\u2019OM\u00a0: Neal Maupay proche de l\u2019Italie\u00a0!<\/a><\/strong><\/p>\n<p><a class=\"related-article simple\" href=\"https:\/\/www.foot-sur7.fr\/713886-mercato-asse-il-snobe-saint-etienne-pour-la-ligue-1\" target=\"_blank\" rel=\"noopener\">\u00c0 voirMercato ASSE : Il snobe Saint-Etienne pour la Ligue 1<\/a><\/p>\n<p>Plusieurs profils ont circul\u00e9 ces derni\u00e8res semaines, de Martin Terrier \u00e0 Arnaud Kalimuendo, en passant par Elye Wahi. Mais le march\u00e9 est complexe, cher, et parfois opportuniste. Dans ce contexte, un nom inattendu est apparu : Neal Maupay, aujourd\u2019hui en d\u00e9licatesse \u00e0 l\u2019Olympique de Marseille.<\/p>\n<p>Maupay, la piste qui divise<\/p>\n<p>Ind\u00e9sirable \u00e0 Marseille, Maupay repr\u00e9sente une option accessible sur le papier. Mais l\u2019enthousiasme reste mesur\u00e9, notamment chez les observateurs. Au micro de l\u2019After Foot, Daniel Riolo n\u2019a pas m\u00e2ch\u00e9 ses mots : \u00ab Maupay, si vous \u00eates le PFC vous le prenez ? Moi je ne sais pas, parce que c\u2019est un mec qui n\u2019a jamais marqu\u00e9 \u00bb, a-t-il balanc\u00e9.<\/p>\n<p>\u00ab Au final, il a fait un bon de saison \u00e0 l\u2019OM. Il a un super \u00e9tat d\u2019esprit, il est dans l\u2019engagement, mais qu\u2019est-ce qu\u2019il va r\u00e9ellement t\u2019apporter ? \u00bb, s\u2019interroge-t-il. Une d\u00e9claration qui r\u00e9sume le dilemme parisien : miser sur l\u2019\u00e9tat d\u2019esprit ou sur l\u2019efficacit\u00e9 brute. Dans une lutte pour le maintien, le choix pourrait s\u2019av\u00e9rer d\u00e9cisif.<\/p>\n<p>Divorce consomm\u00e9 avec Marseille ?<\/p>\n<p>Consid\u00e9r\u00e9 un temps comme un \u00e9l\u00e9ment appr\u00e9ci\u00e9 en interne, Maupay a progressivement gliss\u00e9 hors de la rotation marseillaise. Malgr\u00e9 une titularisation r\u00e9cente en Coupe de France, son avenir \u00e0 l\u2019Olympique de Marseille semble scell\u00e9.<\/p>\n<p>Un d\u00e9part en janvier appara\u00eet d\u00e9sormais in\u00e9vitable. Paris FC pourrait offrir une porte de sortie, mais aussi un dernier test grandeur nature. Reste \u00e0 savoir si ce pari, \u00e0 la fois sportif et symbolique, convaincra des dirigeants en qu\u00eate urgente de buts\u2026 et de certitudes.<\/p>\n<p>Lire aussi sur l\u2019OM :<\/p>\n<p><a href=\"https:\/\/www.foot-sur7.fr\/713890-mercato-om-loffre-astronomique-qui-va-faire-craquer-longoria\" target=\"_blank\" rel=\"noopener\"><strong>Mercato OM : L\u2019offre astronomique qui va faire craquer Longoria<\/strong><\/a><\/p>\n<p><a class=\"related-article simple\" href=\"https:\/\/www.foot-sur7.fr\/713893-mercato-psg-un-coup-xxl-deja-en-preparation\" target=\"_blank\" rel=\"noopener\">\u00c0 voirMercato PSG : Un coup XXL d\u00e9j\u00e0 en pr\u00e9paration !<\/a><\/p>\n<p><a href=\"https:\/\/www.foot-sur7.fr\/713873-om-grosse-surprise-pour-aubameyang-avec-le-gabon\" target=\"_blank\" rel=\"noopener\"><strong>OM : Grosse surprise pour Aubameyang avec le Gabon<\/strong><\/a><\/p>\n<p><a href=\"https:\/\/www.foot-sur7.fr\/713769-coup-de-balai-a-lom-neal-maupay-proche-de-litalie\" target=\"_blank\" rel=\"noopener\"><strong>Coup de balai \u00e0 l\u2019OM\u00a0: Neal Maupay proche de l\u2019Italie\u00a0!<\/strong><\/a><\/p>\n","protected":false},"excerpt":{"rendered":"Afficher l\u2019index Masquer l\u2019index \u00c0 l\u2019OM, \u00e0 quelques jours de l\u2019ouverture du mercato hivernal, un dossier discret agite&hellip;\n","protected":false},"author":2,"featured_media":1217,"comment_status":"","ping_status":"","sticky":false,"template":"","format":"standard","meta":{"footnotes":""},"categories":[1888],"tags":[1111,1928,11,1927,1777,674,1011,27,12,1926,626,1925,25],"class_list":{"0":"post-622384","1":"post","2":"type-post","3":"status-publish","4":"format-standard","5":"has-post-thumbnail","7":"category-paris","8":"tag-actu","9":"tag-actu-paris","10":"tag-actualites","11":"tag-actualites-paris","12":"tag-eu","13":"tag-europe","14":"tag-fr","15":"tag-france","16":"tag-news","17":"tag-news-paris","18":"tag-paris","19":"tag-paris-news","20":"tag-republique-francaise"},"share_on_mastodon":{"url":"https:\/\/pubeurope.com\/@fr\/115783025550811540","error":""},"_links":{"self":[{"href":"https:\/\/www.europesays.com\/fr\/wp-json\/wp\/v2\/posts\/622384","targetHints":{"allow":["GET"]}}],"collection":[{"href":"https:\/\/www.europesays.com\/fr\/wp-json\/wp\/v2\/posts"}],"about":[{"href":"https:\/\/www.europesays.com\/fr\/wp-json\/wp\/v2\/types\/post"}],"author":[{"embeddable":true,"href":"https:\/\/www.europesays.com\/fr\/wp-json\/wp\/v2\/users\/2"}],"replies":[{"embeddable":true,"href":"https:\/\/www.europesays.com\/fr\/wp-json\/wp\/v2\/comments?post=622384"}],"version-history":[{"count":0,"href":"https:\/\/www.europesays.com\/fr\/wp-json\/wp\/v2\/posts\/622384\/revisions"}],"wp:featuredmedia":[{"embeddable":true,"href":"https:\/\/www.europesays.com\/fr\/wp-json\/wp\/v2\/media\/1217"}],"wp:attachment":[{"href":"https:\/\/www.europesays.com\/fr\/wp-json\/wp\/v2\/media?parent=622384"}],"wp:term":[{"taxonomy":"category","embeddable":true,"href":"https:\/\/www.europesays.com\/fr\/wp-json\/wp\/v2\/categories?post=622384"},{"taxonomy":"post_tag","embeddable":true,"href":"https:\/\/www.europesays.com\/fr\/wp-json\/wp\/v2\/tags?post=622384"}],"curies":[{"name":"wp","href":"https:\/\/api.w.org\/{rel}","templated":true}]}}