{"id":622387,"date":"2025-12-26T00:27:16","date_gmt":"2025-12-26T00:27:16","guid":{"rendered":"https:\/\/www.europesays.com\/fr\/622387\/"},"modified":"2025-12-26T00:27:16","modified_gmt":"2025-12-26T00:27:16","slug":"carla-bruni-sylvie-vartan-nicoletta-ces-stars-habitent-le-tres-chic-16e-arrondissement-de-paris","status":"publish","type":"post","link":"https:\/\/www.europesays.com\/fr\/622387\/","title":{"rendered":"Carla Bruni, Sylvie Vartan, Nicoletta\u2026 Ces stars habitent le tr\u00e8s chic 16e arrondissement de Paris"},"content":{"rendered":"<p class=\"fig-paragraph\">R\u00e9put\u00e9 pour son calme et son \u00e9l\u00e9gance, le 16e arrondissement de Paris ne cesse d\u2019attirer les c\u00e9l\u00e9brit\u00e9s. \u00c0 la fois discret et verdoyant, ce quartier chic de la capitale est devenu le lieu de r\u00e9sidence de plusieurs personnalit\u00e9s bien connues du grand public. Parmi les adresses les plus pris\u00e9es, figure la Villa Montmorency. C\u2019est l\u00e0 que Nicolas Sarkozy et Carla Bruni ont acquis\u00a0<a href=\"https:\/\/www.gala.fr\/lifestyle\/nicolas-sarkozy-et-carla-bruni-plongee-dans-la-villa-montmorency-leur-refuge-secret-du-tres-chic-16e-arrondissement-de-paris-20251025\" target=\"_blank\" data-fig-type=\"Article\" rel=\"nofollow noopener\" data-gtm-custom-categorie=\"navigation\" data-gtm-custom-action=\"crossclick\" data-gtm-custom-label=\"Contextuel\" data-gtm-event=\"customEventSPE\" data-fig-domain=\"GALA\">une propri\u00e9t\u00e9 apr\u00e8s le d\u00e9part de l\u2019ancien pr\u00e9sident de l\u2019\u00c9lys\u00e9e<\/a>, en 2012. Derri\u00e8re ses grilles, cette enclave priv\u00e9e offre un cadre unique, entre immeubles de style haussmannien, grandes all\u00e9es et rues bord\u00e9es d\u2019arbres anciens. La tranquillit\u00e9 des lieux est strictement surveill\u00e9e\u00a0: \u00abl\u2019unique entr\u00e9e de la r\u00e9sidence, rue Poussin, y est gard\u00e9e 24 heures sur 24 par une \u00e9quipe de gardiens qui op\u00e8re des rondes, jour et nuit\u00bb, pr\u00e9cisait Le Parisien en 2020. Un environnement calme et s\u00e9curis\u00e9 qui a s\u00e9duit l\u2019ancien pr\u00e9sident de la R\u00e9publique et son \u00e9pouse. Cette derni\u00e8re a d\u2019ailleurs laiss\u00e9 entrevoir un aper\u00e7u de son int\u00e9rieur m\u00ealant charme de l\u2019ancien, verdure et inspiration artistique, dans une interview diffus\u00e9e sur YouTube ce 19 d\u00e9cembre dernier.<\/p>\n<p class=\"fig-paragraph\">La Villa Montmorency compte aussi parmi\u00a0<a href=\"https:\/\/www.gala.fr\/lifestyle\/sylvie-vartan-sa-maison-de-400m2-au-coeur-du-tres-chic-16e-arrondissement-de-paris-ou-elle-vit-depuis-pres-de-45-ans-20250815\" target=\"_blank\" data-fig-type=\"Article\" rel=\"nofollow noopener\" data-gtm-custom-categorie=\"navigation\" data-gtm-custom-action=\"crossclick\" data-gtm-custom-label=\"Contextuel\" data-gtm-event=\"customEventSPE\" data-fig-domain=\"GALA\">ses r\u00e9sidents Sylvie Vartan<\/a>\u00a0ou encore le chanteur Dave. Aujourd\u2019hui, selon\u00a0<a href=\"https:\/\/www.pleinevie.fr\/loisirs\/celebrites\/nicolas-sarkozy-et-carla-bruni-leur-villa-montmorency-vivent-ici-a-quoi-ressemble-leur-maison-secrete-a-paris-175227.html\" target=\"_blank\" rel=\"nofollow noopener\" data-gtm-custom-categorie=\"navigation\" data-gtm-custom-action=\"crossclick\" data-gtm-custom-label=\"Contextuel\" data-gtm-event=\"customEventSPE\">Pleine Vie<\/a>, les propri\u00e9t\u00e9s de ce secteur tr\u00e8s ferm\u00e9, dont les surfaces vont de 150 \u00e0 1 000 m\u00b2, peuvent atteindre plusieurs dizaines de millions d\u2019euros. Nicoletta, elle, vit\u00a0<a href=\"https:\/\/www.gala.fr\/l_actu\/news_de_stars\/carla-bruni-cette-celebre-chanteuse-quelle-compte-parmi-ses-voisines_526061\" target=\"_blank\" data-fig-type=\"Article\" rel=\"nofollow noopener\" data-gtm-custom-categorie=\"navigation\" data-gtm-custom-action=\"crossclick\" data-gtm-custom-label=\"Contextuel\" data-gtm-event=\"customEventSPE\" data-fig-domain=\"GALA\">juste en face de cette adresse pris\u00e9e<\/a>, comme l\u2019a r\u00e9v\u00e9l\u00e9 Dave dans une interview accord\u00e9e au Figaro en 2024. Install\u00e9e depuis plus de vingt ans dans le 16e arrondissement avec son mari, la chanteuse habite un duplex lumineux, proche du p\u00e9riph\u00e9rique, un emplacement pratique pour ses d\u00e9placements professionnels. Dans les colonnes de C\u00f4t\u00e9 Maison en mars 2014, elle d\u00e9crivait un int\u00e9rieur m\u00ealant meubles anciens et objets chin\u00e9s \u00abqui ont une \u00e2me, une histoire\u00bb. L\u2019artiste de 81 ans, passionn\u00e9e de brocantes, de miroirs et de dorures, s\u2019adonne aussi \u00e0 la peinture, disposant d\u2019un atelier lumineux am\u00e9nag\u00e9 dans son appartement. Mais alors, qui sont les autres stars qui habitent le tr\u00e8s chic 16e arrondissement de Paris\u00a0? D\u00e9couvrez le sans plus attendre dans notre diaporama ci-dessous.<\/p>\n<p>                                                                <a href=\"#slideshow-header\"><\/p>\n<p class=\"fig-slideshow__title\">\n                    PHOTOS &#8211; Carla Bruni, Sylvie Vartan, Nicoletta\u2026 Ces stars habitent le tr\u00e8s chic 16e arrondissement de Paris\n                <\/p>\n<p>    <\/a><br \/>\n                                                                <a class=\"fig-a11y-skip\" href=\"#fig-a11y-skip-main-inarticle\" data-module=\"a11y-skip\" data-context=\"was @visible\"><br \/>\n    Passer la publicit\u00e9<br \/>\n<\/a>            <\/p>\n<p>                                                                Ces stars qui ont autrefois habit\u00e9 dans le 16e arrondissement de Paris<\/p>\n<p class=\"fig-paragraph\">Le 16e arrondissement de Paris a \u00e9galement accueilli de nombreuses c\u00e9l\u00e9brit\u00e9s par le pass\u00e9. Myl\u00e8ne Farmer, Serge Gainsbourg ou encore Brigitte Bardot ont ainsi compt\u00e9 parmi les figures embl\u00e9matiques \u00e0 y avoir v\u00e9cu. Dans les ann\u00e9es 1980, Johnny et Laeticia Hallyday r\u00e9sidaient \u00e0 la Villa Molitor, un \u00e9l\u00e9gant h\u00f4tel particulier du quartier. L\u2019acteur Alain Delon poss\u00e9dait quant \u00e0 lui une propri\u00e9t\u00e9 situ\u00e9e au 42, avenue du Pr\u00e9sident-Kennedy, o\u00f9 il a v\u00e9cu successivement avec Romy Schneider puis Mireille Darc. Carole Bouquet et\u00a0<a href=\"https:\/\/www.gala.fr\/l_actu\/news_de_stars\/isabelle-adjani-sans-filtre-sur-son-quotidien-modeste-on-mimagine-avec-villa-et-piscine_531215\" target=\"_blank\" data-fig-type=\"Article\" rel=\"nofollow noopener\" data-gtm-custom-categorie=\"navigation\" data-gtm-custom-action=\"crossclick\" data-gtm-custom-label=\"Contextuel\" data-gtm-event=\"customEventSPE\" data-fig-domain=\"GALA\">Isabelle Adjani ont elles aussi habit\u00e9 dans ce secteur<\/a>\u00a0tr\u00e8s pris\u00e9 de la capitale. C\u00e9line Dion fait \u00e9galement partie des anciennes r\u00e9sidentes du 16e arrondissement\u00a0: en 2008, la chanteuse avait acquis avec son mari Ren\u00e9 Ang\u00e9lil une somptueuse villa au sein de la Villa Montmorency pour 9 millions d\u2019euros, avant de la revendre apr\u00e8s le d\u00e9c\u00e8s de ce dernier en 2016.<\/p>\n","protected":false},"excerpt":{"rendered":"R\u00e9put\u00e9 pour son calme et son \u00e9l\u00e9gance, le 16e arrondissement de Paris ne cesse d\u2019attirer les c\u00e9l\u00e9brit\u00e9s. \u00c0&hellip;\n","protected":false},"author":2,"featured_media":622388,"comment_status":"","ping_status":"","sticky":false,"template":"","format":"standard","meta":{"footnotes":""},"categories":[1888],"tags":[11,5960,9071,20224,15511,42573,7043,22244,1777,674,1011,27,27053,9715,2142,13995,12,3091,12721,626,25,15548,7409],"class_list":{"0":"post-622387","1":"post","2":"type-post","3":"status-publish","4":"format-standard","5":"has-post-thumbnail","7":"category-paris","8":"tag-actualites","9":"tag-alain-delon","10":"tag-appartement","11":"tag-brigitte-bardot","12":"tag-carla-bruni-sarkozy","13":"tag-carole-bouquet","14":"tag-celine-dion","15":"tag-dave","16":"tag-eu","17":"tag-europe","18":"tag-fr","19":"tag-france","20":"tag-isabelle-adjani","21":"tag-lenny-kravitz","22":"tag-maison","23":"tag-mylene-farmer","24":"tag-news","25":"tag-nicolas-sarkozy","26":"tag-nicoletta","27":"tag-paris","28":"tag-republique-francaise","29":"tag-serge-gainsbourg","30":"tag-sylvie-vartan"},"share_on_mastodon":{"url":"https:\/\/pubeurope.com\/@fr\/115783037512291471","error":""},"_links":{"self":[{"href":"https:\/\/www.europesays.com\/fr\/wp-json\/wp\/v2\/posts\/622387","targetHints":{"allow":["GET"]}}],"collection":[{"href":"https:\/\/www.europesays.com\/fr\/wp-json\/wp\/v2\/posts"}],"about":[{"href":"https:\/\/www.europesays.com\/fr\/wp-json\/wp\/v2\/types\/post"}],"author":[{"embeddable":true,"href":"https:\/\/www.europesays.com\/fr\/wp-json\/wp\/v2\/users\/2"}],"replies":[{"embeddable":true,"href":"https:\/\/www.europesays.com\/fr\/wp-json\/wp\/v2\/comments?post=622387"}],"version-history":[{"count":0,"href":"https:\/\/www.europesays.com\/fr\/wp-json\/wp\/v2\/posts\/622387\/revisions"}],"wp:featuredmedia":[{"embeddable":true,"href":"https:\/\/www.europesays.com\/fr\/wp-json\/wp\/v2\/media\/622388"}],"wp:attachment":[{"href":"https:\/\/www.europesays.com\/fr\/wp-json\/wp\/v2\/media?parent=622387"}],"wp:term":[{"taxonomy":"category","embeddable":true,"href":"https:\/\/www.europesays.com\/fr\/wp-json\/wp\/v2\/categories?post=622387"},{"taxonomy":"post_tag","embeddable":true,"href":"https:\/\/www.europesays.com\/fr\/wp-json\/wp\/v2\/tags?post=622387"}],"curies":[{"name":"wp","href":"https:\/\/api.w.org\/{rel}","templated":true}]}}