{"id":622389,"date":"2025-12-26T00:28:18","date_gmt":"2025-12-26T00:28:18","guid":{"rendered":"https:\/\/www.europesays.com\/fr\/622389\/"},"modified":"2025-12-26T00:28:18","modified_gmt":"2025-12-26T00:28:18","slug":"ce-qui-me-frappe-cest-la-violence-du-propos-declare-jean-de-gliniasty-ancien-ambassadeur-de-france-en-russie","status":"publish","type":"post","link":"https:\/\/www.europesays.com\/fr\/622389\/","title":{"rendered":"\u00ab\u00a0Ce qui me frappe, c&rsquo;est la violence du propos\u00a0\u00bb, d\u00e9clare Jean de Gliniasty, ancien ambassadeur de France en Russie"},"content":{"rendered":"<p>Propos de Volodymyr Zelensky \u00e0 Vladimir Poutine: \u00ab\u00a0Ce qui me frappe, c&rsquo;est la violence du propos\u00a0\u00bb, d\u00e9clare Jean de Gliniasty, ancien ambassadeur de France en RussieSur le m\u00eame sujet<a href=\"https:\/\/www.bfmtv.com\/replay-emissions\/bfm-grand-soir\/video-plan-de-paix-americain-des-signaux-positifs-pour-kiev-25-12_VN-202512250424.html\" title=\"Plan de paix am\u00e9ricain : des signaux positifs pour Kiev - 25\/12\" target=\"_blank\" rel=\"noopener\"><img width=\"16\" height=\"9\" class=\"lozad\"  alt=\"Plan de paix am\u00e9ricain : des signaux positifs pour Kiev - 25\/12\"\/>13:15Plan de paix am\u00e9ricain : des signaux positifs pour Kiev &#8211; 25\/12<\/a><a href=\"https:\/\/www.bfmtv.com\/international\/asie\/russie\/video-propos-de-volodymyr-zelensky-a-vladimir-poutine-ce-qui-me-frappe-c-est-la-violence-du-propos-declare-jean-de-gliniasty-ancien-ambassadeur-de-france-en-russie_VN-202512250419.html\" title=\"Propos de Volodymyr Zelensky \u00e0 Vladimir Poutine: &quot;Ce qui me frappe, c&#039;est la violence du propos&quot;, d\u00e9clare Jean de Gliniasty, ancien ambassadeur de France en Russie\" target=\"_blank\" rel=\"noopener\"><img width=\"16\" height=\"9\" class=\"lozad\"  alt=\"Propos de Volodymyr Zelensky \u00e0 Vladimir Poutine: &quot;Ce qui me frappe, c'est la violence du propos&quot;, d\u00e9clare Jean de Gliniasty, ancien ambassadeur de France en Russie\"\/>en lecturePropos de Volodymyr Zelensky \u00e0 Vladimir Poutine: \u00ab\u00a0Ce qui me frappe, c&rsquo;est la violence du propos\u00a0\u00bb, d\u00e9clare Jean de Gliniasty, ancien ambassadeur de France en Russie<\/a><a href=\"https:\/\/www.bfmtv.com\/international\/asie\/russie\/video-il-va-bien-brigitte-vinatier-donne-des-nouvelles-de-son-fils-laurent-vinatier-emprisonne-en-russie_VN-202512250368.html\" title=\"&quot;Il va bien&quot;: Brigitte Vinatier donne des nouvelles de son fils, Laurent Vinatier, emprisonn\u00e9 en Russie\" target=\"_blank\" rel=\"noopener\"><img width=\"16\" height=\"9\" class=\"lozad\"  alt=\"&quot;Il va bien&quot;: Brigitte Vinatier donne des nouvelles de son fils, Laurent Vinatier, emprisonn\u00e9 en Russie\"\/>0:45&Prime;Il va bien\u00a0\u00bb: Brigitte Vinatier donne des nouvelles de son fils, Laurent Vinatier, emprisonn\u00e9 en Russie<\/a><a href=\"https:\/\/www.bfmtv.com\/international\/asie\/russie\/video-nous-avons-un-veritable-espoir-assure-brigitte-vinatier-mere-du-chercheur-francais-emprisonne-en-russie_VN-202512250365.html\" title=\"&quot;Nous avons un v\u00e9ritable espoir&quot; assure Brigitte Vinatier, m\u00e8re du chercheur fran\u00e7ais emprisonn\u00e9 en Russie\" target=\"_blank\" rel=\"noopener\"><img width=\"16\" height=\"9\" class=\"lozad\"  alt=\"&quot;Nous avons un v\u00e9ritable espoir&quot; assure Brigitte Vinatier, m\u00e8re du chercheur fran\u00e7ais emprisonn\u00e9 en Russie\"\/>1:12&Prime;Nous avons un v\u00e9ritable espoir\u00a0\u00bb assure Brigitte Vinatier, m\u00e8re du chercheur fran\u00e7ais emprisonn\u00e9 en Russie<\/a><a href=\"https:\/\/www.bfmtv.com\/international\/asie\/russie\/video-nous-avons-ete-surpris-que-m-peskov-fasse-une-proposition-aux-autorites-francaises-detaille-brigitte-vinatier-mere-du-chercheur-francais-emprisonne-en-russie_VN-202512250363.html\" title=\"&quot;Nous avons \u00e9t\u00e9 surpris que M. Peskov [fasse] une proposition aux autorit\u00e9s fran\u00e7aises&quot; d\u00e9taille Brigitte Vinatier, m\u00e8re du chercheur fran\u00e7ais emprisonn\u00e9 en Russie \" target=\"_blank\" rel=\"noopener\"><img width=\"16\" height=\"9\" class=\"lozad\"  alt=\"&quot;Nous avons \u00e9t\u00e9 surpris que M. Peskov [fasse] une proposition aux autorit\u00e9s fran\u00e7aises&quot; d\u00e9taille Brigitte Vinatier, m\u00e8re du chercheur fran\u00e7ais emprisonn\u00e9 en Russie \"\/>2:15&Prime;Nous avons \u00e9t\u00e9 surpris que M. Peskov [fasse] une proposition aux autorit\u00e9s fran\u00e7aises\u00a0\u00bb d\u00e9taille Brigitte Vinatier, m\u00e8re du chercheur fran\u00e7ais emprisonn\u00e9 en Russie<\/a><a href=\"https:\/\/www.bfmtv.com\/international\/asie\/russie\/video-la-russie-a-fait-une-proposition-a-la-france-sur-le-chercheur-emprisonne-laurent-vinatier_VN-202512250267.html\" title=\"La Russie a fait une &quot;proposition&quot; \u00e0 la France sur le chercheur emprisonn\u00e9 Laurent Vinatier\" target=\"_blank\" rel=\"noopener\"><img width=\"16\" height=\"9\" class=\"lozad\"  alt=\"La Russie a fait une &quot;proposition&quot; \u00e0 la France sur le chercheur emprisonn\u00e9 Laurent Vinatier\"\/>1:56La Russie a fait une \u00ab\u00a0proposition\u00a0\u00bb \u00e0 la France sur le chercheur emprisonn\u00e9 Laurent Vinatier<\/a><a href=\"https:\/\/www.bfmtv.com\/international\/asie\/russie\/video-il-va-bien-il-est-resilient-assure-brigitte-vinatier-mere-de-laurent-vinatier-emprisonne-en-russie_VN-202512250262.html\" title=\"&quot;Il va bien, il est r\u00e9silient&quot;, assure Brigitte Vinatier, m\u00e8re de Laurent Vinatier emprisonn\u00e9 en Russie\" target=\"_blank\" rel=\"noopener\"><img width=\"16\" height=\"9\" class=\"lozad\"  alt=\"&quot;Il va bien, il est r\u00e9silient&quot;, assure Brigitte Vinatier, m\u00e8re de Laurent Vinatier emprisonn\u00e9 en Russie\"\/>1:28&Prime;Il va bien, il est r\u00e9silient\u00a0\u00bb, assure Brigitte Vinatier, m\u00e8re de Laurent Vinatier emprisonn\u00e9 en Russie<\/a><a href=\"https:\/\/www.bfmtv.com\/international\/asie\/russie\/video-notre-espoir-c-est-de-revoir-notre-fils-laurent-le-plus-vite-possible-affirme-brigitte-vinatier-mere-du-chercheur-francais-emprisonne-en-russie_VN-202512250260.html\" title=\"&quot;Notre espoir c&#039;est de revoir notre fils, Laurent, le plus vite possible&quot;, affirme Brigitte Vinatier, m\u00e8re du chercheur fran\u00e7ais emprisonn\u00e9 en Russie\" target=\"_blank\" rel=\"noopener\"><img width=\"16\" height=\"9\" class=\"lozad\"  alt=\"&quot;Notre espoir c'est de revoir notre fils, Laurent, le plus vite possible&quot;, affirme Brigitte Vinatier, m\u00e8re du chercheur fran\u00e7ais emprisonn\u00e9 en Russie\"\/>2:17&Prime;Notre espoir c&rsquo;est de revoir notre fils, Laurent, le plus vite possible\u00a0\u00bb, affirme Brigitte Vinatier, m\u00e8re du chercheur fran\u00e7ais emprisonn\u00e9 en Russie<\/a><a href=\"https:\/\/www.bfmtv.com\/international\/asie\/russie\/video-le-pape-appelle-l-ukraine-et-la-russie-a-trouver-le-courage-de-dialoguer-directement_VN-202512250245.html\" title=\"Le pape appelle l&#039;Ukraine et la Russie \u00e0 trouver le &quot;courage&quot; de dialoguer directement\" target=\"_blank\" rel=\"noopener\"><img width=\"16\" height=\"9\" class=\"lozad\"  alt=\"Le pape appelle l'Ukraine et la Russie \u00e0 trouver le &quot;courage&quot; de dialoguer directement\"\/>0:39Le pape appelle l&rsquo;Ukraine et la Russie \u00e0 trouver le \u00ab\u00a0courage\u00a0\u00bb de dialoguer directement<\/a><a href=\"https:\/\/www.bfmtv.com\/replay-emissions\/bfm-story\/video-marshall-truchot-paix-en-ukraine-ce-que-contient-le-plan-americain-24-12_VN-202512240503.html\" title=\"Marshall Truchot : Paix en Ukraine, ce que contient le plan am\u00e9ricain - 24\/12\" target=\"_blank\" rel=\"noopener\"><img width=\"16\" height=\"9\" class=\"lozad\"  alt=\"Marshall Truchot : Paix en Ukraine, ce que contient le plan am\u00e9ricain - 24\/12\"\/>2:36Marshall Truchot : Paix en Ukraine, ce que contient le plan am\u00e9ricain &#8211; 24\/12<\/a><a href=\"https:\/\/www.bfmtv.com\/international\/asie\/russie\/video-moscou-deux-policiers-tues-par-un-engin-explosif-pres-du-lieu-ou-est-mort-un-general-russe-lundi_VN-202512240276.html\" title=\"Moscou: deux policiers tu\u00e9s par un engin explosif pr\u00e8s du lieu o\u00f9 est mort un g\u00e9n\u00e9ral russe lundi \" target=\"_blank\" rel=\"noopener\"><img width=\"16\" height=\"9\" class=\"lozad\"  alt=\"Moscou: deux policiers tu\u00e9s par un engin explosif pr\u00e8s du lieu o\u00f9 est mort un g\u00e9n\u00e9ral russe lundi \"\/>0:36Moscou: deux policiers tu\u00e9s par un engin explosif pr\u00e8s du lieu o\u00f9 est mort un g\u00e9n\u00e9ral russe lundi<\/a><a href=\"https:\/\/www.bfmtv.com\/societe\/video-qui-sont-les-hackers-pro-russes-qui-revendiquent-la-cyberattaque-de-la-poste_VN-202512240157.html\" title=\"Qui sont les hackers pro-russes qui revendiquent la cyberattaque de La Poste ?\" target=\"_blank\" rel=\"noopener\"><img width=\"16\" height=\"9\" class=\"lozad\"  alt=\"Qui sont les hackers pro-russes qui revendiquent la cyberattaque de La Poste ?\"\/>1:24Qui sont les hackers pro-russes qui revendiquent la cyberattaque de La Poste ?<\/a><a href=\"https:\/\/www.bfmtv.com\/societe\/video-la-poste-en-panne-un-groupe-de-hackers-pro-russe-revendique-la-cyberattaque_VN-202512240045.html\" title=\"La Poste en panne: un groupe de hackers pro-russe revendique la cyberattaque\" target=\"_blank\" rel=\"noopener\"><img width=\"16\" height=\"9\" class=\"lozad\"  alt=\"La Poste en panne: un groupe de hackers pro-russe revendique la cyberattaque\"\/>1:19La Poste en panne: un groupe de hackers pro-russe revendique la cyberattaque<\/a><a href=\"https:\/\/www.bfmtv.com\/replay-emissions\/bfm-grand-soir\/video-la-poste-des-hackers-pro-russes-revendiquent-l-attaque-23-12_VN-202512230740.html\" title=\"La poste : des hackers pro-russes revendiquent l&#039;attaque - 23\/12\" target=\"_blank\" rel=\"noopener\"><img width=\"16\" height=\"9\" class=\"lozad\"  alt=\"La poste : des hackers pro-russes revendiquent l'attaque - 23\/12\"\/>1:43La poste : des hackers pro-russes revendiquent l&rsquo;attaque &#8211; 23\/12<\/a><a class=\"jumpToVideo\" target=\"_blank\"><img class=\"thumbnailPreview\"\/><\/a><\/p>\n","protected":false},"excerpt":{"rendered":"Propos de Volodymyr Zelensky \u00e0 Vladimir Poutine: \u00ab\u00a0Ce qui me frappe, c&rsquo;est la violence du propos\u00a0\u00bb, d\u00e9clare Jean&hellip;\n","protected":false},"author":2,"featured_media":622390,"comment_status":"","ping_status":"","sticky":false,"template":"","format":"standard","meta":{"footnotes":""},"categories":[1591],"tags":[11,1887,12,1885,1886,132],"class_list":{"0":"post-622389","1":"post","2":"type-post","3":"status-publish","4":"format-standard","5":"has-post-thumbnail","7":"category-russie","8":"tag-actualites","9":"tag-federation-de-russie","10":"tag-news","11":"tag-russia","12":"tag-russian-federation","13":"tag-russie"},"share_on_mastodon":{"url":"https:\/\/pubeurope.com\/@fr\/115783041368293416","error":""},"_links":{"self":[{"href":"https:\/\/www.europesays.com\/fr\/wp-json\/wp\/v2\/posts\/622389","targetHints":{"allow":["GET"]}}],"collection":[{"href":"https:\/\/www.europesays.com\/fr\/wp-json\/wp\/v2\/posts"}],"about":[{"href":"https:\/\/www.europesays.com\/fr\/wp-json\/wp\/v2\/types\/post"}],"author":[{"embeddable":true,"href":"https:\/\/www.europesays.com\/fr\/wp-json\/wp\/v2\/users\/2"}],"replies":[{"embeddable":true,"href":"https:\/\/www.europesays.com\/fr\/wp-json\/wp\/v2\/comments?post=622389"}],"version-history":[{"count":0,"href":"https:\/\/www.europesays.com\/fr\/wp-json\/wp\/v2\/posts\/622389\/revisions"}],"wp:featuredmedia":[{"embeddable":true,"href":"https:\/\/www.europesays.com\/fr\/wp-json\/wp\/v2\/media\/622390"}],"wp:attachment":[{"href":"https:\/\/www.europesays.com\/fr\/wp-json\/wp\/v2\/media?parent=622389"}],"wp:term":[{"taxonomy":"category","embeddable":true,"href":"https:\/\/www.europesays.com\/fr\/wp-json\/wp\/v2\/categories?post=622389"},{"taxonomy":"post_tag","embeddable":true,"href":"https:\/\/www.europesays.com\/fr\/wp-json\/wp\/v2\/tags?post=622389"}],"curies":[{"name":"wp","href":"https:\/\/api.w.org\/{rel}","templated":true}]}}