{"id":622391,"date":"2025-12-26T00:29:19","date_gmt":"2025-12-26T00:29:19","guid":{"rendered":"https:\/\/www.europesays.com\/fr\/622391\/"},"modified":"2025-12-26T00:29:19","modified_gmt":"2025-12-26T00:29:19","slug":"ukraine-poursuite-des-combats-dans-la-region-de-donetsk-de-nombreux-parents-et-enfants-evacues","status":"publish","type":"post","link":"https:\/\/www.europesays.com\/fr\/622391\/","title":{"rendered":"Ukraine: poursuite des combats dans la r\u00e9gion de Donetsk, de nombreux parents et enfants \u00e9vacu\u00e9s"},"content":{"rendered":"<p class=\"mb-4 text-lg md:leading-8 break-words\">Avec notre correspondante \u00e0 Kharkiv, <strong>Emmanuelle Chaze\u00a0<\/strong><\/p>\n<p class=\"mb-4 text-lg md:leading-8 break-words\">Il y aurait encore plus de 12 400 enfants dans le tiers de la <a href=\"https:\/\/www.rfi.fr\/fr\/podcasts\/invit\u00e9-international\/20251212-ukraine-donbass-la-population-consid\u00e8re-que-si-cette-r\u00e9gion-\u00e9tait-l\u00e2ch\u00e9e-ce-serait-comme-une-capitulation\" rel=\"nofollow noopener\" target=\"_blank\" data-ylk=\"slk:r\u00e9gion de Donetsk;elm:context_link;itc:0;sec:content-canvas\" class=\"link \"><strong>r\u00e9gion de Donetsk<\/strong><\/a> encore sous contr\u00f4le ukrainien, selon Yulia Ryshakova, responsable locale des services \u00e0 l&rsquo;enfance. Pr\u00e8s de 800 d&rsquo;entre eux vivent dans des communes devenues trop dangereuses pour les civils, dont Druzhkiva, pr\u00e8s de Kramatorsk. Druzhkiva comptait\u00a054 000 habitants avant-guerre, mais se vide de ses habitants face aux avanc\u00e9es russes et aux menaces constantes de bombardements.<\/p>\n<p class=\"mb-4 text-lg md:leading-8 break-words\">Les moins de 18 ans sont \u00e9vacu\u00e9s avec leurs parents ou repr\u00e9sentant l\u00e9gal par les services de secours ukrainiens, mais aussi avec l&rsquo;aide de travailleurs humanitaires et de l&rsquo;arm\u00e9e.<\/p>\n<p class=\"mb-4 text-lg md:leading-8 break-words\">\u00c0 lire aussi<a href=\"https:\/\/fr.news.yahoo.com\/ukraine-larm%C3%A9e-retire-localit%C3%A9-strat%C3%A9gique-191827605.html\" class=\"link  yahoo-link\" data-ylk=\"slk:Ukraine: l&#039;arm\u00e9e se retire de la localit\u00e9 strat\u00e9gique de Siversk au profit de la Russie;elm:context_link;itc:0;sec:content-canvas;outcm:mb_qualified_link;_E:mb_qualified_link;ct:story;\" target=\"_blank\" rel=\"noopener\">Ukraine: l&rsquo;arm\u00e9e se retire de la localit\u00e9 strat\u00e9gique de Siversk au profit de la Russie<\/a><\/p>\n<p>L&rsquo;omnipr\u00e9sence des drones russes<\/p>\n<p class=\"mb-4 text-lg md:leading-8 break-words\">Ces \u00e9vacuations sont rendues difficiles par l&rsquo;omnipr\u00e9sence des drones russes. Une fois arriv\u00e9s dans des centres de transit, ces enfants sont achemin\u00e9s vers des r\u00e9gions plus s\u00fbres.<\/p>\n<p class=\"mb-4 text-lg md:leading-8 break-words\">Depuis l&rsquo;invasion \u00e0 grande \u00e9chelle de l&rsquo;<a href=\"https:\/\/www.rfi.fr\/fr\/tag\/ukraine\/\" rel=\"nofollow noopener\" target=\"_blank\" data-ylk=\"slk:Ukraine;elm:context_link;itc:0;sec:content-canvas\" class=\"link \"><strong>Ukraine<\/strong><\/a> par la <a href=\"https:\/\/www.rfi.fr\/fr\/tag\/russie\/\" rel=\"nofollow noopener\" target=\"_blank\" data-ylk=\"slk:Russie;elm:context_link;itc:0;sec:content-canvas\" class=\"link \"><strong>Russie<\/strong><\/a>, la seule r\u00e9gion de Donetsk a vu plus de 1,2 million d&rsquo;habitants fuir les combats, dont plus de 202 000 enfants. Ceux qui restent grandissent dans un environnement d\u00e9grad\u00e9, sous le danger constant du feu russe et sans acc\u00e8s \u00e0 une \u00e9cole en pr\u00e9sentiel.<\/p>\n<p class=\"mb-4 text-lg md:leading-8 break-words\">\u00c0 lire aussi<a href=\"https:\/\/fr.news.yahoo.com\/civils-ukrainiens-cibl%C3%A9s-drones-russes-082044066.html\" class=\"link  yahoo-link\" data-ylk=\"slk:Les civils ukrainiens de plus en plus cibl\u00e9s par les drones russes, alerte l&#039;ONU;elm:context_link;itc:0;sec:content-canvas;outcm:mb_qualified_link;_E:mb_qualified_link;ct:story;\" target=\"_blank\" rel=\"noopener\">Les civils ukrainiens de plus en plus cibl\u00e9s par les drones russes, alerte l&rsquo;ONU<\/a><\/p>\n<p class=\"mb-4 text-lg md:leading-8 break-words\">\u00a0<\/p>\n","protected":false},"excerpt":{"rendered":"Avec notre correspondante \u00e0 Kharkiv, Emmanuelle Chaze\u00a0 Il y aurait encore plus de 12 400 enfants dans le&hellip;\n","protected":false},"author":2,"featured_media":622392,"comment_status":"","ping_status":"","sticky":false,"template":"","format":"standard","meta":{"footnotes":""},"categories":[1590],"tags":[11,29539,1719,1777,674,12,220,73176],"class_list":{"0":"post-622391","1":"post","2":"type-post","3":"status-publish","4":"format-standard","5":"has-post-thumbnail","7":"category-ukraine","8":"tag-actualites","9":"tag-donetsk","10":"tag-enfants","11":"tag-eu","12":"tag-europe","13":"tag-news","14":"tag-ukraine","15":"tag-yulia-ryshakova"},"share_on_mastodon":{"url":"https:\/\/pubeurope.com\/@fr\/115783045176866716","error":""},"_links":{"self":[{"href":"https:\/\/www.europesays.com\/fr\/wp-json\/wp\/v2\/posts\/622391","targetHints":{"allow":["GET"]}}],"collection":[{"href":"https:\/\/www.europesays.com\/fr\/wp-json\/wp\/v2\/posts"}],"about":[{"href":"https:\/\/www.europesays.com\/fr\/wp-json\/wp\/v2\/types\/post"}],"author":[{"embeddable":true,"href":"https:\/\/www.europesays.com\/fr\/wp-json\/wp\/v2\/users\/2"}],"replies":[{"embeddable":true,"href":"https:\/\/www.europesays.com\/fr\/wp-json\/wp\/v2\/comments?post=622391"}],"version-history":[{"count":0,"href":"https:\/\/www.europesays.com\/fr\/wp-json\/wp\/v2\/posts\/622391\/revisions"}],"wp:featuredmedia":[{"embeddable":true,"href":"https:\/\/www.europesays.com\/fr\/wp-json\/wp\/v2\/media\/622392"}],"wp:attachment":[{"href":"https:\/\/www.europesays.com\/fr\/wp-json\/wp\/v2\/media?parent=622391"}],"wp:term":[{"taxonomy":"category","embeddable":true,"href":"https:\/\/www.europesays.com\/fr\/wp-json\/wp\/v2\/categories?post=622391"},{"taxonomy":"post_tag","embeddable":true,"href":"https:\/\/www.europesays.com\/fr\/wp-json\/wp\/v2\/tags?post=622391"}],"curies":[{"name":"wp","href":"https:\/\/api.w.org\/{rel}","templated":true}]}}