{"id":622393,"date":"2025-12-26T00:30:20","date_gmt":"2025-12-26T00:30:20","guid":{"rendered":"https:\/\/www.europesays.com\/fr\/622393\/"},"modified":"2025-12-26T00:30:20","modified_gmt":"2025-12-26T00:30:20","slug":"les-etats-unis-ont-mene-des-frappes-au-nigeria-contre-le-groupe-etat-islamique-dit-donald-trump","status":"publish","type":"post","link":"https:\/\/www.europesays.com\/fr\/622393\/","title":{"rendered":"Les \u00c9tats-Unis ont men\u00e9 des frappes au Nigeria contre le groupe \u00c9tat islamique, dit Donald Trump"},"content":{"rendered":"<p class=\"mb-4 text-lg md:leading-8 break-words\">Le pr\u00e9sident am\u00e9ricain Donald Trump a annonc\u00e9 jeudi 25 d\u00e9cembre que les \u00c9tats-Unis avaient men\u00e9 de \u00ab nombreuses \u00bb frappes meurtri\u00e8res contre l&rsquo;\u00c9tat islamique dans le nord-ouest du Nigeria, et a promis de nouvelles attaques si l&rsquo;organisation continue de tuer des chr\u00e9tiens dans le pays.<\/p>\n<p class=\"mb-4 text-lg md:leading-8 break-words\">\u00ab J&rsquo;avais pr\u00e9c\u00e9demment pr\u00e9venu ces terroristes que s&rsquo;ils n&rsquo;arr\u00eataient pas le massacre de chr\u00e9tiens, ils allaient le payer cher, et ce soir, ils ont pay\u00e9 \u00bb, a d\u00e9clar\u00e9 Donald Trump sur sa plateforme Truth Social, ajoutant que le \u00ab minist\u00e8re de la Guerre a r\u00e9alis\u00e9 de nombreuses frappes parfaites \u00bb.<\/p>\n<p class=\"mb-4 text-lg md:leading-8 break-words\">\u00ab\u00a0Ce soir, sur mes ordres en tant \u200dque Commandant en chef, les \u00c9tats-Unis ont lanc\u00e9 une frappe puissante et meurtri\u00e8re dans le nord-ouest du \u200bNigeria contre la vermine terroriste de Daech, qui a vis\u00e9 \u200bet sauvagement tu\u00e9, principalement, des chr\u00e9tiens innocents, \u00e0 des niveaux jamais vus depuis de nombreuses ann\u00e9es, voire m\u00eame des si\u00e8cles ! \u00bb, a \u00e9crit Donald Trump sur son r\u00e9seau social Truth.<\/p>\n<p class=\"mb-4 text-lg md:leading-8 break-words\">\u00ab\u00a0Le commandement de l&rsquo;arm\u00e9e am\u00e9ricaine en Afrique a d\u00e9clar\u00e9 via le r\u00e9seau social X que la frappe a \u00e9t\u00e9 lanc\u00e9e \u00e0 la demande des autorit\u00e9s nig\u00e9rianes. Plusieurs combattants de \u200dl&rsquo;EI ont \u00e9t\u00e9 tu\u00e9s dans l&rsquo;\u00c9tat de Sokoto\u00a0\u00bb, a-t-il ajout\u00e9.\u00a0Le chef du Pentagone, Pete Hegseth, s&rsquo;est dit \u00ab\u00a0reconnaissant pour le soutien et la coop\u00e9ration du gouvernement nig\u00e9rian \u00bb, saluant l&rsquo;action de son minist\u00e8re.<\/p>\n<p class=\"mb-4 text-lg md:leading-8 break-words\">Ces assauts marquent la premi\u00e8re intervention militaire am\u00e9ricaine dans le pays le plus peupl\u00e9 d&rsquo;Afrique sous Donald Trump. Le pr\u00e9sisent am\u00e9ricain\u00a0avertit depuis fin octobre sur ce qu&rsquo;il pr\u00e9sente comme une \u00ab\u00a0menace \u200bexistentielle \u00bb pour la chr\u00e9tient\u00e9 au Nigeria. Il a dit par le pass\u00e9 envisager d&rsquo;intervenir militairement dans le pays d&rsquo;Afrique de l&rsquo;Ouest, reprochant aux autorit\u00e9s locales leur \u200cinefficacit\u00e9 dans la lutte contre les violences commises contre les communaut\u00e9s chr\u00e9tiennes.<\/p>\n<p>Une intervention pr\u00e9par\u00e9e par Washington<\/p>\n<p class=\"mb-4 text-lg md:leading-8 break-words\">Le 22 d\u00e9cembre, Reuters rapportait que Washington avait commenc\u00e9 \u200den novembre \u00e0 effectuer des vols de collecte de renseignements au-dessus de grandes parties du territoire nig\u00e9rian. Le gouvernement nig\u00e9rian a d\u00e9clar\u00e9 par le pass\u00e9 que les groupes arm\u00e9s s&rsquo;attaquaient \u00e0 la fois aux musulmans et aux chr\u00e9tiens, estimant que l&rsquo;id\u00e9e avanc\u00e9e par Washington d&rsquo;une pers\u00e9cution des chr\u00e9tiens ne refl\u00e9tait pas la complexit\u00e9 de la situation s\u00e9curitaire \u200det ignorait les efforts d\u00e9ploy\u00e9s pour prot\u00e9ger les libert\u00e9s religieuses.<\/p>\n<p class=\"mb-4 text-lg md:leading-8 break-words\">Abuja a toutefois accept\u00e9 de travailler \u200cavec les \u00c9tats-Unis \u200bpour renforcer ses capacit\u00e9s de lutte contre les groupes arm\u00e9s.\u00a0Le Nigeria est divis\u00e9 de mani\u00e8re \u00e0 peu pr\u00e8s \u00e9gale entre le sud \u00e0 majorit\u00e9 chr\u00e9tienne et le nord \u00e0 majorit\u00e9 musulmane. Il est le th\u00e9\u00e2tre de nombreux conflits qui tuent aussi bien des chr\u00e9tiens que des musulmans, souvent sans distinction. De son c\u00f4t\u00e9, Abuja rejette ces all\u00e9gations de massacres de chr\u00e9tiens.<\/p>\n<p class=\"mb-4 text-lg md:leading-8 break-words\">(Plus d&rsquo;informations \u00e0 venir)<\/p>\n","protected":false},"excerpt":{"rendered":"Le pr\u00e9sident am\u00e9ricain Donald Trump a annonc\u00e9 jeudi 25 d\u00e9cembre que les \u00c9tats-Unis avaient men\u00e9 de \u00ab nombreuses&hellip;\n","protected":false},"author":2,"featured_media":622394,"comment_status":"","ping_status":"","sticky":false,"template":"","format":"standard","meta":{"footnotes":""},"categories":[1589],"tags":[11,75,73,1866,23800,12,4778,1066,1864,1865,1863,308],"class_list":{"0":"post-622393","1":"post","2":"type-post","3":"status-publish","4":"format-standard","5":"has-post-thumbnail","7":"category-etats-unis","8":"tag-actualites","9":"tag-donald-trump","10":"tag-etats-unis","11":"tag-etats-unis-damerique","12":"tag-le-pays","13":"tag-news","14":"tag-nigeria","15":"tag-pete-hegseth","16":"tag-united-states","17":"tag-united-states-of-america","18":"tag-us","19":"tag-usa"},"share_on_mastodon":{"url":"https:\/\/pubeurope.com\/@fr\/115783049178004328","error":""},"_links":{"self":[{"href":"https:\/\/www.europesays.com\/fr\/wp-json\/wp\/v2\/posts\/622393","targetHints":{"allow":["GET"]}}],"collection":[{"href":"https:\/\/www.europesays.com\/fr\/wp-json\/wp\/v2\/posts"}],"about":[{"href":"https:\/\/www.europesays.com\/fr\/wp-json\/wp\/v2\/types\/post"}],"author":[{"embeddable":true,"href":"https:\/\/www.europesays.com\/fr\/wp-json\/wp\/v2\/users\/2"}],"replies":[{"embeddable":true,"href":"https:\/\/www.europesays.com\/fr\/wp-json\/wp\/v2\/comments?post=622393"}],"version-history":[{"count":0,"href":"https:\/\/www.europesays.com\/fr\/wp-json\/wp\/v2\/posts\/622393\/revisions"}],"wp:featuredmedia":[{"embeddable":true,"href":"https:\/\/www.europesays.com\/fr\/wp-json\/wp\/v2\/media\/622394"}],"wp:attachment":[{"href":"https:\/\/www.europesays.com\/fr\/wp-json\/wp\/v2\/media?parent=622393"}],"wp:term":[{"taxonomy":"category","embeddable":true,"href":"https:\/\/www.europesays.com\/fr\/wp-json\/wp\/v2\/categories?post=622393"},{"taxonomy":"post_tag","embeddable":true,"href":"https:\/\/www.europesays.com\/fr\/wp-json\/wp\/v2\/tags?post=622393"}],"curies":[{"name":"wp","href":"https:\/\/api.w.org\/{rel}","templated":true}]}}