{"id":622395,"date":"2025-12-26T00:31:16","date_gmt":"2025-12-26T00:31:16","guid":{"rendered":"https:\/\/www.europesays.com\/fr\/622395\/"},"modified":"2025-12-26T00:31:16","modified_gmt":"2025-12-26T00:31:16","slug":"au-royaume-uni-la-pub-sur-la-malbouffe-bientot-limitee","status":"publish","type":"post","link":"https:\/\/www.europesays.com\/fr\/622395\/","title":{"rendered":"Au Royaume-Uni, la pub sur la malbouffe bient\u00f4t limit\u00e9e"},"content":{"rendered":"<p class=\"shuffle-header__chapo\">Le 5 janvier, au \ud83c\uddec\ud83c\udde7 Royaume-Uni, \u00e7\u2019en sera fini de la pub pour la malbouffe en journ\u00e9e avant 21h \u00e0 la t\u00e9l\u00e9vision ou sur le num\u00e9rique. Une mesure de sant\u00e9 publique dans un pays o\u00f9 pr\u00e8s de 1 enfant sur 5 est ob\u00e8se. Un record en Europe, qui tient notamment \u00e0 une culture alimentaire bien sp\u00e9cifique : le snacking. Mais aussi \u00e0 l\u2019omnipr\u00e9sence de la junk food dans l\u2019espace public, contre laquelle de jeunes militants se sont mobilis\u00e9s.\ud83c\udfa5 Reportage de Gaele Joly, Chadi Romanos#adenough #food #malbouffe<\/p>\n<p>    Publi\u00e9 le 25\/12\/2025 20:00<\/p>\n","protected":false},"excerpt":{"rendered":"Le 5 janvier, au \ud83c\uddec\ud83c\udde7 Royaume-Uni, \u00e7\u2019en sera fini de la pub pour la malbouffe en journ\u00e9e avant&hellip;\n","protected":false},"author":2,"featured_media":622396,"comment_status":"","ping_status":"","sticky":false,"template":"","format":"standard","meta":{"footnotes":""},"categories":[1588],"tags":[11,1777,674,12,473,1853,1851,1850,1852],"class_list":{"0":"post-622395","1":"post","2":"type-post","3":"status-publish","4":"format-standard","5":"has-post-thumbnail","7":"category-royaume-uni","8":"tag-actualites","9":"tag-eu","10":"tag-europe","11":"tag-news","12":"tag-royaume-uni","13":"tag-royaume-uni-de-grande-bretagne-et-dirlande-du-nord","14":"tag-uk","15":"tag-united-kingdom","16":"tag-united-kingdom-of-great-britain-and-northern-ireland"},"share_on_mastodon":{"url":"https:\/\/pubeurope.com\/@fr\/115783053235170317","error":""},"_links":{"self":[{"href":"https:\/\/www.europesays.com\/fr\/wp-json\/wp\/v2\/posts\/622395","targetHints":{"allow":["GET"]}}],"collection":[{"href":"https:\/\/www.europesays.com\/fr\/wp-json\/wp\/v2\/posts"}],"about":[{"href":"https:\/\/www.europesays.com\/fr\/wp-json\/wp\/v2\/types\/post"}],"author":[{"embeddable":true,"href":"https:\/\/www.europesays.com\/fr\/wp-json\/wp\/v2\/users\/2"}],"replies":[{"embeddable":true,"href":"https:\/\/www.europesays.com\/fr\/wp-json\/wp\/v2\/comments?post=622395"}],"version-history":[{"count":0,"href":"https:\/\/www.europesays.com\/fr\/wp-json\/wp\/v2\/posts\/622395\/revisions"}],"wp:featuredmedia":[{"embeddable":true,"href":"https:\/\/www.europesays.com\/fr\/wp-json\/wp\/v2\/media\/622396"}],"wp:attachment":[{"href":"https:\/\/www.europesays.com\/fr\/wp-json\/wp\/v2\/media?parent=622395"}],"wp:term":[{"taxonomy":"category","embeddable":true,"href":"https:\/\/www.europesays.com\/fr\/wp-json\/wp\/v2\/categories?post=622395"},{"taxonomy":"post_tag","embeddable":true,"href":"https:\/\/www.europesays.com\/fr\/wp-json\/wp\/v2\/tags?post=622395"}],"curies":[{"name":"wp","href":"https:\/\/api.w.org\/{rel}","templated":true}]}}