{"id":622397,"date":"2025-12-26T00:32:18","date_gmt":"2025-12-26T00:32:18","guid":{"rendered":"https:\/\/www.europesays.com\/fr\/622397\/"},"modified":"2025-12-26T00:32:18","modified_gmt":"2025-12-26T00:32:18","slug":"larmement-made-in-germany-pourquoi-la-bundeswehr-nachete-pas-seulement-en-allemagne-2","status":"publish","type":"post","link":"https:\/\/www.europesays.com\/fr\/622397\/","title":{"rendered":"L&rsquo;armement made in Germany ? Pourquoi la Bundeswehr n&rsquo;ach\u00e8te pas seulement en Allemagne"},"content":{"rendered":"<p class=\"mb-4 text-lg md:leading-8 break-words\">La Bundeswehr doit s&rsquo;\u00e9quiper &#8211; et rapidement. Le <a href=\"https:\/\/www.bundeswehr.de\/de\/organisation\/ausruestung-baainbw\/aktuelles\/beschaffungen-bilanz-2025-6054598\" rel=\"nofollow noopener\" target=\"_blank\" data-ylk=\"slk:bilan des acquisitions;elm:context_link;itc:0;sec:content-canvas\" class=\"link \">bilan des acquisitions<\/a> de la troupe de 2025 montre que la modernisation a pu \u00eatre avanc\u00e9e malgr\u00e9 des exigences \u00e9lev\u00e9es &#8211; notamment gr\u00e2ce \u00e0 des proc\u00e9dures simplifi\u00e9es et \u00e0 de nombreuses d\u00e9cisions du Bundestag.<\/p>\n<p class=\"mb-4 text-lg md:leading-8 break-words\">Financ\u00e9e principalement par le fonds sp\u00e9cial, la Bundeswehr a r\u00e9alis\u00e9 l&rsquo;ann\u00e9e derni\u00e8re un total de 149 projets d&rsquo;acquisition pour un montant d&rsquo;environ 24 milliards d&rsquo;euros.<\/p>\n<p class=\"mb-4 text-lg md:leading-8 break-words\">De nombreux nouveaux syst\u00e8mes ont d\u00e9j\u00e0 \u00e9t\u00e9 livr\u00e9s ou sont en cours d&rsquo;introduction. L&rsquo;accent a \u00e9t\u00e9 mis sur l&rsquo;arm\u00e9e de terre, avec notamment la poursuite des livraisons du v\u00e9hicule blind\u00e9 de combat d&rsquo;infanterie Puma, fabriqu\u00e9 par les entreprises d&rsquo;armement allemandes KNDS Deutschland et Rheinmetall Landsysteme.<\/p>\n<p class=\"mb-4 text-lg md:leading-8 break-words\">Mais tous les syst\u00e8mes d&rsquo;armes destin\u00e9s \u00e0 la Bundeswehr ne sont pas fabriqu\u00e9s en Allemagne. La majeure partie des commandes d&rsquo;achat doit revenir \u00e0 des fabricants europ\u00e9ens, seuls 8 % environ doivent \u00eatre achet\u00e9s aux Etats-Unis, comme l&rsquo;a d\u00e9j\u00e0 rapport\u00e9 Euronews en septembre.<\/p>\n<p>L\u00e0 o\u00f9 les capacit\u00e9s de l&rsquo;Allemagne atteignent leurs limites<\/p>\n<p class=\"mb-4 text-lg md:leading-8 break-words\">Parmi les syst\u00e8mes d&rsquo;armes qui ne sont pas fabriqu\u00e9s en Allemagne, on trouve notamment les <a href=\"https:\/\/fr.news.yahoo.com\/am%C3%A9ricains-peuvent-vraiment-avoir-contr%C3%B4le-152131199.html\" data-ylk=\"slk:avions de combat F35;elm:context_link;itc:0;sec:content-canvas;outcm:mb_qualified_link;_E:mb_qualified_link;ct:story;\" class=\"link  yahoo-link\" rel=\"nofollow noopener\" target=\"_blank\">avions de combat F35<\/a>, l&rsquo;avion de reconnaissance maritime <a href=\"https:\/\/fr.news.yahoo.com\/poseidon-p-8a-nouvel-avion-155332361.html\" data-ylk=\"slk:P-8A Poseidon;elm:context_link;itc:0;sec:content-canvas;outcm:mb_qualified_link;_E:mb_qualified_link;ct:story;\" class=\"link  yahoo-link\" rel=\"nofollow noopener\" target=\"_blank\">P-8A Poseidon <\/a>pour la marine, les missiles de croisi\u00e8re Tomahawk fabriqu\u00e9s aux \u00c9tats-Unis. Berlin ach\u00e8te \u00e9galement en Europe, comme par exemple le pistolet P8 de l&rsquo;arm\u00e9e allemande, qui est remplac\u00e9 par le CZ P13 tch\u00e8que. Outre les syst\u00e8mes de d\u00e9fense antia\u00e9rienne allemands, comme l&rsquo;Iris-T, la Bundeswehr a \u00e9galement achet\u00e9 le <a href=\"https:\/\/fr.news.yahoo.com\/protection-%C3%A0-3-3-milliards-042919978.html\" data-ylk=\"slk:syst\u00e8me de d\u00e9fense antimissile Arrow-3;elm:context_link;itc:0;sec:content-canvas;outcm:mb_qualified_link;_E:mb_qualified_link;ct:story;\" class=\"link  yahoo-link\" rel=\"nofollow noopener\" target=\"_blank\">syst\u00e8me de d\u00e9fense antimissile Arrow-3<\/a>, produit dans le cadre d&rsquo;une coop\u00e9ration entre les \u00c9tats-Unis et Isra\u00ebl.<\/p>\n<p class=\"mb-4 text-lg md:leading-8 break-words\">Pour la Bundeswehr, ces syst\u00e8mes sont d&rsquo;une importance \u00e9norme, comme par exemple l&rsquo;avion de combat F35, qui ne peut pas \u00eatre produit en dehors des \u00c9tats-Unis en raison des technologies hautement complexes et confidentielles. De plus, des installations de production sp\u00e9ciales, des restrictions l\u00e9gales \u00e0 l&rsquo;exportation (ITAR) et des int\u00e9r\u00eats strat\u00e9giques emp\u00eachent \u00e9galement la fabrication de l&rsquo;avion de combat \u00e0 l&rsquo;\u00e9tranger.<\/p>\n<p><img alt=\"Un avion de combat F35 de l'arm\u00e9e de l'air australienne lors de l'exercice &quot;Talisman Sabre 2025&quot;, 14 juillet 2025.\" loading=\"lazy\" width=\"808\" height=\"454\" decoding=\"async\" data-nimg=\"1\" class=\"rounded-lg\" style=\"color:transparent\" src=\"https:\/\/www.europesays.com\/fr\/wp-content\/uploads\/2025\/12\/664b7f4d4a81527defcd710989258271.jpeg\"\/><\/p>\n<p> Un avion de combat F35 de l&rsquo;arm\u00e9e de l&rsquo;air australienne lors de l&rsquo;exercice \u00ab\u00a0Talisman Sabre 2025\u00a0\u00bb, 14 juillet 2025.   &#8211; Rick Rycroft\/Copyright 2025 The AP. All rights reserved <\/p>\n<p class=\"mb-4 text-lg md:leading-8 break-words\">La question de savoir si des jets europ\u00e9ens, comme le <a href=\"https:\/\/fr.news.yahoo.com\/existe-t-avion-combat-europ%C3%A9en-044941695.html\" data-ylk=\"slk:Gripen;elm:context_link;itc:0;sec:content-canvas;outcm:mb_qualified_link;_E:mb_qualified_link;ct:story;\" class=\"link  yahoo-link\" rel=\"nofollow noopener\" target=\"_blank\">Gripen<\/a> su\u00e9dois, peuvent remplacer le F-35 a d\u00e9j\u00e0 \u00e9t\u00e9 soulev\u00e9e. Mais cela n&rsquo;est pas aussi simple qu&rsquo;il n&rsquo;y para\u00eet : Selon les rapports, le F-35A &#8211; c&rsquo;est-\u00e0-dire le mod\u00e8le que recevra \u00e9galement l&rsquo;arm\u00e9e allemande &#8211; est certifi\u00e9 pour porter la bombe atomique am\u00e9ricaine B61-12. Le jet est donc capable de porter des armes conventionnelles et nucl\u00e9aires et est consid\u00e9r\u00e9, dans le cadre de la division nucl\u00e9aire de l&rsquo;OTAN, comme une plateforme potentielle pour remplacer les anciens avions capables de transporter des armes nucl\u00e9aires comme le Tornado.<\/p>\n<p class=\"mb-4 text-lg md:leading-8 break-words\">Une autre alternative devrait \u00eatre le Future Combat Air System <a href=\"https:\/\/de.euronews.com\/2022\/11\/18\/luftkampfsystem-fcas-frankreich-deutschland-spanien-einigen-sich\" rel=\"nofollow noopener\" target=\"_blank\" data-ylk=\"slk:(FCAS;elm:context_link;itc:0;sec:content-canvas\" class=\"link \">(FCAS<\/a> &#8211; en allemand) franco-germano-espagnol, qui devrait red\u00e9finir le \u00ab\u00a0combat a\u00e9rien du futur\u00a0\u00bb tout en pr\u00e9servant l&rsquo;ind\u00e9pendance vis-\u00e0-vis des partenaires extra-europ\u00e9ens.<\/p>\n<p class=\"mb-4 text-lg md:leading-8 break-words\">Toutefois, le projet se trouve toujours dans une phase difficile : bien que les trois pays s&rsquo;en tiennent politiquement au projet, des conflits industriels persistants, notamment entre Airbus et Dassault Aviation, concernant les r\u00f4les de leader et les parts de travail sur le Next Generation Fighter, retardent les progr\u00e8s.<\/p>\n<p class=\"mb-4 text-lg md:leading-8 break-words\"><b class=\"c-widget-related__title__text\">Related<\/b><\/p>\n<p class=\"mb-4 text-lg md:leading-8 break-words\">L&rsquo;objectif du FCAS n&rsquo;est pas un avion de combat unique, mais un \u00ab\u00a0syst\u00e8me de syst\u00e8mes\u00a0\u00bb en r\u00e9seau compos\u00e9 d&rsquo;un avion de combat pilot\u00e9, de drones d&rsquo;accompagnement sans pilote et d&rsquo;un nuage de combat num\u00e9rique. Le premier vol du nouveau jet est pr\u00e9vu au plus t\u00f4t vers 2030, la maturit\u00e9 op\u00e9rationnelle plut\u00f4t \u00e0 partir de 2040. Il n&rsquo;est toutefois pas certain que le calendrier et les co\u00fbts puissent \u00eatre respect\u00e9s.<\/p>\n<p>Un exercice d&rsquo;\u00e9quilibre politique<\/p>\n<p class=\"mb-4 text-lg md:leading-8 break-words\">Certes, pr\u00e8s de 80 pour cent des biens d&rsquo;armement sont achet\u00e9s en Allemagne, mais une ind\u00e9pendance totale est \u00e9galement difficile \u00e0 obtenir sur le plan politique.<\/p>\n<p class=\"mb-4 text-lg md:leading-8 break-words\">Lors d&rsquo;une r\u00e9union de l&rsquo;OTAN d\u00e9but d\u00e9cembre, le secr\u00e9taire d&rsquo;\u00c9tat adjoint am\u00e9ricain Christopher Landau a critiqu\u00e9 les pays europ\u00e9ens pour avoir privil\u00e9gi\u00e9 leur propre industrie de l&rsquo;armement par rapport aux fournisseurs am\u00e9ricains. Il a demand\u00e9 \u00e0 l&rsquo;Europe de traduire ses d\u00e9penses de d\u00e9fense en capacit\u00e9s op\u00e9rationnelles et de ne pas exclure les entreprises am\u00e9ricaines du march\u00e9.<\/p>\n<p class=\"mb-4 text-lg md:leading-8 break-words\">De m\u00eame, la <a href=\"https:\/\/www.whitehouse.gov\/wp-content\/uploads\/2025\/12\/2025-National-Security-Strategy.pdf\" rel=\"nofollow noopener\" target=\"_blank\" data-ylk=\"slk:strat\u00e9gie de s\u00e9curit\u00e9 nationale;elm:context_link;itc:0;sec:content-canvas\" class=\"link \">strat\u00e9gie de s\u00e9curit\u00e9 nationale<\/a> am\u00e9ricaine r\u00e9cemment publi\u00e9e stipule que \u00ab\u00a0des alliances militaires aux relations commerciales et au-del\u00e0, les \u00c9tats-Unis insisteront pour \u00eatre trait\u00e9s \u00e9quitablement par les autres pays. Nous ne tol\u00e9rerons plus, et ne pouvons plus nous permettre, les passe-droits, les d\u00e9s\u00e9quilibres commerciaux, les pratiques \u00e9conomiques pr\u00e9datrices et autres impositions qui affectent la bonne volont\u00e9 historique de notre nation et nuisent \u00e0 nos int\u00e9r\u00eats\u00a0\u00bb.<\/p>\n<p class=\"mb-4 text-lg md:leading-8 break-words\">Dans une interview accord\u00e9e \u00e0 Euronews, Ben Hodges, lieutenant g\u00e9n\u00e9ral \u00e0 la retraite de l&rsquo;arm\u00e9e am\u00e9ricaine, a d\u00e9clar\u00e9 que \u00ab\u00a0l&rsquo;endroit o\u00f9 l&rsquo;Allemagne ach\u00e8te ses \u00e9quipements militaires devrait d\u00e9pendre en premier lieu de ce qui donne \u00e0 la Bundeswehr la meilleure capacit\u00e9\u00a0\u00bb. Mais il reconna\u00eet qu&rsquo;il existe des syst\u00e8mes que l&rsquo;Allemagne n&rsquo;est actuellement pas en mesure &#8211; ou pas pr\u00eate &#8211; \u00e0 produire.<\/p>\n<p class=\"mb-4 text-lg md:leading-8 break-words\"><b class=\"c-widget-related__title__text\">Related<\/b><\/p>\n<p class=\"mb-4 text-lg md:leading-8 break-words\">Le Dr Christian M\u00f6lling, expert en s\u00e9curit\u00e9, explique en outre au journal Bild qu&rsquo;une production pure et simple en Allemagne n&rsquo;est pas non plus possible pour des raisons de temps. Si le nouveau pistolet destin\u00e9 \u00e0 la troupe avait d\u00fb \u00eatre fabriqu\u00e9 en Allemagne, cela aurait n\u00e9cessit\u00e9 de nouvelles usines, des prestations pr\u00e9alables de l&rsquo;\u00c9tat et du temps.<\/p>\n<p>Standardisation de la capacit\u00e9 de d\u00e9fense europ\u00e9enne<\/p>\n<p class=\"mb-4 text-lg md:leading-8 break-words\">Une autre raison pour les achats europ\u00e9ens est le souhait d&rsquo;une plus grande uniformit\u00e9 et d&rsquo;une meilleure coop\u00e9ration entre les forces arm\u00e9es europ\u00e9ennes.<\/p>\n<p class=\"mb-4 text-lg md:leading-8 break-words\">C&rsquo;est pourquoi l&rsquo;UE encourage l&rsquo;achat en commun de mat\u00e9riel militaire afin d&rsquo;uniformiser les \u00e9quipements europ\u00e9ens, jusqu&rsquo;ici tr\u00e8s fragment\u00e9s, et de supprimer les structures en double. Si plusieurs arm\u00e9es utilisent les m\u00eames syst\u00e8mes ou des syst\u00e8mes compatibles, cela facilite consid\u00e9rablement les interventions communes.<\/p>\n<p class=\"mb-4 text-lg md:leading-8 break-words\">En cons\u00e9quence, des programmes comme EDIRPA ou le <a href=\"https:\/\/fr.news.yahoo.com\/r-d-d%C3%A9fense-europ%C3%A9enne-explose-090028391.html\" data-ylk=\"slk:European Defence Industry Programme;elm:context_link;itc:0;sec:content-canvas;outcm:mb_qualified_link;_E:mb_qualified_link;ct:story;\" class=\"link  yahoo-link\" rel=\"nofollow noopener\" target=\"_blank\">European Defence Industry Programme<\/a> (EDIP) doivent inciter les \u00c9tats membres \u00e0 ne plus acheter de mani\u00e8re isol\u00e9e au niveau national, mais \u00e0 investir ensemble.<\/p>\n<p class=\"mb-4 text-lg md:leading-8 break-words\">L&rsquo;objectif est d&rsquo;avoir une industrie europ\u00e9enne de l&rsquo;armement mieux coordonn\u00e9e et des syst\u00e8mes d&rsquo;armes techniquement harmonis\u00e9s. A long terme, selon la strat\u00e9gie de l&rsquo;UE, cela renforce non seulement l&rsquo;efficacit\u00e9 et la solidarit\u00e9, mais aussi l&rsquo;int\u00e9gration militaire de l&rsquo;Europe et la capacit\u00e9 de d\u00e9fense commune.<\/p>\n","protected":false},"excerpt":{"rendered":"La Bundeswehr doit s&rsquo;\u00e9quiper &#8211; et rapidement. Le bilan des acquisitions de la troupe de 2025 montre que&hellip;\n","protected":false},"author":2,"featured_media":622398,"comment_status":"","ping_status":"","sticky":false,"template":"","format":"standard","meta":{"footnotes":""},"categories":[1587],"tags":[11,672,40663,1804,7694,1805,1803,1777,674,1801,73179,73177,73178,12,1802],"class_list":{"0":"post-622397","1":"post","2":"type-post","3":"status-publish","4":"format-standard","5":"has-post-thumbnail","7":"category-allemagne","8":"tag-actualites","9":"tag-allemagne","10":"tag-avion-de-combat","11":"tag-bundesrepublik-deutschland","12":"tag-bundeswehr","13":"tag-de","14":"tag-deutschland","15":"tag-eu","16":"tag-europe","17":"tag-germany","18":"tag-l39armee-de-terre","19":"tag-la-capacite-de-defense","20":"tag-la-modernisation","21":"tag-news","22":"tag-republique-federale-dallemagne"},"share_on_mastodon":{"url":"https:\/\/pubeurope.com\/@fr\/115783058286535991","error":""},"_links":{"self":[{"href":"https:\/\/www.europesays.com\/fr\/wp-json\/wp\/v2\/posts\/622397","targetHints":{"allow":["GET"]}}],"collection":[{"href":"https:\/\/www.europesays.com\/fr\/wp-json\/wp\/v2\/posts"}],"about":[{"href":"https:\/\/www.europesays.com\/fr\/wp-json\/wp\/v2\/types\/post"}],"author":[{"embeddable":true,"href":"https:\/\/www.europesays.com\/fr\/wp-json\/wp\/v2\/users\/2"}],"replies":[{"embeddable":true,"href":"https:\/\/www.europesays.com\/fr\/wp-json\/wp\/v2\/comments?post=622397"}],"version-history":[{"count":0,"href":"https:\/\/www.europesays.com\/fr\/wp-json\/wp\/v2\/posts\/622397\/revisions"}],"wp:featuredmedia":[{"embeddable":true,"href":"https:\/\/www.europesays.com\/fr\/wp-json\/wp\/v2\/media\/622398"}],"wp:attachment":[{"href":"https:\/\/www.europesays.com\/fr\/wp-json\/wp\/v2\/media?parent=622397"}],"wp:term":[{"taxonomy":"category","embeddable":true,"href":"https:\/\/www.europesays.com\/fr\/wp-json\/wp\/v2\/categories?post=622397"},{"taxonomy":"post_tag","embeddable":true,"href":"https:\/\/www.europesays.com\/fr\/wp-json\/wp\/v2\/tags?post=622397"}],"curies":[{"name":"wp","href":"https:\/\/api.w.org\/{rel}","templated":true}]}}