{"id":622399,"date":"2025-12-26T00:33:20","date_gmt":"2025-12-26T00:33:20","guid":{"rendered":"https:\/\/www.europesays.com\/fr\/622399\/"},"modified":"2025-12-26T00:33:20","modified_gmt":"2025-12-26T00:33:20","slug":"europe-1-thomas-legrand-porte-plainte","status":"publish","type":"post","link":"https:\/\/www.europesays.com\/fr\/622399\/","title":{"rendered":"Europe 1\u00a0: Thomas Legrand porte plainte"},"content":{"rendered":"<p class=\"upper-letter\">La plainte a \u00e9t\u00e9 d\u00e9pos\u00e9e mercredi aupr\u00e8s du parquet de Paris, a pr\u00e9cis\u00e9 Ma\u00eetre Antoine Ricard, confirmant une information du Parisien. Cette plainte \u00e9voque notamment le d\u00e9lit de \u00ab\u00a0captation ill\u00e9gale\u00a0\u00bb de la conversation, la \u00ab\u00a0conservation, divulgation et utilisation de l\u2019enregistrement obtenu de mani\u00e8re illicite\u00a0\u00bb ou encore la \u00ab\u00a0diffusion de fausses nouvelles\u00a0\u00bb.<\/p>\n<p>Jeudi dernier, Thomas Legrand avait d\u00e9nonc\u00e9, devant la commission d\u2019enqu\u00eate de l\u2019Assembl\u00e9e nationale sur l\u2019audiovisuel public, les affirmations r\u00e9p\u00e9t\u00e9es sur Europe 1 \u00e0 propos d\u2019une r\u00e9cente rencontre qu\u2019il avait eue dans un caf\u00e9 avec Laurence Bloch. \u00ab\u00a0Notre discussion a \u00e9t\u00e9 enregistr\u00e9e \u00e0 notre insu\u00a0\u00bb, alors qu\u2019il s\u2019agissait d&rsquo;\u00ab\u00a0un rendez-vous priv\u00e9 entre deux amis\u00a0\u00bb, avait d\u00e9nonc\u00e9 le journaliste, \u00e9voquant un \u00ab\u00a0espionnage\u00a0\u00bb.<\/p>\n<p>Cette nouvelle affaire fait suite \u00e0 celle de <a href=\"https:\/\/www.challenges.fr\/politique\/thomas-legrand-assume-de-soccuper-journalistiquement-de-rachida-dati_623693\" target=\"_blank\" rel=\"noopener\">l\u2019enregistrement clandestin d\u2019une conversation<\/a> entre Thomas\u00a0Legrand, le journaliste Patrick Cohen et des responsables socialistes. La vid\u00e9o a \u00e9t\u00e9 divulgu\u00e9e d\u00e9but septembre par le magazine de droite conservatrice L\u2019Incorrect et a ensuite \u00e9t\u00e9 abondamment comment\u00e9e dans les m\u00e9dias de la galaxie Bollor\u00e9 comme CNews, Europe 1 et le JDD. Cette affaire a \u00e9t\u00e9 le catalyseur d\u2019une guerre ouverte entre l\u2019audiovisuel public et les m\u00e9dias dans le giron de Vincent Bollor\u00e9.<\/p>\n","protected":false},"excerpt":{"rendered":"La plainte a \u00e9t\u00e9 d\u00e9pos\u00e9e mercredi aupr\u00e8s du parquet de Paris, a pr\u00e9cis\u00e9 Ma\u00eetre Antoine Ricard, confirmant une&hellip;\n","protected":false},"author":2,"featured_media":622400,"comment_status":"","ping_status":"","sticky":false,"template":"","format":"standard","meta":{"footnotes":""},"categories":[1586],"tags":[11,1777,674,1473,1011,27,9102,12,25,1022],"class_list":{"0":"post-622399","1":"post","2":"type-post","3":"status-publish","4":"format-standard","5":"has-post-thumbnail","7":"category-europe","8":"tag-actualites","9":"tag-eu","10":"tag-europe","11":"tag-europe-1","12":"tag-fr","13":"tag-france","14":"tag-france-inter","15":"tag-news","16":"tag-republique-francaise","17":"tag-vincent-bollore"},"share_on_mastodon":{"url":"https:\/\/pubeurope.com\/@fr\/115783060906130320","error":""},"_links":{"self":[{"href":"https:\/\/www.europesays.com\/fr\/wp-json\/wp\/v2\/posts\/622399","targetHints":{"allow":["GET"]}}],"collection":[{"href":"https:\/\/www.europesays.com\/fr\/wp-json\/wp\/v2\/posts"}],"about":[{"href":"https:\/\/www.europesays.com\/fr\/wp-json\/wp\/v2\/types\/post"}],"author":[{"embeddable":true,"href":"https:\/\/www.europesays.com\/fr\/wp-json\/wp\/v2\/users\/2"}],"replies":[{"embeddable":true,"href":"https:\/\/www.europesays.com\/fr\/wp-json\/wp\/v2\/comments?post=622399"}],"version-history":[{"count":0,"href":"https:\/\/www.europesays.com\/fr\/wp-json\/wp\/v2\/posts\/622399\/revisions"}],"wp:featuredmedia":[{"embeddable":true,"href":"https:\/\/www.europesays.com\/fr\/wp-json\/wp\/v2\/media\/622400"}],"wp:attachment":[{"href":"https:\/\/www.europesays.com\/fr\/wp-json\/wp\/v2\/media?parent=622399"}],"wp:term":[{"taxonomy":"category","embeddable":true,"href":"https:\/\/www.europesays.com\/fr\/wp-json\/wp\/v2\/categories?post=622399"},{"taxonomy":"post_tag","embeddable":true,"href":"https:\/\/www.europesays.com\/fr\/wp-json\/wp\/v2\/tags?post=622399"}],"curies":[{"name":"wp","href":"https:\/\/api.w.org\/{rel}","templated":true}]}}