{"id":622401,"date":"2025-12-26T00:34:25","date_gmt":"2025-12-26T00:34:25","guid":{"rendered":"https:\/\/www.europesays.com\/fr\/622401\/"},"modified":"2025-12-26T00:34:25","modified_gmt":"2025-12-26T00:34:25","slug":"matthieu-jalibert-jai-eu-une-longue-discussion-avec-galthie","status":"publish","type":"post","link":"https:\/\/www.europesays.com\/fr\/622401\/","title":{"rendered":"Matthieu Jalibert : \u00ab J\u2019ai eu une longue discussion avec Galthi\u00e9 \u00bb"},"content":{"rendered":"<p>\u00c0 mesure que les matchs s\u2019encha\u00eenent, la question devient difficile \u00e0 \u00e9luder : <strong>Matthieu Jalibert<\/strong> peut-il reprendre le flambeau du num\u00e9ro 10 en \u00e9quipe de France, longtemps promis \u00e0 <strong>Romain Ntamack<\/strong> ? L\u2019ouvreur de l\u2019<strong>Union Bordeaux\u2011B\u00e8gles<\/strong>, imp\u00e9rial ces derniers mois, se place au c\u0153ur du d\u00e9bat par la seule force de ses performances.<\/p>\n<p>Les superlatifs pleuvent. \u00ab Encore une masterclass \u00bb, \u00ab sur une autre plan\u00e8te \u00bb, commentent les observateurs apr\u00e8s chaque sortie.<\/p>\n<p>D\u00e9j\u00e0 sacr\u00e9 homme du match \u00e0 deux reprises cet automne en Champions Cup, Jalibert a encore illumin\u00e9 le Top 14 contre Toulon avec une 19e passe d\u00e9cisive sur l\u2019ann\u00e9e civile. Un niveau de jeu port\u00e9 par de nouvelles responsabilit\u00e9s : \u00ab altruisme \u00bb, \u00ab leadership \u00bb, \u00ab envie de donner du carburant \u00e0 l\u2019\u00e9quipe \u00bb, souligne son manager <strong>Yannick Bru<\/strong>.<\/p>\n<p>Pour <strong>Noel McNamara<\/strong>, la question n\u2019est m\u00eame plus sportive mais statistique.<\/p>\n<p>\u00ab Pour moi c\u2019est un des meilleurs 10 du monde, peut-\u00eatre le meilleur, avec sa capacit\u00e9 \u00e0 attaquer l\u2019espace, sa vitesse pas vraiment normale pour un 10, sa longueur de pied \u00bb. Avant de pr\u00e9ciser : \u00ab Il a cette capacit\u00e9 \u00e0 scanner les d\u00e9fenses et \u00e0 vite prendre la bonne d\u00e9cision. Il a une valise pleine de solutions \u00bb.<\/p>\n<p>Longtemps point faible point\u00e9 du doigt, la d\u00e9fense n\u2019est plus un frein. Jalibert a travaill\u00e9 ce secteur avec <strong>Aur\u00e9lien Cologni<\/strong>, sp\u00e9cialiste venu du XIII.<\/p>\n<p>\u00ab Matthieu est un tr\u00e8s bon d\u00e9fenseur, il en a tout le bagage. C\u2019est juste que \u00e7a dormait en lui \u00bb, assurait-il en septembre. Jalibert en rit encore : \u00ab Soit il est fou, soit il a vu quelque chose en moi que personne n\u2019a encore per\u00e7u \u00bb. Et d\u2019ajouter : \u00ab Je sais que la d\u00e9fense n\u2019est pas mon point fort, mais je n\u2019ai jamais consid\u00e9r\u00e9 que j\u2019\u00e9tais un joueur qui s\u2019\u00e9chappait. C\u2019est loin d\u2019\u00eatre parfait mais je donne mon max \u00bb.<\/p>\n<p>Reste l\u2019\u00e9ternelle \u00e9quation tricolore. Peut-on aligner Jalibert avec <strong>Antoine Dupont<\/strong> ?<\/p>\n<p>Douze de ses 35 capes ont \u00e9t\u00e9 disput\u00e9es avec le capitaine aux commandes, mais certains d\u00e9cisionnaires estiment que deux ouvreurs \u00e0 vocation offensive peuvent nuire \u00e0 l\u2019\u00e9quilibre. Une th\u00e8se renforc\u00e9e par l\u2019automne mitig\u00e9 de Ntamack, m\u00eame si le retour de Dupont pourrait redistribuer les r\u00f4les sans cr\u00e9er de r\u00e9volution imm\u00e9diate.<\/p>\n<p>Le parcours du Bordelais en Bleu n\u2019est d\u2019ailleurs pas lin\u00e9aire. Entre \u00e9clairs de g\u00e9nie et frustrations, comme apr\u00e8s la d\u00e9faite \u00e0 Twickenham en f\u00e9vrier o\u00f9 il fut critiqu\u00e9 \u00e0 sa sortie alors que la France menait encore, Jalibert a souvent navigu\u00e9 dans une relation ambivalente avec le staff national.<\/p>\n<p>\u00ab J\u2019ai eu une longue discussion avec Galthi\u00e9, \u00e7a restera entre nous. Il m\u2019a dit qu\u2019il ne me sentait pas tr\u00e8s bien, que je pouvais rentrer chez moi \u00bb, confiait-il en \u00e9voquant sa mise \u00e0 l\u2019\u00e9cart avant le Tournoi 2025. \u00ab Donc je lui ai dit que je pr\u00e9f\u00e9rais rentrer \u00bb.<\/p>\n<p>Depuis, l\u2019histoire a chang\u00e9 de d\u00e9cor. Jalibert a \u00e9t\u00e9 champion d\u2019Europe, a sign\u00e9 deux passes d\u00e9cisives en finale face \u00e0 Northampton, et surtout, marche aujourd\u2019hui sur le championnat avec une constance rarement observ\u00e9e chez un num\u00e9ro 10 fran\u00e7ais contemporain.<\/p>\n<p>Le d\u00e9bat n\u2019a jamais sembl\u00e9 aussi ouvert.<\/p>\n","protected":false},"excerpt":{"rendered":"\u00c0 mesure que les matchs s\u2019encha\u00eenent, la question devient difficile \u00e0 \u00e9luder : Matthieu Jalibert peut-il reprendre le&hellip;\n","protected":false},"author":2,"featured_media":622402,"comment_status":"","ping_status":"","sticky":false,"template":"","format":"standard","meta":{"footnotes":""},"categories":[1586],"tags":[11,1777,674,1779,1011,27,12,25,1778,364],"class_list":{"0":"post-622401","1":"post","2":"type-post","3":"status-publish","4":"format-standard","5":"has-post-thumbnail","7":"category-europe","8":"tag-actualites","9":"tag-eu","10":"tag-europe","11":"tag-european-union","12":"tag-fr","13":"tag-france","14":"tag-news","15":"tag-republique-francaise","16":"tag-ue","17":"tag-union-europeenne"},"share_on_mastodon":{"url":"https:\/\/pubeurope.com\/@fr\/115783064936161157","error":""},"_links":{"self":[{"href":"https:\/\/www.europesays.com\/fr\/wp-json\/wp\/v2\/posts\/622401","targetHints":{"allow":["GET"]}}],"collection":[{"href":"https:\/\/www.europesays.com\/fr\/wp-json\/wp\/v2\/posts"}],"about":[{"href":"https:\/\/www.europesays.com\/fr\/wp-json\/wp\/v2\/types\/post"}],"author":[{"embeddable":true,"href":"https:\/\/www.europesays.com\/fr\/wp-json\/wp\/v2\/users\/2"}],"replies":[{"embeddable":true,"href":"https:\/\/www.europesays.com\/fr\/wp-json\/wp\/v2\/comments?post=622401"}],"version-history":[{"count":0,"href":"https:\/\/www.europesays.com\/fr\/wp-json\/wp\/v2\/posts\/622401\/revisions"}],"wp:featuredmedia":[{"embeddable":true,"href":"https:\/\/www.europesays.com\/fr\/wp-json\/wp\/v2\/media\/622402"}],"wp:attachment":[{"href":"https:\/\/www.europesays.com\/fr\/wp-json\/wp\/v2\/media?parent=622401"}],"wp:term":[{"taxonomy":"category","embeddable":true,"href":"https:\/\/www.europesays.com\/fr\/wp-json\/wp\/v2\/categories?post=622401"},{"taxonomy":"post_tag","embeddable":true,"href":"https:\/\/www.europesays.com\/fr\/wp-json\/wp\/v2\/tags?post=622401"}],"curies":[{"name":"wp","href":"https:\/\/api.w.org\/{rel}","templated":true}]}}