{"id":622407,"date":"2025-12-26T00:37:28","date_gmt":"2025-12-26T00:37:28","guid":{"rendered":"https:\/\/www.europesays.com\/fr\/622407\/"},"modified":"2025-12-26T00:37:28","modified_gmt":"2025-12-26T00:37:28","slug":"thomas-legrand-depose-plainte-apres-la-divulgation-dechanges-prives-avec-lancienne-patronne-de-france-inter","status":"publish","type":"post","link":"https:\/\/www.europesays.com\/fr\/622407\/","title":{"rendered":"Thomas Legrand d\u00e9pose plainte apr\u00e8s la divulgation d\u2019\u00e9changes priv\u00e9s avec l\u2019ancienne patronne de France Inter"},"content":{"rendered":"<p>\n    Nouvel \u00e9pisode dans les tensions entre m\u00e9dias priv\u00e9s et audiovisuel public. L\u2019\u00e9ditorialiste Thomas Legrand a port\u00e9 plainte apr\u00e8s la r\u00e9v\u00e9lation sur Europe 1 d\u2019une conversation priv\u00e9e avec Laurence Bloch, qu\u2019il affirme avoir \u00e9t\u00e9 enregistr\u00e9e clandestinement.<\/p>\n<p class=\"fig-paragraph\">Le parquet de Paris a confirm\u00e9 jeudi avoir ouvert une enqu\u00eate sur l\u2019enregistrement clandestin d\u2019une conversation des journalistes\u00a0<a href=\"http:\/\/www.lefigaro.fr\/medias\/commission-d-enquete-sur-l-audiovisuel-public-dans-une-lettre-patrick-cohen-denonce-la-malveillance-du-rapporteur-charles-alloncle-1-20251223\" data-fig-type=\"NewsFlash\" data-gtm-custom-categorie=\"navigation\" data-gtm-custom-action=\"crossclick\" data-gtm-custom-label=\"Contextuel\" data-gtm-event=\"customEventSPE\" data-fig-domain=\"LEFIGARO\" target=\"_blank\" rel=\"noopener\">Patrick Cohen<\/a>\u00a0et\u00a0<a href=\"http:\/\/www.lefigaro.fr\/medias\/thomas-legrand-renonce-a-son-emission-politique-sur-france-inter-20250909\" data-fig-type=\"NewsFlash\" data-gtm-custom-categorie=\"navigation\" data-gtm-custom-action=\"crossclick\" data-gtm-custom-label=\"Contextuel\" data-gtm-event=\"customEventSPE\" data-fig-domain=\"LEFIGARO\" target=\"_blank\" rel=\"noopener\">Thomas Legrand<\/a>, ce dernier ayant par ailleurs d\u00e9pos\u00e9 une nouvelle plainte, apr\u00e8s la divulgation d\u2019informations sur un autre \u00e9change priv\u00e9, avec une ex-patronne de France Inter. Une source proche du dossier avait d\u00e9j\u00e0 indiqu\u00e9 qu\u2019une enqu\u00eate \u00e9tait en cours.<\/p>\n<p class=\"fig-paragraph\">Interrog\u00e9, le parquet a confirm\u00e9 que cette enqu\u00eate, confi\u00e9e \u00e0 la brigade de r\u00e9pression de la d\u00e9linquance contre la personne (BRDP), faisait suite \u00e0 une plainte des journalistes apr\u00e8s la diffusion en septembre par le magazine l\u2019Incorrect d\u2019une vid\u00e9o, enregistr\u00e9e sans autorisation. On y voit une conversation entre des responsables socialistes et Patrick Cohen et Thomas Legrand. Cette vid\u00e9o a ensuite \u00e9t\u00e9 abondamment comment\u00e9e dans les m\u00e9dias de la galaxie Bollor\u00e9 comme CNews, Europe 1 et le JDD, au point de devenir le catalyseur d\u2019une guerre ouverte entre l\u2019audiovisuel public et ces m\u00e9dias.<\/p>\n<p>                                            <a class=\"fig-a11y-skip\" href=\"#fig-a11y-skip-main-inarticle\" data-module=\"a11y-skip\" data-context=\"was @visible\"><br \/>\n    Passer la publicit\u00e9<br \/>\n<\/a>            <\/p>\n<p class=\"fig-paragraph\">L\u2019enqu\u00eate a \u00e9t\u00e9 ouverte pour \u00abatteinte \u00e0 l\u2019intimit\u00e9 de la vie priv\u00e9e par captation\u00bb, \u00abenregistrement des paroles d\u2019une personne, utilisation, conservation ou divulgation d\u2019un document\u00bb ou \u00abenregistrement obtenu par une atteinte \u00e0 l\u2019intimit\u00e9 de la vie priv\u00e9e d\u2019autrui, publication, diffusion, reproduction d\u2019information fausse de nature \u00e0 troubler la paix publique\u00bb, a d\u00e9taill\u00e9 le parquet. Selon des informations obtenues de source proche du dossier, le directeur de l\u2019information de l\u2019Incorrect, Arthur de Watrigant, a \u00e9t\u00e9 entendu dans ce cadre par les enqu\u00eateurs.<\/p>\n<p class=\"fig-body-link\">\n            \u00c0 lire aussi<br \/>\n        <a class=\"fig-body-link__link fig-premium-mark\" href=\"http:\/\/www.lefigaro.fr\/politique\/a-l-assemblee-l-audition-de-thomas-legrand-se-termine-dans-la-collusion-avec-le-rn-les-indiscrets-du-figaro-20251219\" data-fig-type=\"NewsFlash\" data-gtm-custom-categorie=\"navigation\" data-gtm-custom-action=\"crossclick\" data-gtm-custom-label=\"Contextuel\" data-gtm-event=\"customEventSPE\" data-fig-domain=\"LEFIGARO\" target=\"_blank\" rel=\"noopener\"><\/p>\n<p>        \u00c0 l\u2019Assembl\u00e9e, l\u2019audition de Thomas Legrand se termine dans la \u00abcollusion\u00bb avec le RN&#8230; Les indiscrets du Figaro<br \/>\n    <\/a>\n<\/p>\n<p>                                            Le catalyseur d\u2019une guerre<\/p>\n<p class=\"fig-paragraph\">\u00c0 ce stade, le dossier \u00abest en cours d\u2019analyse\u00bb par la section du parquet charg\u00e9e des dossiers de presse et de libert\u00e9s publiques, qui n\u2019a pas encore d\u00e9cid\u00e9 des suites judiciaires \u00e0 donner, a pr\u00e9cis\u00e9 le minist\u00e8re public. Le parquet n\u2019avait jeudi pas encore d\u2019informations sur la nouvelle plainte d\u00e9pos\u00e9e la veille par Thomas Legrand, apr\u00e8s la divulgation d\u2019informations sur une conversation priv\u00e9e qu\u2019il a eue avec l\u2019ancienne patronne de France Inter\u00a0<a href=\"http:\/\/www.lefigaro.fr\/medias\/a-radio-france-laurence-bloch-remplacee-par-vincent-meslet-20240606\" data-fig-type=\"NewsFlash\" data-gtm-custom-categorie=\"navigation\" data-gtm-custom-action=\"crossclick\" data-gtm-custom-label=\"Contextuel\" data-gtm-event=\"customEventSPE\" data-fig-domain=\"LEFIGARO\" target=\"_blank\" rel=\"noopener\">Laurence Bloch<\/a>.<\/p>\n<p class=\"fig-paragraph\">Il s\u2019agit d\u2019une plainte contre X pour \u00abcaptation ill\u00e9gale\u00bb de la conversation, et d\u2019une plainte visant Europe 1 et CNews pour la \u00abconservation, divulgation et utilisation de l\u2019enregistrement obtenu de mani\u00e8re illicite\u00bb et la \u00abdiffusion de fausses nouvelles\u00bb, a pr\u00e9cis\u00e9 son avocat Me Antoine Ricard, confirmant une information du Parisien. S\u2019agissant de ce dernier d\u00e9lit, \u00abl\u2019id\u00e9e est que, au-del\u00e0 de la captation ill\u00e9gale, le contenu a \u00e9t\u00e9 falsifi\u00e9, travesti\u00bb, a-t-il pr\u00e9cis\u00e9 au Parisien.<\/p>\n<p class=\"fig-paragraph\">Jeudi dernier, Thomas Legrand avait d\u00e9nonc\u00e9, devant la commission d\u2019enqu\u00eate de l\u2019Assembl\u00e9e nationale sur l\u2019audiovisuel public, les affirmations r\u00e9p\u00e9t\u00e9es sur Europe 1 puis CNews \u00e0 propos d\u2019une r\u00e9cente rencontre qu\u2019il avait eue dans un caf\u00e9 avec Laurence Bloch. \u00abNotre discussion a \u00e9t\u00e9 enregistr\u00e9e \u00e0 notre insu\u00bb, alors qu\u2019il s\u2019agissait d\u2019\u00abun rendez-vous priv\u00e9 entre deux amis\u00bb, avait d\u00e9clar\u00e9 Thomas Legrand, \u00e9voquant un \u00abespionnage\u00bb. Contact\u00e9, CNews n\u2019a pas souhait\u00e9 faire de commentaire \u00e0 ce stade, indiquant \u00e0 l\u2019AFP n\u2019avoir \u00abpas re\u00e7u la plainte\u00bb. Europe 1 n\u2019a pas r\u00e9agi dans l\u2019imm\u00e9diat.<\/p>\n<p class=\"fig-paragraph\">Laurence Bloch a par ailleurs d\u00e9clar\u00e9 \u00e0 T\u00e9l\u00e9rama avoir elle aussi port\u00e9 plainte mercredi, pour \u00abd\u00e9lit d\u2019espionnage audiovisuel de la vie priv\u00e9e\u00bb, \u00abexploitation dudit espionnage\u00bb et \u00abinterception de correspondance\u00bb. Radio France et France T\u00e9l\u00e9visions ont par ailleurs s\u00e9par\u00e9ment assign\u00e9 en novembre le JDD, Europe 1 et CNews devant le tribunal des activit\u00e9s \u00e9conomiques pour \u00abd\u00e9nigrement\u00bb, en leur reprochant de tr\u00e8s multiples diffusions de ces accusations sur leurs antennes pour leur nuire.<\/p>\n","protected":false},"excerpt":{"rendered":"Nouvel \u00e9pisode dans les tensions entre m\u00e9dias priv\u00e9s et audiovisuel public. L\u2019\u00e9ditorialiste Thomas Legrand a port\u00e9 plainte apr\u00e8s&hellip;\n","protected":false},"author":2,"featured_media":622408,"comment_status":"","ping_status":"","sticky":false,"template":"","format":"standard","meta":{"footnotes":""},"categories":[4],"tags":[11,1011,27,9102,12,2634,25,50571],"class_list":{"0":"post-622407","1":"post","2":"type-post","3":"status-publish","4":"format-standard","5":"has-post-thumbnail","7":"category-france","8":"tag-actualites","9":"tag-fr","10":"tag-france","11":"tag-france-inter","12":"tag-news","13":"tag-plainte","14":"tag-republique-francaise","15":"tag-thomas-legrand"},"share_on_mastodon":{"url":"https:\/\/pubeurope.com\/@fr\/115783076580858892","error":""},"_links":{"self":[{"href":"https:\/\/www.europesays.com\/fr\/wp-json\/wp\/v2\/posts\/622407","targetHints":{"allow":["GET"]}}],"collection":[{"href":"https:\/\/www.europesays.com\/fr\/wp-json\/wp\/v2\/posts"}],"about":[{"href":"https:\/\/www.europesays.com\/fr\/wp-json\/wp\/v2\/types\/post"}],"author":[{"embeddable":true,"href":"https:\/\/www.europesays.com\/fr\/wp-json\/wp\/v2\/users\/2"}],"replies":[{"embeddable":true,"href":"https:\/\/www.europesays.com\/fr\/wp-json\/wp\/v2\/comments?post=622407"}],"version-history":[{"count":0,"href":"https:\/\/www.europesays.com\/fr\/wp-json\/wp\/v2\/posts\/622407\/revisions"}],"wp:featuredmedia":[{"embeddable":true,"href":"https:\/\/www.europesays.com\/fr\/wp-json\/wp\/v2\/media\/622408"}],"wp:attachment":[{"href":"https:\/\/www.europesays.com\/fr\/wp-json\/wp\/v2\/media?parent=622407"}],"wp:term":[{"taxonomy":"category","embeddable":true,"href":"https:\/\/www.europesays.com\/fr\/wp-json\/wp\/v2\/categories?post=622407"},{"taxonomy":"post_tag","embeddable":true,"href":"https:\/\/www.europesays.com\/fr\/wp-json\/wp\/v2\/tags?post=622407"}],"curies":[{"name":"wp","href":"https:\/\/api.w.org\/{rel}","templated":true}]}}