{"id":622409,"date":"2025-12-26T00:40:12","date_gmt":"2025-12-26T00:40:12","guid":{"rendered":"https:\/\/www.europesays.com\/fr\/622409\/"},"modified":"2025-12-26T00:40:12","modified_gmt":"2025-12-26T00:40:12","slug":"bayonne-lavertissement-de-segonds","status":"publish","type":"post","link":"https:\/\/www.europesays.com\/fr\/622409\/","title":{"rendered":"Bayonne: L&rsquo;avertissement de Segonds"},"content":{"rendered":"<p><strong>Embourb\u00e9 dans un mois de d\u00e9cembre<br \/>\ngal\u00e8re avec l&rsquo;Aviron Bayonnais, Joris Segonds s&rsquo;est confi\u00e9 \u00e0<br \/>\nRugbyrama sur la forme r\u00e9cente de son \u00e9quipe avant la r\u00e9ception du<br \/>\nStade Fran\u00e7ais ce samedi.<\/strong><\/p>\n<p>\u00c9l\u00e9ment incontournable d\u2019un effectif de Bayonne qui pointe \u00e0 la<br \/>\n8e place de Top 14, Joris Segonds et ses co\u00e9quipiers restent tout<br \/>\nde m\u00eame sur un mois de d\u00e9cembre compliqu\u00e9 avec trois d\u00e9faites de<br \/>\nrang. C\u2019est dans les colonnes de Rugbyrama que le demi d\u2019ouverture<br \/>\nest revenu sur la situation de l\u2019\u00e9quipe avant d\u2019affronter samedi le<br \/>\nStade Fran\u00e7ais.<\/p>\n<p>Lourdement d\u00e9faits en d\u00e9placement, du c\u00f4t\u00e9 de La Rochelle<br \/>\n(49-17), Joris Segonds estimait pourtant qu\u2019un bon travail avait<br \/>\n\u00e9t\u00e9 effectu\u00e9 en amont, malgr\u00e9 les nombreuses blessures : \u00ab Je nous<br \/>\nsentais pr\u00eats pour d\u00e9fier la Rochelle, mais on a tous re\u00e7u une<br \/>\nbelle claque. On ne s\u2019attendait pas \u00e0 ramasser autant. Cette<br \/>\nsemaine, on avait mis le curseur assez haut sur certains points,<br \/>\nnotamment la discipline. Quand on revient de l\u00e0-bas avec 17<br \/>\np\u00e9nalit\u00e9s contre nous, \u00e7a fait mal\u2026 On se dit que, finalement, on<br \/>\nn\u2019a rien respect\u00e9. \u00bb<\/p>\n<p>Une nouvelle d\u00e9faite \u00e0 l\u2019ext\u00e9rieur qui fait mal et que Joris<br \/>\nSegonds d\u00e9plore : \u00ab J\u2019ai l\u2019impression que, des fois, on veut tous<br \/>\nessayer de sauver la patrie. On a regard\u00e9 les vid\u00e9os, tout le monde<br \/>\na envie, mais il y en a un petit peu trop et on fait des erreurs de<br \/>\ncadets. [\u2026] Chacun fait sa petite faute et, derri\u00e8re, \u00e7a fait effet<br \/>\nboule de neige avec, au bout du compte, dix-sept p\u00e9nalit\u00e9s. \u00c0 ce<br \/>\nniveau-l\u00e0, ce n\u2019est pas possible, car \u00e7a fait 50 points. \u00bb<\/p>\n<p>\u00ab Affronter Paris, c\u2019est toujours particulier \u00bb<\/p>\n<p>F\u00e9brile en d\u00e9placement, l\u2019Aviron Bayonnais reste \u00e0 l\u2019inverse<br \/>\nimp\u00e9rial dans son antre de Jean-Dauger en championnat et s\u2019appr\u00eate<br \/>\n\u00e0 recevoir ce samedi le Stade Fran\u00e7ais \u00e0 l\u2019occasion de la 12e<br \/>\njourn\u00e9e de Top 14, avec toute la charge que cela conf\u00e8re : \u00ab Tout<br \/>\nle monde veut nous faire tomber \u00e0 la maison et on a cette pression<br \/>\n\u00e0 chaque fois. On s\u2019est fait peur contre Lyon et il n\u2019y a rien \u00e0<br \/>\ndire si on le perd. Depuis deux ans, il y a eu plusieurs rencontres<br \/>\ncomme \u00e7a. La pi\u00e8ce est tomb\u00e9e du bon c\u00f4t\u00e9, pourvu que \u00e7a dure, mais<br \/>\nsi on veut \u00e9viter de vraiment se mettre en danger, c\u2019est \u00e0 nous de<br \/>\nfaire un match correct, en gommant cette indiscipline. \u00bb<\/p>\n<p>Une rencontre sp\u00e9ciale pour Joris Segonds qui a rejoint Bayonne<br \/>\n\u00e0 l\u2019\u00e9t\u00e9 2024 apr\u00e8s cinq ann\u00e9es pass\u00e9es sous les couleurs du Stade<br \/>\nFran\u00e7ais : \u00ab Affronter Paris, c\u2019est toujours particulier, car c\u2019est<br \/>\nle club avec lequel j\u2019ai d\u00e9couvert le Top 14. Maintenant, je suis<br \/>\nBayonnais. L\u2019an dernier, quand on les a battus ici, j\u2019\u00e9tais le<br \/>\npremier \u00e0 les chambrer. Quand on est mont\u00e9s \u00e0 Paris, j\u2019\u00e9tais aussi<br \/>\nle premier \u00e0 les chambrer pour leur dire de faire attention. Bon,<br \/>\non a perdu, donc je me suis fait chambrer \u00e0 mon tour. L\u00e0, ils ont<br \/>\nretrouv\u00e9 la gagne, ils arrivent \u00e9quip\u00e9s, avec de la confiance. Il<br \/>\nfaudra faire attention \u00e0 \u00e7a, car le Stade fran\u00e7ais marche<br \/>\n\u00e9norm\u00e9ment \u00e0 la confiance. Je sais que ce sera un \u00e9norme d\u00e9fi, pour<br \/>\nnous, ce week-end en conqu\u00eate \u00bb. C\u2019est donc une rencontre hautement<br \/>\nimportante pour Joris Segonds et tout l\u2019Aviron Bayonnais qui auront<br \/>\n\u00e0 c\u0153ur d\u2019endiguer cette mauvaise s\u00e9rie avec une victoire, et<br \/>\nd\u2019offrir au passage \u00e0 leurs supporters un beau cadeau de No\u00ebl.<\/p>\n","protected":false},"excerpt":{"rendered":"Embourb\u00e9 dans un mois de d\u00e9cembre gal\u00e8re avec l&rsquo;Aviron Bayonnais, Joris Segonds s&rsquo;est confi\u00e9 \u00e0 Rugbyrama sur la&hellip;\n","protected":false},"author":2,"featured_media":622410,"comment_status":"","ping_status":"","sticky":false,"template":"","format":"standard","meta":{"footnotes":""},"categories":[1416],"tags":[4736,9202,1011,27,55906,479,1468,57681,60,478],"class_list":{"0":"post-622409","1":"post","2":"type-post","3":"status-publish","4":"format-standard","5":"has-post-thumbnail","7":"category-rugby","8":"tag-aviron-bayonnais","9":"tag-bayonne","10":"tag-fr","11":"tag-france","12":"tag-joris-segonds","13":"tag-rugby","14":"tag-rugby-football","15":"tag-sport365-fr","16":"tag-sports","17":"tag-top-14"},"share_on_mastodon":{"url":"https:\/\/pubeurope.com\/@fr\/115783088455873608","error":""},"_links":{"self":[{"href":"https:\/\/www.europesays.com\/fr\/wp-json\/wp\/v2\/posts\/622409","targetHints":{"allow":["GET"]}}],"collection":[{"href":"https:\/\/www.europesays.com\/fr\/wp-json\/wp\/v2\/posts"}],"about":[{"href":"https:\/\/www.europesays.com\/fr\/wp-json\/wp\/v2\/types\/post"}],"author":[{"embeddable":true,"href":"https:\/\/www.europesays.com\/fr\/wp-json\/wp\/v2\/users\/2"}],"replies":[{"embeddable":true,"href":"https:\/\/www.europesays.com\/fr\/wp-json\/wp\/v2\/comments?post=622409"}],"version-history":[{"count":0,"href":"https:\/\/www.europesays.com\/fr\/wp-json\/wp\/v2\/posts\/622409\/revisions"}],"wp:featuredmedia":[{"embeddable":true,"href":"https:\/\/www.europesays.com\/fr\/wp-json\/wp\/v2\/media\/622410"}],"wp:attachment":[{"href":"https:\/\/www.europesays.com\/fr\/wp-json\/wp\/v2\/media?parent=622409"}],"wp:term":[{"taxonomy":"category","embeddable":true,"href":"https:\/\/www.europesays.com\/fr\/wp-json\/wp\/v2\/categories?post=622409"},{"taxonomy":"post_tag","embeddable":true,"href":"https:\/\/www.europesays.com\/fr\/wp-json\/wp\/v2\/tags?post=622409"}],"curies":[{"name":"wp","href":"https:\/\/api.w.org\/{rel}","templated":true}]}}