{"id":622413,"date":"2025-12-26T00:45:22","date_gmt":"2025-12-26T00:45:22","guid":{"rendered":"https:\/\/www.europesays.com\/fr\/622413\/"},"modified":"2025-12-26T00:45:22","modified_gmt":"2025-12-26T00:45:22","slug":"challenge-dv-femme-demi-vollering-en-championne-actualite","status":"publish","type":"post","link":"https:\/\/www.europesays.com\/fr\/622413\/","title":{"rendered":"Challenge DV Femme : Demi Vollering en Championne &#8211; Actualit\u00e9"},"content":{"rendered":"<p>Pour sa premi\u00e8re ann\u00e9e dans une \u00e9quipe fran\u00e7aise, <strong><a href=\"https:\/\/www.directvelo.com\/coureur\/28344\/demi-vollering\" target=\"_blank\" rel=\"noopener\">Demi Vollering<\/a><\/strong> n&rsquo;a pas manqu\u00e9 la premi\u00e8re place du Challenge DV Femme. Depuis sa cr\u00e9ation en 2017, l&rsquo;actuelle FDJ-Suez collectionne sept des neuf victoires. La chef de file du WorldTeam fran\u00e7ais a pris la t\u00eate d\u00e8s sa victoire aux Strade Bianche. Elle n&rsquo;a plus l\u00e2ch\u00e9 la barre jusqu&rsquo;\u00e0 la fin et son titre de Championne d&rsquo;Europe. Entre-temps, la N\u00e9erlandaise a gagn\u00e9 la Vuelta, le Tour du Pays Basque, le Tour de Catalogne, et en ap\u00e9ritif, la Semaine Cycliste de Valence. Dans le Tour de France, elle a trouv\u00e9 plus forte qu&rsquo;elle mais termine 2e, comme au Tour de Suisse et \u00e0 la Fl\u00e8che Wallonne. Si elle est encore pass\u00e9e \u00e0 c\u00f4t\u00e9 du Championnat du Monde (7e), la N\u00e9erlandaise a remport\u00e9 son premier Championnat international. Elle est donc devenue Championne d&rsquo;Europe.<\/p>\n<p>Demi Vollering succ\u00e8de \u00e0 <strong><a href=\"https:\/\/www.directvelo.com\/coureur\/12358\/juliette-labous\" target=\"_blank\" rel=\"noopener\">Juliette Labous<\/a><\/strong> au palmar\u00e8s du Challenge DV. La Fran\u00e7aise est aussi devenue sa co\u00e9quipi\u00e8re \u00e0 l&rsquo;intersaison. L&rsquo;ancienne Championne de France termine 2e du Challenge cette saison apr\u00e8s un coude \u00e0 coude avec sa co\u00e9quipi\u00e8re suisse, <strong><a href=\"https:\/\/www.directvelo.com\/coureur\/24110\/elise-chabbey\" target=\"_blank\" rel=\"noopener\">Elise Chabbey<\/a><\/strong>. Il n&rsquo;y a que 15 points d&rsquo;\u00e9cart entre les deux co\u00e9quipi\u00e8res. Elise Chabbey \u00e9tait encore devant Juliette Labous avant les Trois Vall\u00e9es Var\u00e9sines, le 7 octobre. C&rsquo;est gr\u00e2ce \u00e0 sa 5e place (et les 70 unit\u00e9s qui allaient avec) que \u00a0la 5e de la Vuelta est pass\u00e9e devant la gagnante du Tour de Romandie.<\/p>\n<p><strong>MARION BUNEL EN T\u00caTE DES ESPOIRS<\/strong><\/p>\n<p>Si <strong><a href=\"https:\/\/www.directvelo.com\/coureur\/10253\/pauline-ferrand-prevot\" target=\"_blank\" rel=\"noopener\">Pauline Ferrand-Pr\u00e9vot<\/a><\/strong> a gagn\u00e9 Paris-Roubaix et le Tour de France Femmes, \u00e7a ne lui suffit pas pour se classer mieux que 7e du Challenge DV Femmes. Elle est devanc\u00e9e de 86 points par sa co\u00e9quipi\u00e8re chez Visma-Lease a Bike, <strong><a href=\"https:\/\/www.directvelo.com\/coureur\/36898\/marion-bunel\" target=\"_blank\" rel=\"noopener\">Marion Bunel<\/a><\/strong>. La Normande, Championne de France Espoirs, 2e du Tour de l&rsquo;Avenir, 3e du Tour F\u00e9minin International de l&rsquo;Ard\u00e8che, 5e du Championnat du Monde Espoirs, termine en t\u00eate du classement Espoirs du Challenge DV. Dans ce classement particulier Marion Bunel devance la Championne du Monde\u00a0<strong><a href=\"https:\/\/www.directvelo.com\/coureur\/36873\/celia-gery\" target=\"_blank\" rel=\"noopener\">C\u00e9lia Gery<\/a><\/strong> (11e du scratch) et <strong><a href=\"https:\/\/www.directvelo.com\/coureur\/55092\/solene-muller\" target=\"_blank\" rel=\"noopener\">Sol\u00e8ne Muller<\/a><\/strong> (14e), la Championne de France Amateurs de contre-la-montre.<\/p>\n<p>La FDJ-Suez place cinq repr\u00e9sentantes parmi les dix premi\u00e8res, contre trois pour Visma-Lease a Bike. La premi\u00e8re class\u00e9e en dehors de l&rsquo;\u00e9quipe fran\u00e7aise est <strong><a href=\"https:\/\/www.directvelo.com\/coureur\/24680\/cedrine-kerbaol\" target=\"_blank\" rel=\"noopener\">C\u00e9drine Kerbaol<\/a><\/strong> (EF Education-Oatly), 4e. La Championne de France contre-la-montre et 4e de la Vuelta.\u00a0<\/p>\n<p><strong>Le Top 10 du Challenge DV Femmes<\/strong> :<\/p>\n<p>Retrouvez <a href=\"https:\/\/www.directvelo.com\/challenge\/dames\/2025\/10\" target=\"_blank\" rel=\"noopener\"><strong>toutes les informations sur le Challenge DV Femmes<\/strong><\/a>.<\/p>\n<p><strong>Le palmar\u00e8s du Challenge DV Femmes<\/strong> :<br \/>2017 : \u00a0Shara Gillow (FDJ-Nouvelle Aquitaine-Futuroscope) 1243 pts<br \/>2018 : Roxane Fournier (FDJ-Nouvelle Aquitaine-Futuroscope) 1041 pts<br \/>2019 : Audrey Cordon Ragot (Trek-Segafredo) 1020 pts<br \/>2020 : Cecilie Ludwig (FDJ-Nouvelle Aquitaine-Futuroscope) 894 pts<br \/>2021 : Cecilie Ludwig (FDJ-Nouvelle Aquitaine-Futuroscope) 1520 pts<br \/>2022 : Cecilie Ludwig (FDJ-Nouvelle Aquitaine-Futuroscope) 1908 pts<br \/>2023 : Cecilie Ludwig (FDJ-Suez) 2211 pts<br \/>2024 : Juliette Labous (Team DSM-Firmenich PostNL) 2408 pts<br \/>2025 : Demi Vollering (FDJ-Suez) 3355 pts<\/p>\n","protected":false},"excerpt":{"rendered":"Pour sa premi\u00e8re ann\u00e9e dans une \u00e9quipe fran\u00e7aise, Demi Vollering n&rsquo;a pas manqu\u00e9 la premi\u00e8re place du Challenge&hellip;\n","protected":false},"author":2,"featured_media":622414,"comment_status":"","ping_status":"","sticky":false,"template":"","format":"standard","meta":{"footnotes":""},"categories":[1411],"tags":[834,828,836,829,837,827,83,826,824,823,1154,207,814,817,815,816,822,821,832,211,839,1011,27,820,818,819,835,831,830,833,838,60,212,208,825],"class_list":{"0":"post-622413","1":"post","2":"type-post","3":"status-publish","4":"format-standard","5":"has-post-thumbnail","7":"category-cyclisme","8":"tag-attaque","9":"tag-belgique","10":"tag-braquet","11":"tag-bretagne","12":"tag-chute","13":"tag-competition","14":"tag-coupe-de-france","15":"tag-coureur","16":"tag-course-cyclisme","17":"tag-course-cycliste","18":"tag-cycling","19":"tag-cyclisme","20":"tag-direct","21":"tag-direct-velo","22":"tag-directvelo","23":"tag-directvelo-com","24":"tag-epreuve","25":"tag-epreuve-cycliste","26":"tag-federation-francaise-de-cyclisme","27":"tag-ffc","28":"tag-flandres","29":"tag-fr","30":"tag-france","31":"tag-live","32":"tag-live-course","33":"tag-live-epreuve","34":"tag-peloton","35":"tag-radio-peloton","36":"tag-radio-tour","37":"tag-ravitaillement","38":"tag-relance","39":"tag-sports","40":"tag-uci","41":"tag-velo","42":"tag-velos"},"share_on_mastodon":{"url":"https:\/\/pubeurope.com\/@fr\/115783108132677407","error":""},"_links":{"self":[{"href":"https:\/\/www.europesays.com\/fr\/wp-json\/wp\/v2\/posts\/622413","targetHints":{"allow":["GET"]}}],"collection":[{"href":"https:\/\/www.europesays.com\/fr\/wp-json\/wp\/v2\/posts"}],"about":[{"href":"https:\/\/www.europesays.com\/fr\/wp-json\/wp\/v2\/types\/post"}],"author":[{"embeddable":true,"href":"https:\/\/www.europesays.com\/fr\/wp-json\/wp\/v2\/users\/2"}],"replies":[{"embeddable":true,"href":"https:\/\/www.europesays.com\/fr\/wp-json\/wp\/v2\/comments?post=622413"}],"version-history":[{"count":0,"href":"https:\/\/www.europesays.com\/fr\/wp-json\/wp\/v2\/posts\/622413\/revisions"}],"wp:featuredmedia":[{"embeddable":true,"href":"https:\/\/www.europesays.com\/fr\/wp-json\/wp\/v2\/media\/622414"}],"wp:attachment":[{"href":"https:\/\/www.europesays.com\/fr\/wp-json\/wp\/v2\/media?parent=622413"}],"wp:term":[{"taxonomy":"category","embeddable":true,"href":"https:\/\/www.europesays.com\/fr\/wp-json\/wp\/v2\/categories?post=622413"},{"taxonomy":"post_tag","embeddable":true,"href":"https:\/\/www.europesays.com\/fr\/wp-json\/wp\/v2\/tags?post=622413"}],"curies":[{"name":"wp","href":"https:\/\/api.w.org\/{rel}","templated":true}]}}