{"id":622421,"date":"2025-12-26T00:50:17","date_gmt":"2025-12-26T00:50:17","guid":{"rendered":"https:\/\/www.europesays.com\/fr\/622421\/"},"modified":"2025-12-26T00:50:17","modified_gmt":"2025-12-26T00:50:17","slug":"clap-de-fin-pour-josephine-ange-gardien-mimie-mathy-sans-filtre-je-ne-vais-pas-non-plus-feter-mes-100-ans-avec-josephine","status":"publish","type":"post","link":"https:\/\/www.europesays.com\/fr\/622421\/","title":{"rendered":"Clap de fin pour \u00ab\u00a0Jos\u00e9phine ange gardien\u00a0\u00bb ? Mimie Mathy sans filtre, \u00a0\u00bb je ne vais pas non plus f\u00eater mes 100 ans avec Jos\u00e9phine\u00a0\u00bb"},"content":{"rendered":"<p>Alors que Jos\u00e9phine ange gardien fait son grand retour<br \/>\nen prime time sur TF1 le 29 d\u00e9cembre prochain, Mimie Mathy<br \/>\na accept\u00e9 de se livrer sans d\u00e9tour. Dans une interview accord\u00e9e \u00e0<br \/>\n<a href=\"https:\/\/www.purepeople.com\/article\/exclu-je-ne-vais-pas-non-plus-feter-mes-100-ans-avec-josephine-on-a-echange-avec-mimie-mathy-sur-lavenir-de-la-serie-culte-de-tf1_a545698\/1\" target=\"_blank\" rel=\"nofollow noopener\">Purepeople<\/a>,<br \/>\n<strong>la com\u00e9dienne revient sur la long\u00e9vit\u00e9 impressionnante de<br \/>\nla s\u00e9rie<\/strong> et sur son attachement au personnage. Mais aussi<br \/>\nsur la question que beaucoup se posent : apr\u00e8s pr\u00e8s de 30 ans \u00e0<br \/>\nincarner Jos\u00e9phine, l\u2019heure de dire stop approche-t-elle ?<\/p>\n<p>\u00c0 67 ans, Mimie Mathy parle vrai, avec humour et lucidit\u00e9, en<br \/>\nrappelant qu\u2019<strong>elle aime profond\u00e9ment ce r\u00f4le<\/strong>.<br \/>\nCependant, elle reste r\u00e9aliste sur le temps qui passe. Et si la fin<br \/>\nn\u2019est pas pour tout de suite, elle sait qu\u2019elle ne sera pas<br \/>\n\u00e9ternelle.<\/p>\n<p>Mimie Mathy de retour sur TF1 apr\u00e8s deux ans d\u2019absence<\/p>\n<p>Cela faisait deux ans que les fans attendaient de nouveaux<br \/>\n\u00e9pisodes in\u00e9dits de Jos\u00e9phine ange gardien. Le 29<br \/>\nd\u00e9cembre, <a href=\"https:\/\/www.mariefrance.fr\/news-people\/mimie-mathy-enfoires-2025-plus-mal-lacolyte-jean-jacques-goldman-sans-filtre-sante-vais-pas-cacher-1138136.html\" target=\"_blank\" rel=\"noopener\">Mimie Mathy<\/a> reprend enfin son<br \/>\ncostume d\u2019ange bienveillant dans un \u00e9pisode intitul\u00e9 Les<br \/>\nsir\u00e8nes. <strong>Une longue attente, mais ind\u00e9pendante de la<br \/>\nvolont\u00e9 de la com\u00e9dienne<\/strong>, comme elle l\u2019explique elle-m\u00eame.<br \/>\nDe son c\u00f4t\u00e9, elle tr\u00e9pignait d\u2019impatience. Car, plusieurs \u00e9pisodes<br \/>\n\u00e9taient d\u00e9j\u00e0 \u201cen r\u00e9serve\u201d, pr\u00eats \u00e0 \u00eatre diffus\u00e9s.<\/p>\n<p>Sur le tournage, l\u2019ambiance est rest\u00e9e fid\u00e8le \u00e0 l\u2019ADN de la<br \/>\ns\u00e9rie : <strong>humaine, chaleureuse et engag\u00e9e<\/strong>. Cet<br \/>\n\u00e9pisode met notamment en sc\u00e8ne Jennifer Lauret, entour\u00e9e d\u2019une<br \/>\n\u00e9quipe de com\u00e9diens qui ont d\u00fb s\u2019entra\u00eener dur pour incarner une<br \/>\ntroupe de natation synchronis\u00e9e. Un d\u00e9fi physique impressionnant,<br \/>\nsalu\u00e9 par Mimie Mathy, admirative du professionnalisme et de<br \/>\nl\u2019\u00e9nergie d\u00e9ploy\u00e9e par ses partenaires.<\/p>\n<p><img loading=\"lazy\" decoding=\"async\" aria-describedby=\"caption-attachment-1120855\" itemprop=\"thumbnailUrl\" class=\"size-full wp-image-1120855 img-responsive\" src=\"https:\/\/www.europesays.com\/fr\/wp-content\/uploads\/2025\/12\/mimie-mathy.jpg\" alt=\"Mimie Mathy\u00a0\" width=\"1280\" height=\"720\"\/><br \/>\n\u00a9 Manuelle<br \/>\nToussaint<\/p>\n<p id=\"caption-attachment-1120855\" class=\"wp-caption-text\">Mimie<br \/>\nMathy aime profond\u00e9ment son r\u00f4le dans Jos\u00e9phine ange<br \/>\ngardien.<\/p>\n<p>Pourquoi Mimie Mathy ne se lasse toujours pas de Jos\u00e9phine<\/p>\n<p>Si la s\u00e9rie dure depuis 1997, ce n\u2019est pas un hasard. Pour Mimie<br \/>\nMathy, le secret de cette long\u00e9vit\u00e9 tient \u00e0 plusieurs \u00e9l\u00e9ments<br \/>\nessentiels. D\u2019abord, <strong>Jos\u00e9phine n\u2019est jamais la m\u00eame d\u2019un<br \/>\n\u00e9pisode \u00e0 l\u2019autre<\/strong>. Elle change de m\u00e9tier, de d\u00e9cor,<br \/>\nd\u2019univers, ce qui \u00e9vite toute routine. Ensuite, les th\u00e8mes abord\u00e9s<br \/>\nont \u00e9volu\u00e9 avec la soci\u00e9t\u00e9. Aujourd\u2019hui, ils abordent des sujets<br \/>\nforts comme la famille, l\u2019abandon, l\u2019inclusion ou encore le<br \/>\ndialogue entre g\u00e9n\u00e9rations.<\/p>\n<p>La com\u00e9dienne insiste aussi sur l\u2019importance du message port\u00e9<br \/>\npar la s\u00e9rie. Pour elle, Jos\u00e9phine ange gardien montre que<br \/>\nbeaucoup de conflits peuvent se r\u00e9soudre par la parole, l\u2019\u00e9coute et<br \/>\nla bienveillance. Une philosophie qu\u2019elle relie directement \u00e0 son<br \/>\npropre parcours de vie. <a href=\"https:\/\/www.mariefrance.fr\/news-people\/les-enfoires-jean-jacques-goldman-cest-fini-mimie-mathy-brise-silence-juste-avant-concert-1137520.html\" target=\"_blank\" rel=\"noopener\">Mimie Mathy rappelle<\/a> souvent<br \/>\ncombien ses parents l\u2019ont encourag\u00e9e \u00e0 foncer malgr\u00e9 sa diff\u00e9rence.<br \/>\nUn message qu\u2019elle transmet aujourd\u2019hui \u00e0 travers son<br \/>\npersonnage.<\/p>\n<p>Mimie Mathy ne veut pas f\u00eater ses 100<br \/>\nans avec Jos\u00e9phine<\/p>\n<p>La question de l\u2019arr\u00eat de la s\u00e9rie finit forc\u00e9ment par se poser.<br \/>\nEt Mimie Mathy ne l\u2019\u00e9lude pas. Certes, elle affirme ne pas<br \/>\nenvisager un arr\u00eat imm\u00e9diat. Mais, elle reconna\u00eet avec franchise<br \/>\nqu\u2019elle ne se voit pas incarner Jos\u00e9phine ind\u00e9finiment. \u201cJe ne<br \/>\nvais pas non plus f\u00eater mes 100 ans avec Jos\u00e9phine\u201d,<br \/>\nl\u00e2che-t-elle avec humour. <strong>Tout en pr\u00e9cisant qu\u2019aucune date<br \/>\nde fin n\u2019est fix\u00e9e<\/strong>. Pour l\u2019instant, tant que les histoires<br \/>\nlui plaisent, que l\u2019\u00e9nergie est l\u00e0 et que le public r\u00e9pond pr\u00e9sent,<br \/>\nelle continue.<\/p>\n<blockquote class=\"twitter-tweet\"><p><a class=\"twitter-link\" rel=\"noindex, nofollow noopener\" href=\"https:\/\/twitter.com\/SudRadio\/status\/2003813024834998539\" target=\"_blank\"><\/p><\/blockquote>\n<p>D\u2019ailleurs, plusieurs \u00e9pisodes sont d\u00e9j\u00e0 tourn\u00e9s, dont certains<br \/>\nlui tiennent particuli\u00e8rement \u00e0 c\u0153ur. Notamment celui consacr\u00e9 \u00e0<br \/>\nl\u2019inclusion, avec la jeune Mayane. Un sujet fort, trait\u00e9 avec<br \/>\ndouceur, qui montre parfaitement <strong>ce que Mimie Mathy veut<br \/>\nd\u00e9fendre \u00e0 l\u2019\u00e9cran<\/strong>. En r\u00e9sum\u00e9, <a href=\"https:\/\/www.mariefrance.fr\/actualite\/mimie-mathy-josephine-ange-gardien-deprogrammee-cause-bleus-internautes-pardonne-tf1-699337.html\" target=\"_blank\" rel=\"noopener\">Jos\u00e9phine ange gardien<\/a><br \/>\nn\u2019est pas pr\u00e8s de tirer sa r\u00e9v\u00e9rence, mais sa star pr\u00e9f\u00e8re rester<br \/>\nhonn\u00eate. Pas de faux suspense, pas de promesse irr\u00e9aliste. Juste<br \/>\nl\u2019envie de continuer tant que le plaisir est l\u00e0, et de partir le<br \/>\njour o\u00f9 cela aura du sens.<\/p>\n<p><script async src=\"https:\/\/platform.twitter.com\/widgets.js\" charset=\"utf-8\"><\/script><\/p>\n","protected":false},"excerpt":{"rendered":"Alors que Jos\u00e9phine ange gardien fait son grand retour en prime time sur TF1 le 29 d\u00e9cembre prochain,&hellip;\n","protected":false},"author":2,"featured_media":622422,"comment_status":"","ping_status":"","sticky":false,"template":"","format":"standard","meta":{"footnotes":""},"categories":[1356],"tags":[58,59,1011,27,252,1364],"class_list":{"0":"post-622421","1":"post","2":"type-post","3":"status-publish","4":"format-standard","5":"has-post-thumbnail","7":"category-television","8":"tag-divertissement","9":"tag-entertainment","10":"tag-fr","11":"tag-france","12":"tag-television","13":"tag-tv"},"share_on_mastodon":{"url":"https:\/\/pubeurope.com\/@fr\/115783128557179969","error":""},"_links":{"self":[{"href":"https:\/\/www.europesays.com\/fr\/wp-json\/wp\/v2\/posts\/622421","targetHints":{"allow":["GET"]}}],"collection":[{"href":"https:\/\/www.europesays.com\/fr\/wp-json\/wp\/v2\/posts"}],"about":[{"href":"https:\/\/www.europesays.com\/fr\/wp-json\/wp\/v2\/types\/post"}],"author":[{"embeddable":true,"href":"https:\/\/www.europesays.com\/fr\/wp-json\/wp\/v2\/users\/2"}],"replies":[{"embeddable":true,"href":"https:\/\/www.europesays.com\/fr\/wp-json\/wp\/v2\/comments?post=622421"}],"version-history":[{"count":0,"href":"https:\/\/www.europesays.com\/fr\/wp-json\/wp\/v2\/posts\/622421\/revisions"}],"wp:featuredmedia":[{"embeddable":true,"href":"https:\/\/www.europesays.com\/fr\/wp-json\/wp\/v2\/media\/622422"}],"wp:attachment":[{"href":"https:\/\/www.europesays.com\/fr\/wp-json\/wp\/v2\/media?parent=622421"}],"wp:term":[{"taxonomy":"category","embeddable":true,"href":"https:\/\/www.europesays.com\/fr\/wp-json\/wp\/v2\/categories?post=622421"},{"taxonomy":"post_tag","embeddable":true,"href":"https:\/\/www.europesays.com\/fr\/wp-json\/wp\/v2\/tags?post=622421"}],"curies":[{"name":"wp","href":"https:\/\/api.w.org\/{rel}","templated":true}]}}