{"id":622423,"date":"2025-12-26T00:51:17","date_gmt":"2025-12-26T00:51:17","guid":{"rendered":"https:\/\/www.europesays.com\/fr\/622423\/"},"modified":"2025-12-26T00:51:17","modified_gmt":"2025-12-26T00:51:17","slug":"actus-champagne-fm-un-sdf-retrouve-mort","status":"publish","type":"post","link":"https:\/\/www.europesays.com\/fr\/622423\/","title":{"rendered":"Actus &#8211; Champagne FM &#8211; Un SDF retrouv\u00e9 mort"},"content":{"rendered":"\n<p>Le procureur de la R\u00e9publique de Reims annonce le d\u00e9c\u00e8s d&rsquo;un SDF, dans la nuit de mercredi \u00e0 jeudi, \u00e0 Reims.<\/p>\n<p>Son corps a \u00e9t\u00e9 d\u00e9couvert sur la place d&rsquo;Erlon, en plein centre-ville.<\/p>\n<p>Pr\u00e9nomm\u00e9 Morgan, il \u00e9tait \u00e2g\u00e9 de 35 ans.<\/p>\n<p>Le procureur pr\u00e9cise que la victime \u00e9tait \u00ab b\u00e9n\u00e9ficiaire d&rsquo;un dispositif de logement social mais n&rsquo;y restait pas \u00bb.<\/p>\n<p>Si la cause la plus probable de son d\u00e9c\u00e8s est le froid, une enqu\u00eate est malgr\u00e9 tout ouverte en recherche des causes de la mort.<\/p>\n<p>Une autopsie doit \u00eatre pratiqu\u00e9e ce vendredi 26 d\u00e9cembre.<\/p>\n<p>!function(f,b,e,v,n,t,s)<br \/>\n{if(f.fbq)return;n=f.fbq=function(){n.callMethod?<br \/>\nn.callMethod.apply(n,arguments):n.queue.push(arguments)};<br \/>\nif(!f._fbq)f._fbq=n;n.push=n;n.loaded=!0;n.version=&rsquo;2.0&prime;;<br \/>\nn.queue=[];t=b.createElement(e);t.async=!0;<br \/>\nt.src=v;s=b.getElementsByTagName(e)[0];<br \/>\ns.parentNode.insertBefore(t,s)}(window, document,&rsquo;script&rsquo;,<br \/>\n&lsquo;https:\/\/connect.facebook.net\/en_US\/fbevents.js&rsquo;);<br \/>\nfbq(&lsquo;init&rsquo;, &lsquo;804989127308002&rsquo;);<br \/>\nfbq(&lsquo;track&rsquo;, &lsquo;PageView&rsquo;);<\/p>\n","protected":false},"excerpt":{"rendered":"Le procureur de la R\u00e9publique de Reims annonce le d\u00e9c\u00e8s d&rsquo;un SDF, dans la nuit de mercredi \u00e0&hellip;\n","protected":false},"author":2,"featured_media":622424,"comment_status":"","ping_status":"","sticky":false,"template":"","format":"standard","meta":{"footnotes":""},"categories":[1355],"tags":[11,3723,65455,5591,52029,65464,65463,65459,58,59,65456,1011,27,876,38839,30237,37289,37290,1114,4537,23664,12650,1361,873,12,1825,4243,65457,65461,65462,65458,56304,1964,65460],"class_list":{"0":"post-622423","1":"post","2":"type-post","3":"status-publish","4":"format-standard","5":"has-post-thumbnail","7":"category-musique","8":"tag-actualites","9":"tag-actus","10":"tag-ardennes","11":"tag-aube","12":"tag-chalons","13":"tag-champagne-ardennes","14":"tag-champagne-fm","15":"tag-charleville-mezieres","16":"tag-divertissement","17":"tag-entertainment","18":"tag-epernay","19":"tag-fr","20":"tag-france","21":"tag-france-3","22":"tag-france-bleu","23":"tag-haute-marne","24":"tag-info-locale","25":"tag-info-regionale","26":"tag-infos","27":"tag-lunion","28":"tag-la-voix-du-nord","29":"tag-marne","30":"tag-music","31":"tag-musique","32":"tag-news","33":"tag-radio","34":"tag-reims","35":"tag-rethel","36":"tag-romilly","37":"tag-sainte-menehould","38":"tag-sedan","39":"tag-sezanne","40":"tag-troyes","41":"tag-vouziers"},"share_on_mastodon":{"url":"https:\/\/pubeurope.com\/@fr\/115783131799815007","error":""},"_links":{"self":[{"href":"https:\/\/www.europesays.com\/fr\/wp-json\/wp\/v2\/posts\/622423","targetHints":{"allow":["GET"]}}],"collection":[{"href":"https:\/\/www.europesays.com\/fr\/wp-json\/wp\/v2\/posts"}],"about":[{"href":"https:\/\/www.europesays.com\/fr\/wp-json\/wp\/v2\/types\/post"}],"author":[{"embeddable":true,"href":"https:\/\/www.europesays.com\/fr\/wp-json\/wp\/v2\/users\/2"}],"replies":[{"embeddable":true,"href":"https:\/\/www.europesays.com\/fr\/wp-json\/wp\/v2\/comments?post=622423"}],"version-history":[{"count":0,"href":"https:\/\/www.europesays.com\/fr\/wp-json\/wp\/v2\/posts\/622423\/revisions"}],"wp:featuredmedia":[{"embeddable":true,"href":"https:\/\/www.europesays.com\/fr\/wp-json\/wp\/v2\/media\/622424"}],"wp:attachment":[{"href":"https:\/\/www.europesays.com\/fr\/wp-json\/wp\/v2\/media?parent=622423"}],"wp:term":[{"taxonomy":"category","embeddable":true,"href":"https:\/\/www.europesays.com\/fr\/wp-json\/wp\/v2\/categories?post=622423"},{"taxonomy":"post_tag","embeddable":true,"href":"https:\/\/www.europesays.com\/fr\/wp-json\/wp\/v2\/tags?post=622423"}],"curies":[{"name":"wp","href":"https:\/\/api.w.org\/{rel}","templated":true}]}}