{"id":622449,"date":"2025-12-26T01:09:20","date_gmt":"2025-12-26T01:09:20","guid":{"rendered":"https:\/\/www.europesays.com\/fr\/622449\/"},"modified":"2025-12-26T01:09:20","modified_gmt":"2025-12-26T01:09:20","slug":"toulon-sur-arroux-cest-encore-mieux-que-lan-passe","status":"publish","type":"post","link":"https:\/\/www.europesays.com\/fr\/622449\/","title":{"rendered":"Toulon-sur-Arroux. \u00ab C\u2019est encore mieux que l\u2019an pass\u00e9\u00a0\u00bb"},"content":{"rendered":"<p>Le premier week-end du mois de d\u00e9cembre, une \u00e9quipe de b\u00e9n\u00e9voles s\u2019\u00e9tait engag\u00e9e pour le T\u00e9l\u00e9thon. Deux jours remplis d\u2019animations telles que le \u201cd\u00e9fi tour\u201d ou encore le trail nocturne, activit\u00e9 sportive prenant de plus en plus d\u2019ampleur, qui a connu une fois de plus, un succ\u00e8s consid\u00e9rable.<\/p>\n<p>Ce samedi avait lieu une r\u00e9ception sur la commune de Vitry-en-Charollais, pour la remise d\u2019un ch\u00e8que de 4612, 24\u00a0\u20ac \u00e0 la d\u00e9l\u00e9gation Ouest du d\u00e9partement. Un investissement de tous, pour cette grande cause nationale, qui a port\u00e9 ses fruits. \u00ab C\u2019est encore mieux que l\u2019an pass\u00e9. Nous adressons nos plus vifs remerciements aux sponsors, partenaires et b\u00e9n\u00e9voles qui ont apport\u00e9 leur contribution \u00e0 cet \u00e9v\u00e9nement\u00a0\u00bb, pr\u00e9cisent les deux coordinateurs locaux, l\u2019\u00e9lu Fr\u00e9d\u00e9rick Gu\u00e9nard et le pompier volontaire Guillaume Desvignes.<\/p>\n","protected":false},"excerpt":{"rendered":"Le premier week-end du mois de d\u00e9cembre, une \u00e9quipe de b\u00e9n\u00e9voles s\u2019\u00e9tait engag\u00e9e pour le T\u00e9l\u00e9thon. Deux jours&hellip;\n","protected":false},"author":2,"featured_media":622450,"comment_status":"","ping_status":"","sticky":false,"template":"","format":"standard","meta":{"footnotes":""},"categories":[9619],"tags":[1111,11,12568,1777,674,107,1011,27,14000,12,882,25,104,2310,13999,1631],"class_list":{"0":"post-622449","1":"post","2":"type-post","3":"status-publish","4":"format-standard","5":"has-post-thumbnail","7":"category-toulon","8":"tag-actu","9":"tag-actualites","10":"tag-edition-montceau-les-mines","11":"tag-eu","12":"tag-europe","13":"tag-fil-info","14":"tag-fr","15":"tag-france","16":"tag-montceau-les-mines-bassin","17":"tag-news","18":"tag-provence-alpes-cote-dazur","19":"tag-republique-francaise","20":"tag-societe","21":"tag-toulon","22":"tag-toulon-sur-arroux","23":"tag-vie-associative"},"share_on_mastodon":{"url":"https:\/\/pubeurope.com\/@fr\/115783202518305323","error":""},"_links":{"self":[{"href":"https:\/\/www.europesays.com\/fr\/wp-json\/wp\/v2\/posts\/622449","targetHints":{"allow":["GET"]}}],"collection":[{"href":"https:\/\/www.europesays.com\/fr\/wp-json\/wp\/v2\/posts"}],"about":[{"href":"https:\/\/www.europesays.com\/fr\/wp-json\/wp\/v2\/types\/post"}],"author":[{"embeddable":true,"href":"https:\/\/www.europesays.com\/fr\/wp-json\/wp\/v2\/users\/2"}],"replies":[{"embeddable":true,"href":"https:\/\/www.europesays.com\/fr\/wp-json\/wp\/v2\/comments?post=622449"}],"version-history":[{"count":0,"href":"https:\/\/www.europesays.com\/fr\/wp-json\/wp\/v2\/posts\/622449\/revisions"}],"wp:featuredmedia":[{"embeddable":true,"href":"https:\/\/www.europesays.com\/fr\/wp-json\/wp\/v2\/media\/622450"}],"wp:attachment":[{"href":"https:\/\/www.europesays.com\/fr\/wp-json\/wp\/v2\/media?parent=622449"}],"wp:term":[{"taxonomy":"category","embeddable":true,"href":"https:\/\/www.europesays.com\/fr\/wp-json\/wp\/v2\/categories?post=622449"},{"taxonomy":"post_tag","embeddable":true,"href":"https:\/\/www.europesays.com\/fr\/wp-json\/wp\/v2\/tags?post=622449"}],"curies":[{"name":"wp","href":"https:\/\/api.w.org\/{rel}","templated":true}]}}