{"id":62245,"date":"2025-04-29T16:43:10","date_gmt":"2025-04-29T16:43:10","guid":{"rendered":"https:\/\/www.europesays.com\/fr\/62245\/"},"modified":"2025-04-29T16:43:10","modified_gmt":"2025-04-29T16:43:10","slug":"toulon-perd-son-maitre-a-jouer-au-pire-moment","status":"publish","type":"post","link":"https:\/\/www.europesays.com\/fr\/62245\/","title":{"rendered":"Toulon perd son ma\u00eetre \u00e0 jouer au pire moment"},"content":{"rendered":"<p>Le RCT n\u2019avait franchement pas besoin de \u00e7a. Alors que la saison touche \u00e0 sa phase la plus tendue, <strong>Melvyn Jaminet<\/strong> va manquer plusieurs semaines de comp\u00e9tition. Victime d\u2019un choc impressionnant \u00e0 Vannes, l\u2019arri\u00e8re toulonnais a \u00e9t\u00e9 <strong>op\u00e9r\u00e9 du visage<\/strong> et devrait \u00eatre absent au minimum un mois. Un gros coup dur pour Toulon, qui perd bien plus qu\u2019un simple num\u00e9ro 15.<\/p>\n<p>Une soir\u00e9e \u00e0 Vannes qui tourne au cauchemar<\/p>\n<p>Il restait une grosse demi-heure \u00e0 jouer samedi dernier \u00e0 La Rabine, quand tout a bascul\u00e9. Sur une phase de jeu a priori banale, <strong>Jaminet percute violemment le genou de Swan Rebbadj<\/strong>, son co\u00e9quipier, alors qu\u2019il se replie en d\u00e9fense. Le choc est direct, net, brutal. KO sur le coup, l\u2019arri\u00e8re de 25 ans reste au sol plusieurs minutes avant d\u2019\u00eatre \u00e9vacu\u00e9 sur civi\u00e8re. Le public breton, tr\u00e8s correct, lui offre une belle ovation. Mais dans les t\u00eates toulonnaises, c\u2019est d\u00e9j\u00e0 le flou.<\/p>\n<p>Ce soir-l\u00e0, Toulon perd le match (<strong>29-19<\/strong>), et surtout un de ses tout meilleurs joueurs. Les premiers mots de <strong>Pierre Mignoni<\/strong> \u00e0 la sortie du vestiaire se veulent rassurants : \u00ab\u00a0Melvyn \u00e9tait l\u00e0 avec nous, il a juste un \u2018pet\u2019 \u00e0 la tempe \u00e0 surveiller.\u00a0\u00bb L\u2019expression pr\u00eate presque \u00e0 sourire aujourd\u2019hui, tant la suite a vir\u00e9 au s\u00e9rieux.<\/p>\n<p>Une fracture et une op\u00e9ration rapide<\/p>\n<p>De retour dans le Var, Jaminet passe une batterie d\u2019examens. Le verdict tombe rapidement : <strong>fracture du plancher orbital<\/strong>, cette fine paroi osseuse situ\u00e9e juste sous l\u2019\u0153il. Une blessure qui n\u00e9cessite une <strong>intervention chirurgicale<\/strong>, r\u00e9alis\u00e9e ce mardi 29 avril. L\u2019op\u00e9ration s\u2019est bien pass\u00e9e, mais le calendrier est implacable : <strong>il sera out pour au moins quatre semaines<\/strong>, peut-\u00eatre six.<\/p>\n<p>Autrement dit, l\u2019arri\u00e8re international ratera les deux gros rendez-vous du mois de mai : <strong>la r\u00e9ception du Stade Toulousain le 10<\/strong> et <strong>le d\u00e9placement \u00e0 Pau le 17<\/strong>. Il pourrait revenir pour <strong>la r\u00e9ception de l\u2019UBB le 31 mai<\/strong>, mais rien n\u2019est garanti. Tout d\u00e9pendra de sa r\u00e9cup\u00e9ration et de l\u2019\u00e9volution post-op\u00e9ratoire.<\/p>\n<p>Un retour qui tombait \u00e0 pic\u2026 avant la rechute<\/p>\n<p>Le timing de cette blessure est cruel. Revenu en f\u00e9vrier, il a tr\u00e8s vite repris ses marques, encha\u00eenant les prestations solides, souvent d\u00e9cisives. Et surtout, il avait remis \u00e0 jour ce qu\u2019il sait faire de mieux : <strong>claquer des points au pied de n\u2019importe o\u00f9<\/strong>.<\/p>\n<p>Ses 50 m\u00e8tres plein axe, ses p\u00e9nalit\u00e9s dans des angles impossibles, c\u2019\u00e9tait redevenu un atout redoutable pour Toulon. En l\u2019espace de quelques semaines, il avait retrouv\u00e9 <strong>son statut de pi\u00e8ce ma\u00eetresse<\/strong>, dans un collectif toulonnais en qu\u00eate de constance. Cette rechute tombe donc tr\u00e8s mal.<\/p>\n<p>Une fin de saison \u00e0 risque pour le RCT<\/p>\n<p>Sans son <strong>meilleur buteur longue distance<\/strong>, <strong>le RCT va devoir bricoler<\/strong>. Il reste peu de matchs pour accrocher une place directe en demi-finale. Et le calendrier n\u2019a rien de tendre. Les choix devront \u00eatre justes, les rempla\u00e7ants inspir\u00e9s. Mais une chose est s\u00fbre : <strong>le vide laiss\u00e9 par Jaminet est immense<\/strong>, dans le jeu comme dans la t\u00eate des joueurs.<\/p>\n<p>C\u2019est toute l\u2019ironie d\u2019un sport de contacts : un simple mauvais timing, un genou dans la course, et tout peut basculer. Jaminet, qui revenait avec ambition et envie, se retrouve \u00e0 nouveau \u00e0 l\u2019arr\u00eat. Et Toulon doit maintenant continuer sa route, <strong>sans son m\u00e9tronome<\/strong>.<\/p>\n<p>Source : Rugbyrama<\/p>\n<p><img loading=\"lazy\" src=\"https:\/\/www.europesays.com\/fr\/wp-content\/uploads\/2025\/04\/whatsapp-image-2024-07-31-at-09.08.32-e1727245864215.jpeg\" height=\"100\" width=\"100\" class=\" sp-no-webp\" alt=\"whatsapp image 2024 07 31 at 09.08.32\" decoding=\"async\"\/> <\/p>\n<p>J\u2019ai grandi dans une famille o\u00f9 le rugby \u00e9tait de tous les moments. J\u2019\u00e9tais au bord du terrain quand Castres a battu Pau et a rejoint l\u2019\u00e9lite, j\u2019\u00e9tais dans le Stade Pierre Antoine face \u00e0 Gary Whetton quand il a fait son Haka pour c\u00e9l\u00e9brer le Brennus de 1993 et j\u2019ai toujours \u00e9t\u00e9 berc\u00e9 des l\u00e9gendes de ce sport. Maintenant, c\u2019est avec XV Ovalie que j\u2019entends prolonger l\u2019aventure. #TeamCO<\/p>\n","protected":false},"excerpt":{"rendered":"Le RCT n\u2019avait franchement pas besoin de \u00e7a. Alors que la saison touche \u00e0 sa phase la plus&hellip;\n","protected":false},"author":2,"featured_media":62246,"comment_status":"","ping_status":"","sticky":false,"template":"","format":"standard","meta":{"footnotes":""},"categories":[9619],"tags":[1111,11,1431,1777,674,1011,27,13084,12,882,8177,25,2310],"class_list":{"0":"post-62245","1":"post","2":"type-post","3":"status-publish","4":"format-standard","5":"has-post-thumbnail","7":"category-toulon","8":"tag-actu","9":"tag-actualites","10":"tag-blessure","11":"tag-eu","12":"tag-europe","13":"tag-fr","14":"tag-france","15":"tag-melvyn-jaminet","16":"tag-news","17":"tag-provence-alpes-cote-dazur","18":"tag-rc-toulon","19":"tag-republique-francaise","20":"tag-toulon"},"share_on_mastodon":{"url":"https:\/\/pubeurope.com\/@fr\/114422258330173306","error":""},"_links":{"self":[{"href":"https:\/\/www.europesays.com\/fr\/wp-json\/wp\/v2\/posts\/62245","targetHints":{"allow":["GET"]}}],"collection":[{"href":"https:\/\/www.europesays.com\/fr\/wp-json\/wp\/v2\/posts"}],"about":[{"href":"https:\/\/www.europesays.com\/fr\/wp-json\/wp\/v2\/types\/post"}],"author":[{"embeddable":true,"href":"https:\/\/www.europesays.com\/fr\/wp-json\/wp\/v2\/users\/2"}],"replies":[{"embeddable":true,"href":"https:\/\/www.europesays.com\/fr\/wp-json\/wp\/v2\/comments?post=62245"}],"version-history":[{"count":0,"href":"https:\/\/www.europesays.com\/fr\/wp-json\/wp\/v2\/posts\/62245\/revisions"}],"wp:featuredmedia":[{"embeddable":true,"href":"https:\/\/www.europesays.com\/fr\/wp-json\/wp\/v2\/media\/62246"}],"wp:attachment":[{"href":"https:\/\/www.europesays.com\/fr\/wp-json\/wp\/v2\/media?parent=62245"}],"wp:term":[{"taxonomy":"category","embeddable":true,"href":"https:\/\/www.europesays.com\/fr\/wp-json\/wp\/v2\/categories?post=62245"},{"taxonomy":"post_tag","embeddable":true,"href":"https:\/\/www.europesays.com\/fr\/wp-json\/wp\/v2\/tags?post=62245"}],"curies":[{"name":"wp","href":"https:\/\/api.w.org\/{rel}","templated":true}]}}