{"id":622451,"date":"2025-12-26T01:10:27","date_gmt":"2025-12-26T01:10:27","guid":{"rendered":"https:\/\/www.europesays.com\/fr\/622451\/"},"modified":"2025-12-26T01:10:27","modified_gmt":"2025-12-26T01:10:27","slug":"telethon-4-615-e-remis-grace-a-la-mobilisation-locale","status":"publish","type":"post","link":"https:\/\/www.europesays.com\/fr\/622451\/","title":{"rendered":"T\u00e9l\u00e9thon : 4 615 \u20ac remis gr\u00e2ce \u00e0 la mobilisation locale"},"content":{"rendered":"<p>La solidarit\u00e9 \u00e9tait une nouvelle fois au c\u0153ur de l\u2019actualit\u00e9 locale vendredi 19 d\u00e9cembre. Une remise d\u2019un ch\u00e8que de 4 615 \u20ac s\u2019est tenue en pr\u00e9sence du maire, repr\u00e9sentant du T\u00e9l\u00e9thon sur le littoral. Cette somme a \u00e9t\u00e9 r\u00e9colt\u00e9e gr\u00e2ce aux actions port\u00e9es par l\u2019association Entraide et partage Maguelone, notamment avec le grand week-end T\u00e9l\u00e9thon qui s\u2019est d\u00e9roul\u00e9 du 29 au 30 novembre. Les b\u00e9n\u00e9voles, dont les membres d\u2019Entraide et partage Maguelone, et en particulier sa pr\u00e9sidente, St\u00e9phane Tomas, ainsi que les partenaires et les participants ont \u00e9t\u00e9 salu\u00e9s. Un moment symbolique, qui rappelle que, m\u00eame \u00e0 l\u2019\u00e9chelle locale, chaque action compte et contribue \u00e0 faire avancer la recherche.<\/p>\n<p>Correspondante Midi Libre : 07 68 37 88 08<\/p>\n","protected":false},"excerpt":{"rendered":"La solidarit\u00e9 \u00e9tait une nouvelle fois au c\u0153ur de l\u2019actualit\u00e9 locale vendredi 19 d\u00e9cembre. Une remise d\u2019un ch\u00e8que&hellip;\n","protected":false},"author":2,"featured_media":622452,"comment_status":"","ping_status":"","sticky":false,"template":"","format":"standard","meta":{"footnotes":""},"categories":[9599],"tags":[1111,11,1777,674,1011,27,7089,2208,12,2680,25,801,1857,69467],"class_list":{"0":"post-622451","1":"post","2":"type-post","3":"status-publish","4":"format-standard","5":"has-post-thumbnail","7":"category-montpellier","8":"tag-actu","9":"tag-actualites","10":"tag-eu","11":"tag-europe","12":"tag-fr","13":"tag-france","14":"tag-herault","15":"tag-montpellier","16":"tag-news","17":"tag-occitanie","18":"tag-republique-francaise","19":"tag-social","20":"tag-sociu00e9tu00e9","21":"tag-villeneuvelesmaguelone"},"share_on_mastodon":{"url":"https:\/\/pubeurope.com\/@fr\/115783206458412322","error":""},"_links":{"self":[{"href":"https:\/\/www.europesays.com\/fr\/wp-json\/wp\/v2\/posts\/622451","targetHints":{"allow":["GET"]}}],"collection":[{"href":"https:\/\/www.europesays.com\/fr\/wp-json\/wp\/v2\/posts"}],"about":[{"href":"https:\/\/www.europesays.com\/fr\/wp-json\/wp\/v2\/types\/post"}],"author":[{"embeddable":true,"href":"https:\/\/www.europesays.com\/fr\/wp-json\/wp\/v2\/users\/2"}],"replies":[{"embeddable":true,"href":"https:\/\/www.europesays.com\/fr\/wp-json\/wp\/v2\/comments?post=622451"}],"version-history":[{"count":0,"href":"https:\/\/www.europesays.com\/fr\/wp-json\/wp\/v2\/posts\/622451\/revisions"}],"wp:featuredmedia":[{"embeddable":true,"href":"https:\/\/www.europesays.com\/fr\/wp-json\/wp\/v2\/media\/622452"}],"wp:attachment":[{"href":"https:\/\/www.europesays.com\/fr\/wp-json\/wp\/v2\/media?parent=622451"}],"wp:term":[{"taxonomy":"category","embeddable":true,"href":"https:\/\/www.europesays.com\/fr\/wp-json\/wp\/v2\/categories?post=622451"},{"taxonomy":"post_tag","embeddable":true,"href":"https:\/\/www.europesays.com\/fr\/wp-json\/wp\/v2\/tags?post=622451"}],"curies":[{"name":"wp","href":"https:\/\/api.w.org\/{rel}","templated":true}]}}