{"id":622453,"date":"2025-12-26T01:11:13","date_gmt":"2025-12-26T01:11:13","guid":{"rendered":"https:\/\/www.europesays.com\/fr\/622453\/"},"modified":"2025-12-26T01:11:13","modified_gmt":"2025-12-26T01:11:13","slug":"previsions-du-vendredi-26-decembre-2025-5","status":"publish","type":"post","link":"https:\/\/www.europesays.com\/fr\/622453\/","title":{"rendered":"pr\u00e9visions du vendredi 26 d\u00e9cembre 2025"},"content":{"rendered":"<p>Des \u00e9claircies feront leur apparition dans la journ\u00e9e \u00e0 Montpellier. Les valeurs avoisineront les 8\u00b0C. Un vent de nord-est est pr\u00e9vu : il soufflera \u00e0 21 km\/h. Le matin, le mercure affichera 8\u00b0C en moyenne. Les temp\u00e9ratures seront de 8\u00b0C au plus bas et de 10\u00b0C au maximum l&rsquo;apr\u00e8s-midi. Le soir, le vent va progressivement chasser la grisaille. Les valeurs s&rsquo;\u00e9chelonneront entre 7\u00b0C et 8\u00b0C. Un ciel clair est \u00e0 pr\u00e9voir dans la nuit entre vendredi et samedi.<\/p>\n<p>Demain, les Montpelli\u00e9rains vont pouvoir b\u00e9n\u00e9ficier d&rsquo;un soleil magnifique. Le temps va se r\u00e9chauffer avec une augmentation de quelques degr\u00e9s. On anticipe des temp\u00e9ratures d&rsquo;environ 9\u00b0C. Un vent de nord-est rafra\u00eechira l\u00e9g\u00e8rement l&rsquo;atmosph\u00e8re. Dans la matin\u00e9e, les temp\u00e9ratures tourneront autour des 8\u00b0C. Demain apr\u00e8s-midi, les valeurs seront comprises entre 9 et 12\u00b0C. Des \u00e9claircies sont attendues : on passera une soir\u00e9e agr\u00e9able. Il fera 8\u00b0C en moyenne.<\/p>\n<p>Les jours suivants s&rsquo;annoncent similaires. Le temps sera ensoleill\u00e9 avec des temp\u00e9ratures autour de 5\u00b0C.<\/p>\n<p><\/p>\n","protected":false},"excerpt":{"rendered":"Des \u00e9claircies feront leur apparition dans la journ\u00e9e \u00e0 Montpellier. Les valeurs avoisineront les 8\u00b0C. Un vent de&hellip;\n","protected":false},"author":2,"featured_media":622454,"comment_status":"","ping_status":"","sticky":false,"template":"","format":"standard","meta":{"footnotes":""},"categories":[9599],"tags":[1111,11,1777,674,1011,27,2208,12,2680,2119,25],"class_list":{"0":"post-622453","1":"post","2":"type-post","3":"status-publish","4":"format-standard","5":"has-post-thumbnail","7":"category-montpellier","8":"tag-actu","9":"tag-actualites","10":"tag-eu","11":"tag-europe","12":"tag-fr","13":"tag-france","14":"tag-montpellier","15":"tag-news","16":"tag-occitanie","17":"tag-previsions-meteo","18":"tag-republique-francaise"},"share_on_mastodon":{"url":"https:\/\/pubeurope.com\/@fr\/115783210327201912","error":""},"_links":{"self":[{"href":"https:\/\/www.europesays.com\/fr\/wp-json\/wp\/v2\/posts\/622453","targetHints":{"allow":["GET"]}}],"collection":[{"href":"https:\/\/www.europesays.com\/fr\/wp-json\/wp\/v2\/posts"}],"about":[{"href":"https:\/\/www.europesays.com\/fr\/wp-json\/wp\/v2\/types\/post"}],"author":[{"embeddable":true,"href":"https:\/\/www.europesays.com\/fr\/wp-json\/wp\/v2\/users\/2"}],"replies":[{"embeddable":true,"href":"https:\/\/www.europesays.com\/fr\/wp-json\/wp\/v2\/comments?post=622453"}],"version-history":[{"count":0,"href":"https:\/\/www.europesays.com\/fr\/wp-json\/wp\/v2\/posts\/622453\/revisions"}],"wp:featuredmedia":[{"embeddable":true,"href":"https:\/\/www.europesays.com\/fr\/wp-json\/wp\/v2\/media\/622454"}],"wp:attachment":[{"href":"https:\/\/www.europesays.com\/fr\/wp-json\/wp\/v2\/media?parent=622453"}],"wp:term":[{"taxonomy":"category","embeddable":true,"href":"https:\/\/www.europesays.com\/fr\/wp-json\/wp\/v2\/categories?post=622453"},{"taxonomy":"post_tag","embeddable":true,"href":"https:\/\/www.europesays.com\/fr\/wp-json\/wp\/v2\/tags?post=622453"}],"curies":[{"name":"wp","href":"https:\/\/api.w.org\/{rel}","templated":true}]}}