{"id":622455,"date":"2025-12-26T01:16:27","date_gmt":"2025-12-26T01:16:27","guid":{"rendered":"https:\/\/www.europesays.com\/fr\/622455\/"},"modified":"2025-12-26T01:16:27","modified_gmt":"2025-12-26T01:16:27","slug":"le-suspect-place-en-hopital-psychiatrique-2","status":"publish","type":"post","link":"https:\/\/www.europesays.com\/fr\/622455\/","title":{"rendered":"le suspect plac\u00e9 en h\u00f4pital psychiatrique"},"content":{"rendered":"<p itemprop=\"description\"><strong>D&rsquo;un h\u00f4pital \u00e0 un autre.<\/strong><\/p>\n<p>Le parquet de Grenoble annonce que <a href=\"https:\/\/www.grenoblemag.com\/article\/2438\/individu-blesse-par-balles-par-un-policier-a-grenoble-le-suspect-a-des-antecedents-psychiatriques\" target=\"_blank\" rel=\"noopener\">l&rsquo;homme gri\u00e8vement bless\u00e9 par balles par un policier lundi<\/a> a \u00e9t\u00e9 pris en charge par un h\u00f4pital psychiatrique. Un placement sans consentement d\u00e9cid\u00e9 \u00e0 l&rsquo;issue de son hospitalisation pour soigner ses blessures \u00e0 la main et au thorax.<\/p>\n<p>Une d\u00e9cision peu \u00e9tonnante, puisque le casier judiciaire du suspect est vierge, compte-tenu de son \u00e9tat psychiatrique, qui lui a permis d&rsquo;\u00e9chapper \u00e0 des condamnations pour des faits de violences commises en 2017, 2022 et 2023.<\/p>\n<p>Pour rappel, cet individu de 34 ans avait menac\u00e9 avec un couteau le personnel d&rsquo;une auto-\u00e9cole du boulevard Jean-Pain d&rsquo;o\u00f9 il avait \u00e9t\u00e9 exclu. Alors que les policiers arrivaient en renfort et qu&rsquo;il prenait la fuite vers le parc Paul-Mistral, le trentenaire n&rsquo;avait pas obtemp\u00e9r\u00e9 et s&rsquo;avan\u00e7ait arm\u00e9 vers les fonctionnaires.<\/p>\n<p>Une enqu\u00eate de l&rsquo;IGPN a \u00e9galement \u00e9t\u00e9 ouverte pour d\u00e9terminer si le tir du policier se sentant menac\u00e9 \u00e9tait l\u00e9gitime ou non.<\/p>\n","protected":false},"excerpt":{"rendered":"D&rsquo;un h\u00f4pital \u00e0 un autre. Le parquet de Grenoble annonce que l&rsquo;homme gri\u00e8vement bless\u00e9 par balles par un&hellip;\n","protected":false},"author":2,"featured_media":621141,"comment_status":"","ping_status":"","sticky":false,"template":"","format":"standard","meta":{"footnotes":""},"categories":[9566],"tags":[1111,11,2813,2430,1109,251,1112,2811,1777,674,118,1011,27,21780,2731,14004,1922,1110,1114,108,12,316,25,2812,517,800],"class_list":{"0":"post-622455","1":"post","2":"type-post","3":"status-publish","4":"format-standard","5":"has-post-thumbnail","7":"category-grenoble","8":"tag-actu","9":"tag-actualites","10":"tag-article","11":"tag-auvergne-rhone-alpes","12":"tag-breves","13":"tag-culture","14":"tag-depeches","15":"tag-economique","16":"tag-eu","17":"tag-europe","18":"tag-faits-divers","19":"tag-fr","20":"tag-france","21":"tag-gf38","22":"tag-grenoble","23":"tag-grenoblemag","24":"tag-info","25":"tag-informations","26":"tag-infos","27":"tag-isere","28":"tag-news","29":"tag-politique","30":"tag-republique-francaise","31":"tag-sociale","32":"tag-sport","33":"tag-transports"},"share_on_mastodon":{"url":"https:\/\/pubeurope.com\/@fr\/115783229942784995","error":""},"_links":{"self":[{"href":"https:\/\/www.europesays.com\/fr\/wp-json\/wp\/v2\/posts\/622455","targetHints":{"allow":["GET"]}}],"collection":[{"href":"https:\/\/www.europesays.com\/fr\/wp-json\/wp\/v2\/posts"}],"about":[{"href":"https:\/\/www.europesays.com\/fr\/wp-json\/wp\/v2\/types\/post"}],"author":[{"embeddable":true,"href":"https:\/\/www.europesays.com\/fr\/wp-json\/wp\/v2\/users\/2"}],"replies":[{"embeddable":true,"href":"https:\/\/www.europesays.com\/fr\/wp-json\/wp\/v2\/comments?post=622455"}],"version-history":[{"count":0,"href":"https:\/\/www.europesays.com\/fr\/wp-json\/wp\/v2\/posts\/622455\/revisions"}],"wp:featuredmedia":[{"embeddable":true,"href":"https:\/\/www.europesays.com\/fr\/wp-json\/wp\/v2\/media\/621141"}],"wp:attachment":[{"href":"https:\/\/www.europesays.com\/fr\/wp-json\/wp\/v2\/media?parent=622455"}],"wp:term":[{"taxonomy":"category","embeddable":true,"href":"https:\/\/www.europesays.com\/fr\/wp-json\/wp\/v2\/categories?post=622455"},{"taxonomy":"post_tag","embeddable":true,"href":"https:\/\/www.europesays.com\/fr\/wp-json\/wp\/v2\/tags?post=622455"}],"curies":[{"name":"wp","href":"https:\/\/api.w.org\/{rel}","templated":true}]}}