{"id":622456,"date":"2025-12-26T01:18:48","date_gmt":"2025-12-26T01:18:48","guid":{"rendered":"https:\/\/www.europesays.com\/fr\/622456\/"},"modified":"2025-12-26T01:18:48","modified_gmt":"2025-12-26T01:18:48","slug":"mercato-rennes-a-pense-a-largentin-claudio-echeverri-des-touches-pour-un-depart-de-kamara","status":"publish","type":"post","link":"https:\/\/www.europesays.com\/fr\/622456\/","title":{"rendered":"Mercato\u00a0: Rennes a pens\u00e9 \u00e0 l\u2019Argentin Claudio Echeverri, des touches pour un d\u00e9part de Kamara"},"content":{"rendered":"<p class=\"paragraph text_align_left lp-f-body-02\">Le mercato d\u2019hiver, qui ouvre d\u00e9but janvier, devrait \u00eatre assez calme du c\u00f4t\u00e9 <a href=\"https:\/\/www.leparisien.fr\/sports\/football\/ligue-1\/mercato-rennes-chelsea-suit-avec-interet-le-defenseur-rennais-jeremy-jacquet-19-12-2025-3MXVIA7OVJARVCPSVBG5YZWKQA.php\" target=\"_self\" rel=\"noopener\">du Stade Rennais<\/a> o\u00f9 on se tient pr\u00eat quand m\u00eame \u00e0 agir en fonction des opportunit\u00e9s et des mouvements de certains joueurs. Totalement relanc\u00e9 avec 6 victoires lors de ses 7 derniers matchs, dont une qualification pour les 16e de finale de la Coupe de France, le groupe d\u2019Habib Beye s\u2019est trouv\u00e9 des rep\u00e8res et les sourires de plus en plus nombreux ces derni\u00e8res semaines ont, semble-t-il, rassur\u00e9 les d\u00e9cideurs qui n\u2019entendent pas tout bouscul\u00e9 \u00e0 la mi-saison.<\/p>\n<p class=\"\">Dans le sens des d\u00e9parts, Glen Kamara, sous contrat jusqu\u2019en 2028, appara\u00eet aujourd\u2019hui en premi\u00e8re ligne. Rennes lui cherche une porte de sortie \u00e0 l\u2019\u00e9tranger. Copenhague et des clubs turcs ont pris des informations, sans que cela ne soit tr\u00e8s concret pour l\u2019instant.<\/p>\n<p class=\"\">Alors que Ludovic Blas pourrait \u00e9galement devenir un sujet au cours du mois de janvier, le club breton envisage le recrutement d\u2019un milieu offensif, capable d\u2019amener de la vari\u00e9t\u00e9 dans les profils \u00e0 disposition du coach.<\/p>\n<p>Echeverri plut\u00f4t \u00e0 Girona<\/p>\n<p class=\"\"><a href=\"https:\/\/www.ouest-france.fr\/sport\/football\/stade-rennais\/mercato-en-quete-dun-profil-creatif-le-stade-rennais-sest-penche-sur-le-meneur-argentin-claudio-echeverri-8b86ae24-e011-11f0-ba14-a010db31b80d\" target=\"_self\" rel=\"noopener\">Selon les informations de Ouest-France<\/a>, que nous pouvons confirmer, un nom plaisait beaucoup aux dirigeants rennais, celui de Claudio Echeverri. Sous l\u2019impulsion de son directeur sportif Lo\u00efc D\u00e9sir\u00e9, le club breton s\u2019\u00e9tait mis sur les rangs pour accueillir l\u2019espoir argentin de 19\u00a0ans, que Manchester City avait recrut\u00e9 \u00e0 River Plate en 2024 contre pr\u00e8s de 20\u00a0millions d\u2019euros avant de le pr\u00eater au Bayer Leverkusen o\u00f9 il n\u2019a pas donn\u00e9 satisfaction.<\/p>\n<p class=\"\">Apr\u00e8s seulement trois titularisations, le club allemand vient de casser le contrat de pr\u00eat du joueur qui ne restera pas pour autant en Angleterre\u2026 Et qui ne rejoindra pas non plus le Stade Rennais. Selon nos informations, Echeverri est sur le point d\u2019\u00eatre pr\u00eat\u00e9 au club espagnol de Girona, propri\u00e9t\u00e9 du City Football Group, pour la deuxi\u00e8me partie de saison.<\/p>\n","protected":false},"excerpt":{"rendered":"Le mercato d\u2019hiver, qui ouvre d\u00e9but janvier, devrait \u00eatre assez calme du c\u00f4t\u00e9 du Stade Rennais o\u00f9 on&hellip;\n","protected":false},"author":2,"featured_media":622457,"comment_status":"","ping_status":"","sticky":false,"template":"","format":"standard","meta":{"footnotes":""},"categories":[2821],"tags":[1111,11,829,1777,674,63,1011,27,66,12,584,25,60],"class_list":{"0":"post-622456","1":"post","2":"type-post","3":"status-publish","4":"format-standard","5":"has-post-thumbnail","7":"category-rennes","8":"tag-actu","9":"tag-actualites","10":"tag-bretagne","11":"tag-eu","12":"tag-europe","13":"tag-football","14":"tag-fr","15":"tag-france","16":"tag-ligue-1","17":"tag-news","18":"tag-rennes","19":"tag-republique-francaise","20":"tag-sports"},"share_on_mastodon":{"url":"https:\/\/pubeurope.com\/@fr\/115783241793344583","error":""},"_links":{"self":[{"href":"https:\/\/www.europesays.com\/fr\/wp-json\/wp\/v2\/posts\/622456","targetHints":{"allow":["GET"]}}],"collection":[{"href":"https:\/\/www.europesays.com\/fr\/wp-json\/wp\/v2\/posts"}],"about":[{"href":"https:\/\/www.europesays.com\/fr\/wp-json\/wp\/v2\/types\/post"}],"author":[{"embeddable":true,"href":"https:\/\/www.europesays.com\/fr\/wp-json\/wp\/v2\/users\/2"}],"replies":[{"embeddable":true,"href":"https:\/\/www.europesays.com\/fr\/wp-json\/wp\/v2\/comments?post=622456"}],"version-history":[{"count":0,"href":"https:\/\/www.europesays.com\/fr\/wp-json\/wp\/v2\/posts\/622456\/revisions"}],"wp:featuredmedia":[{"embeddable":true,"href":"https:\/\/www.europesays.com\/fr\/wp-json\/wp\/v2\/media\/622457"}],"wp:attachment":[{"href":"https:\/\/www.europesays.com\/fr\/wp-json\/wp\/v2\/media?parent=622456"}],"wp:term":[{"taxonomy":"category","embeddable":true,"href":"https:\/\/www.europesays.com\/fr\/wp-json\/wp\/v2\/categories?post=622456"},{"taxonomy":"post_tag","embeddable":true,"href":"https:\/\/www.europesays.com\/fr\/wp-json\/wp\/v2\/tags?post=622456"}],"curies":[{"name":"wp","href":"https:\/\/api.w.org\/{rel}","templated":true}]}}