{"id":622458,"date":"2025-12-26T01:20:22","date_gmt":"2025-12-26T01:20:22","guid":{"rendered":"https:\/\/www.europesays.com\/fr\/622458\/"},"modified":"2025-12-26T01:20:22","modified_gmt":"2025-12-26T01:20:22","slug":"jeu-daventure-indoor-bomb-squad-a-strasbourg-67-experiences-interactives-et-immersives-date-horaires-tarifs","status":"publish","type":"post","link":"https:\/\/www.europesays.com\/fr\/622458\/","title":{"rendered":"Jeu d&rsquo;aventure indoor Bomb Squad \u00e0 Strasbourg (67), Exp\u00e9riences interactives et immersives : date, horaires, tarifs"},"content":{"rendered":"<p class=\"fw-bold font-size-16 my-1\"> 3 rue Br\u00fbl\u00e9e | <a href=\"https:\/\/www.jds.fr\/strasbourg\/\" target=\"_blank\" rel=\"noopener\">Strasbourg<\/a><\/p>\n<p class=\"fw-bold font-size-16 my-1\"> Payant  (<a href=\"#tarifs\" class=\"js-scrollTo\">voir les d\u00e9tails<\/a>)<\/p>\n<ul class=\"list-unstyled d-flex flex-wrap mt-2\">\n<li class=\"me-2 mb-2\">aventure<\/li>\n<li class=\"me-2 mb-2\">immersif<\/li>\n<li class=\"me-2 mb-2\">sensoriel<\/li>\n<li class=\"me-2 mb-2\">adultes<\/li>\n<li class=\"me-2 mb-2\">amis<\/li>\n<li class=\"me-2 mb-2\">groupes<\/li>\n<li class=\"me-2 mb-2\">int\u00e9rieur<\/li>\n<li class=\"me-2 mb-2\">1h<\/li>\n<li class=\"me-2 mb-2\">technologie<\/li>\n<li class=\"me-2 mb-2\">sport<\/li>\n<\/ul>\n<p><a class=\"btn btn-lg shadow-lg btn-primary rounded-pill fnac_link\" data-fnac=\"haut\" href=\"https:\/\/lb.affilae.com\/r\/?p=5f7dd9b02760126e01e487b3&amp;af=628&amp;lp=https%3A%2F%2Fwww.funbooker.com%2Ffr%2Fannonce%2Fjeu-daventure-indoor-bomb-squad-a-strasbourg-67%2Fvoir%3Futm_source%3Daffilae%26utm_medium%3Djds\" target=\"_blank\" rel=\"nofollow noopener\"> Acheter des billets<\/a><\/p>\n<p>Plongez dans une exp\u00e9rience immersive \u00e0 Strasbourg\u00a0: un jeu d\u2019aventure en int\u00e9rieur o\u00f9 vous devrez relever cinq d\u00e9fis palpitants en 1 h pour r\u00e9ussir \u00e0 d\u00e9samorcer une bombe de peinture.<\/p>\n<p><a data-lightbox=\"article\" data-title=\"Jeu d&#039;aventure indoor Bomb Squad \u00e0 Strasbourg (67) DR\" class=\"image detail fullwidth  position-relative d-block\" href=\"https:\/\/www.jds.fr\/medias\/image\/jeu-d-aventure-indoor-bomb-squad-a-strasbourg-67-803882-920-0-F.webp\" title=\"Jeu d&#039;aventure indoor Bomb Squad \u00e0 Strasbourg (67) DR\" target=\"_blank\" rel=\"noopener\"><br \/>\n<img decoding=\"async\" loading=\"lazy\" src=\"https:\/\/www.europesays.com\/fr\/wp-content\/uploads\/2025\/12\/jeu-d-aventure-indoor-bomb-squad-a-strasbourg-67-803882-1200-0.webp.webp\"   width=\"685\" alt=\"Jeu d'aventure indoor Bomb Squad \u00e0 Strasbourg (67)\" class=\"border\"\/><br \/>\nDR<br \/>\nJeu d&rsquo;aventure indoor Bomb Squad \u00e0 Strasbourg (67)<br \/>\n<\/a><\/p>\n<p><strong>D\u00e9roulement du jeu (1 h)\u00a0:<\/strong><\/p>\n<ul>\n<li><strong>Op\u00e9rations\u00a0:<\/strong> lisez, communiquez et ex\u00e9cutez des instructions entre les diff\u00e9rents \u00e9crans de la pi\u00e8ce.<\/li>\n<li><strong>Lasers\u00a0:<\/strong> traversez les diff\u00e9rents parcours laser le plus rapidement possible.<\/li>\n<li><strong>Sounds\u00a0:<\/strong> \u00e9coutez, m\u00e9morisez et recr\u00e9ez des suites de sons dans la pi\u00e8ce \u00e0 l\u2019aide des boutons associ\u00e9s.<\/li>\n<li><strong>Grid\u00a0:<\/strong> activez les dalles jaunes en \u00e9vitant les dalles rouges, dans une pi\u00e8ce enti\u00e8rement recouverte de dalles lumineuses.<\/li>\n<li><strong>Bombe\u00a0:<\/strong> pilotez un char 3D en vous r\u00e9partissant les commandes et d\u00e9truisez les cibles avant la fin du temps imparti.<\/li>\n<\/ul>\n<p>Communication, agilit\u00e9, m\u00e9moire, endurance et coop\u00e9ration seront n\u00e9cessaires pour cette activit\u00e9 fun et originale qui plaira \u00e0 tous.<\/p>\n<p>\u00c0 la fin du jeu, vous recevrez les r\u00e9sultats d\u00e9taill\u00e9s avec votre classement sur chaque d\u00e9fi.<\/p>\n<p>Prolongez votre moment au bar \u00e0 th\u00e8me pour encore plus de convivialit\u00e9, ou bien optez pour l\u2019option ap\u00e9ritif avec une boisson par personne et des planches \u00e0 partager (\u00e0 partir de 4 personnes).<\/p>\n<p>            Renseignements<\/p>\n<p><strong class=\"font-size-18\">O\u00f9\u00a0:<\/strong><br \/> 3 rue Br\u00fbl\u00e9e<a class=\"mt-1 d-block ps-4\" href=\"https:\/\/www.jds.fr\/strasbourg\/\" target=\"_blank\" rel=\"noopener\"> 67000 Strasbourg<\/a><\/p>\n<p>Tarifs et billetterie\u00a0: <\/p>\n<p>Forfait 2 joueurs, Soit 42\u20ac \/ joueur : 84\u00a0\u20ac<br \/>Forfait 3 joueurs, Soit 36\u20ac \/ joueur : 108\u00a0\u20ac<br \/>Forfait 4 joueurs, Soit 31\u20ac \/ joueur : 124\u00a0\u20ac<br \/>Forfait 5 joueurs, Soit 28\u20ac \/ joueur : 140\u00a0\u20ac<br \/>Forfait 6 joueurs, Soit 25\u20ac \/ joueur : 150\u00a0\u20ac<\/p>\n<p>Les actualit\u00e9s \u00e0 Strasbourg<\/p>\n<ul class=\"mt-3 list-unstyled list-articles-v2\" id=\"liste-dates-694de2cf957da\">\n<li class=\"col-12 pt-4\" data-view-id-type=\"1\" data-view-id=\"1303452\" data-view-bc=\"0\"><a class=\"image\" href=\"https:\/\/www.jds.fr\/strasbourg\/magazine\/sorties-du-week-end\/strasbourg-notre-selection-de-sorties-du-week-end-du-26-au-28-decembre-1303452_A\" target=\"_blank\" rel=\"noopener\"><img decoding=\"async\" loading=\"lazy\" src=\"https:\/\/www.europesays.com\/fr\/wp-content\/uploads\/2025\/12\/nl-2023-808463-180-180.webp.webp\" width=\"180\" height=\"180\" alt=\"Strasbourg : notre s\u00e9lection de sorties du week-end du 26 au 28 d\u00e9cembre\" class=\"border\"\/><\/a><\/li>\n<li class=\"col-12 pt-4\" data-view-id-type=\"1\" data-view-id=\"1289835\" data-view-bc=\"0\"><a class=\"image\" href=\"https:\/\/www.jds.fr\/strasbourg\/magazine\/actu-magazine\/cahier-d-activites-en-alsacien-pour-enfants-le-feriespass-de-l-olca-1289835_A\" target=\"_blank\" rel=\"noopener\"><img decoding=\"async\" loading=\"lazy\" src=\"https:\/\/www.europesays.com\/fr\/wp-content\/uploads\/2025\/12\/cahier-d-activites-en-alsacien-pour-enfants-le-fer-796676-180-180.webp.webp\" width=\"180\" height=\"180\" alt=\"Cahier d'activit\u00e9s en alsacien pour enfants : le Feriesp\u00e0ss de l'OLCA\" class=\"border\"\/><\/a><\/li>\n<li class=\"col-12 pt-4\" data-view-id-type=\"1\" data-view-id=\"1283751\" data-view-bc=\"0\"><a class=\"image\" href=\"https:\/\/www.jds.fr\/strasbourg\/magazine\/actu-magazine\/noel-solidaire-a-strasbourg-l-armee-du-salut-relance-ses-marmites-de-noel-1283751_A\" target=\"_blank\" rel=\"noopener\"><img decoding=\"async\" loading=\"lazy\" src=\"https:\/\/www.europesays.com\/fr\/wp-content\/uploads\/2025\/12\/marmites-de-noel-de-l-armee-du-salut-a-strasbourg-793634-180-180.webp.webp\" width=\"180\" height=\"180\" alt=\"No\u00ebl solidaire \u00e0 Strasbourg : l\u2019Arm\u00e9e du Salut relance ses Marmites de No\u00ebl\" class=\"border\"\/><\/a><\/li>\n<\/ul>\n<p><a href=\"https:\/\/www.jds.fr\/strasbourg\/magazine\/\" class=\"btn btn-outline-primary py-2 px-4\" target=\"_blank\" rel=\"noopener\">Voir toutes les actualit\u00e9s \u00e0 Strasbourg<\/a><\/p>\n<p class=\"mt-0 mb-3 h2\">Newsletter JDS Strasbourg<\/p>\n<p class=\"font-size-18 fw-normal lh-sm\">Pr\u00eat pour un week-end de folie\u00a0? Chaque jeudi tous les bons plans sorties<\/p>\n","protected":false},"excerpt":{"rendered":"3 rue Br\u00fbl\u00e9e | Strasbourg Payant (voir les d\u00e9tails) aventure immersif sensoriel adultes amis groupes int\u00e9rieur 1h technologie&hellip;\n","protected":false},"author":2,"featured_media":622459,"comment_status":"","ping_status":"","sticky":false,"template":"","format":"standard","meta":{"footnotes":""},"categories":[2820],"tags":[1111,11,1777,674,1011,27,775,12,25,640],"class_list":{"0":"post-622458","1":"post","2":"type-post","3":"status-publish","4":"format-standard","5":"has-post-thumbnail","7":"category-strasbourg","8":"tag-actu","9":"tag-actualites","10":"tag-eu","11":"tag-europe","12":"tag-fr","13":"tag-france","14":"tag-grand-est","15":"tag-news","16":"tag-republique-francaise","17":"tag-strasbourg"},"share_on_mastodon":{"url":"https:\/\/pubeurope.com\/@fr\/115783246668861046","error":""},"_links":{"self":[{"href":"https:\/\/www.europesays.com\/fr\/wp-json\/wp\/v2\/posts\/622458","targetHints":{"allow":["GET"]}}],"collection":[{"href":"https:\/\/www.europesays.com\/fr\/wp-json\/wp\/v2\/posts"}],"about":[{"href":"https:\/\/www.europesays.com\/fr\/wp-json\/wp\/v2\/types\/post"}],"author":[{"embeddable":true,"href":"https:\/\/www.europesays.com\/fr\/wp-json\/wp\/v2\/users\/2"}],"replies":[{"embeddable":true,"href":"https:\/\/www.europesays.com\/fr\/wp-json\/wp\/v2\/comments?post=622458"}],"version-history":[{"count":0,"href":"https:\/\/www.europesays.com\/fr\/wp-json\/wp\/v2\/posts\/622458\/revisions"}],"wp:featuredmedia":[{"embeddable":true,"href":"https:\/\/www.europesays.com\/fr\/wp-json\/wp\/v2\/media\/622459"}],"wp:attachment":[{"href":"https:\/\/www.europesays.com\/fr\/wp-json\/wp\/v2\/media?parent=622458"}],"wp:term":[{"taxonomy":"category","embeddable":true,"href":"https:\/\/www.europesays.com\/fr\/wp-json\/wp\/v2\/categories?post=622458"},{"taxonomy":"post_tag","embeddable":true,"href":"https:\/\/www.europesays.com\/fr\/wp-json\/wp\/v2\/tags?post=622458"}],"curies":[{"name":"wp","href":"https:\/\/api.w.org\/{rel}","templated":true}]}}