{"id":622460,"date":"2025-12-26T01:21:14","date_gmt":"2025-12-26T01:21:14","guid":{"rendered":"https:\/\/www.europesays.com\/fr\/622460\/"},"modified":"2025-12-26T01:21:14","modified_gmt":"2025-12-26T01:21:14","slug":"previsions-du-vendredi-26-decembre-2025-6","status":"publish","type":"post","link":"https:\/\/www.europesays.com\/fr\/622460\/","title":{"rendered":"pr\u00e9visions du vendredi 26 d\u00e9cembre 2025"},"content":{"rendered":"<p>\u00c0 Strasbourg, les temp\u00e9ratures seront de 2\u00b0C au cours de la journ\u00e9e. Un l\u00e9ger vent de nord-est sera ressenti par les habitants. Le ciel va l\u00e9g\u00e8rement se d\u00e9gager dans la matin\u00e9e avec des \u00e9claircies. L&rsquo;hiver se fait sentir : les valeurs seront comprises entre -1 et 2\u00b0C. L&rsquo;apr\u00e8s-midi qui s&rsquo;annonce, promet d&rsquo;\u00eatre beau et ensoleill\u00e9 ! Les temp\u00e9ratures afficheront entre 1\u00b0C et 4\u00b0C, rappelant l&rsquo;hiver au bon souvenir des habitants. Apr\u00e8s quelques passages nuageux, la m\u00e9t\u00e9o devrait s&rsquo;am\u00e9liorer durant la soir\u00e9e. On anticipe des valeurs avoisinant 0\u00b0C. Entre vendredi et samedi, la nuit sera claire.<\/p>\n<p>C&rsquo;est un soleil magnifique qui va se montrer demain sur Strasbourg. Il va faire en moyenne 2\u00b0C. Un vent de nord-est rafra\u00eechira quelque peu l&rsquo;atmosph\u00e8re. Les Strasbourgeois vont avoir froid le matin : les temp\u00e9ratures ne vont pas d\u00e9passer 3\u00b0C. Les valeurs seront de 0\u00b0C. Les Strasbourgeois vont avoir froid demain apr\u00e8s-midi : les temp\u00e9ratures ne vont pas d\u00e9passer 4\u00b0C. L&rsquo;hiver sera bien l\u00e0 puisque les temp\u00e9ratures seront quand m\u00eame de 0\u00b0C au minimum et de 4\u00b0C au plus haut. Des \u00e9claircies feront leur apparition dans la soir\u00e9e. Le thermom\u00e8tre affichera 0\u00b0C en moyenne.<\/p>\n<p>Les jours s&rsquo;encha\u00eenent et se ressemblent. On s&rsquo;attend \u00e0 des journ\u00e9es ensoleill\u00e9es, avec des temp\u00e9ratures dans les -2\u00b0C en moyenne.<\/p>\n<p><\/p>\n","protected":false},"excerpt":{"rendered":"\u00c0 Strasbourg, les temp\u00e9ratures seront de 2\u00b0C au cours de la journ\u00e9e. Un l\u00e9ger vent de nord-est sera&hellip;\n","protected":false},"author":2,"featured_media":622461,"comment_status":"","ping_status":"","sticky":false,"template":"","format":"standard","meta":{"footnotes":""},"categories":[2820],"tags":[1111,11,1777,674,1011,27,775,12,2119,25,640],"class_list":{"0":"post-622460","1":"post","2":"type-post","3":"status-publish","4":"format-standard","5":"has-post-thumbnail","7":"category-strasbourg","8":"tag-actu","9":"tag-actualites","10":"tag-eu","11":"tag-europe","12":"tag-fr","13":"tag-france","14":"tag-grand-est","15":"tag-news","16":"tag-previsions-meteo","17":"tag-republique-francaise","18":"tag-strasbourg"},"share_on_mastodon":{"url":"https:\/\/pubeurope.com\/@fr\/115783249655577105","error":""},"_links":{"self":[{"href":"https:\/\/www.europesays.com\/fr\/wp-json\/wp\/v2\/posts\/622460","targetHints":{"allow":["GET"]}}],"collection":[{"href":"https:\/\/www.europesays.com\/fr\/wp-json\/wp\/v2\/posts"}],"about":[{"href":"https:\/\/www.europesays.com\/fr\/wp-json\/wp\/v2\/types\/post"}],"author":[{"embeddable":true,"href":"https:\/\/www.europesays.com\/fr\/wp-json\/wp\/v2\/users\/2"}],"replies":[{"embeddable":true,"href":"https:\/\/www.europesays.com\/fr\/wp-json\/wp\/v2\/comments?post=622460"}],"version-history":[{"count":0,"href":"https:\/\/www.europesays.com\/fr\/wp-json\/wp\/v2\/posts\/622460\/revisions"}],"wp:featuredmedia":[{"embeddable":true,"href":"https:\/\/www.europesays.com\/fr\/wp-json\/wp\/v2\/media\/622461"}],"wp:attachment":[{"href":"https:\/\/www.europesays.com\/fr\/wp-json\/wp\/v2\/media?parent=622460"}],"wp:term":[{"taxonomy":"category","embeddable":true,"href":"https:\/\/www.europesays.com\/fr\/wp-json\/wp\/v2\/categories?post=622460"},{"taxonomy":"post_tag","embeddable":true,"href":"https:\/\/www.europesays.com\/fr\/wp-json\/wp\/v2\/tags?post=622460"}],"curies":[{"name":"wp","href":"https:\/\/api.w.org\/{rel}","templated":true}]}}