{"id":622462,"date":"2025-12-26T01:23:28","date_gmt":"2025-12-26T01:23:28","guid":{"rendered":"https:\/\/www.europesays.com\/fr\/622462\/"},"modified":"2025-12-26T01:23:28","modified_gmt":"2025-12-26T01:23:28","slug":"paris-fc-nantes-nice-ces-trois-equipes-qui-vont-etre-actives-sur-le-marche-des-transferts-cet-hiver-en-ligue-1-2","status":"publish","type":"post","link":"https:\/\/www.europesays.com\/fr\/622462\/","title":{"rendered":"Paris FC, Nantes, Nice&#8230; Ces trois \u00e9quipes qui vont \u00eatre actives sur le march\u00e9 des transferts cet hiver en Ligue 1"},"content":{"rendered":"\n<p class=\"c-chapo \">\n  Le mercato hivernal d\u00e9bute jeudi 1er janvier et se terminera le 2 f\u00e9vrier \u00e0 20 heures.\n<\/p>\n<p>      lire plus tard<\/p>\n<p id=\"dialog__title\" class=\"dialog__title\">Pour sauvegarder cet article, connectez-vous ou cr\u00e9ez un compte franceinfo<\/p>\n<p class=\"dialog__description\">Sans paiement. Sans abonnement.<\/p>\n<p>        Fermer la fen\u00eatre d\u2019activation des notifications France Info<\/p>\n<p>      cr\u00e9er votre compte<\/p>\n<p>      se connecter<\/p>\n<p>      :<\/p>\n<p>        Fermer la fen\u00eatre de pr\u00e9sentation<\/p>\n<p>    <img loading=\"lazy\" decoding=\"async\" class=\"signature__image lazyload\" width=\"100\" height=\"100\" data- alt=\"\" src=\"https:\/\/www.europesays.com\/fr\/wp-content\/uploads\/2025\/05\/6491811e45f62_hortenserond.png\"\/><\/p>\n<p>          France T\u00e9l\u00e9visions &#8211; R\u00e9daction Sport<\/p>\n<p>    Publi\u00e9 le 25\/12\/2025 06:00<\/p>\n<p>        Temps de lecture : 6min<\/p>\n<p>    <img decoding=\"async\"  alt=\"Le Parisien Thibault De Smet, les Nantais Kelvin Amian et Mostafa Mohamed, et le Ni\u00e7ois Dante, lors de la saison 2025-2026 de Ligue 1. (AFP)\" width=\"432\" height=\"243\" src=\"https:\/\/www.europesays.com\/fr\/wp-content\/uploads\/2025\/12\/design-sans-titre-13-6947ce9b69e77913268389.png\" fetchpriority=\"high\"\/><\/p>\n<p>      Le Parisien Thibault De Smet, les Nantais Kelvin Amian et Mostafa Mohamed, et le Ni\u00e7ois Dante, lors de la saison 2025-2026 de Ligue 1. (AFP)<\/p>\n<p>Des cadeaux vont-ils arriver au pied du sapin des entra\u00eeneurs de Ligue 1 avec quelques jours de retard\u00a0? Le mercato d&rsquo;hiver s&rsquo;ouvre le 1er janvier, pour permettre aux clubs de r\u00e9aliser quelques ajustements dans leurs effectifs. Chez certains, qui jouent le maintien, des renforts semblent indispensables, \u00e0 condition de pouvoir se le permettre financi\u00e8rement.<\/p>\n<p>L\u2019OGC Nice, un mercato \u00ab\u00a0juste\u00a0\u00bb, pour viser \u00ab\u00a0le maintien\u00a0\u00bb\u00a0<\/p>\n<p>En battant Saint-Etienne (2-1) dimanche, en 32es de finale de Coupe de France, Nice a mis fin \u00e0 une s\u00e9rie de neuf d\u00e9faites cons\u00e9cutives, toutes comp\u00e9titions confondues. Mais cela n&rsquo;a pas enlev\u00e9 tous les nuages au-dessus de la t\u00eate des Azur\u00e9ens : \u00ab\u00a0On a besoin de redynamiser l&rsquo;\u00e9quipe, de donner l&rsquo;exp\u00e9rience \u00e0 certains endroits et plus de qualit\u00e9s de mani\u00e8re g\u00e9n\u00e9rale\u00a0\u00bb, a expliqu\u00e9 Franck Haise, l&rsquo;entra\u00eeneur, \u00e0 l&rsquo;issue de ce succ\u00e8s. Le technicien esp\u00e8re\u00a0\u00ab\u00a0des renforts dans toutes les lignes\u00a0\u00bb lors du mercato.\u00a0<\/p>\n<p>Treizi\u00e8me \u00e0 la tr\u00eave en Ligue 1, \u00e0 cinq points de la zone rouge, et dernier de Ligue Europa, l\u2019OGC Nice a connu une premi\u00e8re partie de saison loin de ses attentes, marqu\u00e9e par des tensions avec une partie des supporters qui ont notamment <a href=\"https:\/\/www.franceinfo.fr\/sports\/foot\/ligue-1\/agressions-plainte-deposee-enquete-ouverte-ce-que-l-on-sait-des-incidents-entre-l-equipe-de-l-ogc-nice-et-certains-de-ses-supporters_7653707.html\" target=\"_blank\" rel=\"noopener\">agress\u00e9 les attaquants Terem Moffi et Jeremie Boga<\/a>.\u00a0La situation est telle que la pr\u00e9sidence du club a chang\u00e9 de t\u00eate, <a href=\"https:\/\/www.franceinfo.fr\/sports\/foot\/ligue-1\/foot-fabrice-bocquet-quitte-son-poste-de-president-de-l-ogc-nice-jean-pierre-rivere-reprend-les-commandes_7690120.html\" target=\"_blank\" rel=\"noopener\">Jean-Pierre Riv\u00e8re revenant aux commandes<\/a> le 19 d\u00e9cembre. \u00ab\u00a0On va essayer de faire le mercato le plus juste possible. J\u2019ai sugg\u00e9r\u00e9 une seule chose \u00e0 Jim [Ratcliffe, le PDG d\u2019Ineos et propri\u00e9taire], c\u2019est de penser au maintien\u00a0\u00bb, a-t-il d\u00e9clar\u00e9 en conf\u00e9rence de presse.<\/p>\n<p>Avec des moyens limit\u00e9s, les Aiglons vont donc devoir se renforcer. En d\u00e9fense centrale, le besoin est urgent puisque Mo\u00efse Bombito, Youssouf Ndayishimiye et Mohamed Abdelmonem connaissent des blessures longues, et que le capitaine Dante souffre r\u00e9guli\u00e8rement du genou.\u00a0En attaque, la recrue Kevin Carlos ne donne pas satisfaction (aucun but en Ligue 1), et il reste \u00e0 savoir si Terem Moffi et Jeremie Boga auront encore envie de porter les couleurs ni\u00e7oises. \u00ab\u00a0On voit bien nos fragilit\u00e9s. Elles ne partiront pas comme \u00e7a, encore moins un jour o\u00f9 on avait 14 absents\u00a0\u00bb, a r\u00e9sum\u00e9 Franck Haise dimanche.<\/p>\n<p>Le FC Nantes d\u00e9j\u00e0 actif\u00a0<\/p>\n<p>Depuis la saison 2022-2023, le FC Nantes est habitu\u00e9 aux fins de saison stressantes. 16e, 14e, 13e, le club n&rsquo;a jamais compt\u00e9 plus de quatre points d&rsquo;avance sur le dernier rel\u00e9gable ou le barragiste. Et sur les trois derniers march\u00e9s des transferts hivernaux, atteints avec un classement entre la 11e et la 15e place, le club a recrut\u00e9 \u00e0 chaque fois entre quatre et cinq joueurs.<\/p>\n<p>Avant-dernier du classement \u00e0 la tr\u00eave, le FC Nantes est de nouveau en difficult\u00e9 cette saison. Les Canaris n\u2019ont remport\u00e9 que deux matchs et Waldemar Kita <a href=\"https:\/\/www.franceinfo.fr\/sports\/foot\/ligue-1\/football-le-fc-nantes-se-separe-de-son-entraineur-luis-castro-six-mois-apres-son-arrivee-en-raison-des-mauvais-resultats-du-club_7671094.html\" target=\"_blank\" rel=\"noopener\">a d\u00e9mis l\u2019entra\u00eeneur Luis Castro de ses fonctions<\/a> d\u00e9but d\u00e9cembre, remplac\u00e9 par Ahmed Kantari. Le mercato est donc un passage oblig\u00e9 pour se renforcer, et il a d\u00e9j\u00e0 commenc\u00e9 mi-d\u00e9cembre, avec l\u2019arriv\u00e9e du Colombien Deiver Machado en provenance de Lens en tant que joker m\u00e9dical. \u00ab\u00a0On a besoin de monde pour se renforcer\u00a0\u00bb, a affirm\u00e9 Ahmed Kantari en conf\u00e9rence de presse le 19 d\u00e9cembre. D\u2019autres recrues sont donc attendues.<\/p>\n<p>La premi\u00e8re devrait \u00eatre R\u00e9my Cabella, l\u2019ancien lillois parti \u00e0 l\u2019Olympiakos l\u2019\u00e9t\u00e9 dernier et qui cherche du temps de jeu. \u00ab\u00a0R\u00e9my a un profil tr\u00e8s int\u00e9ressant. Il conna\u00eet parfaitement la Ligue 1 et il a encore r\u00e9cemment perform\u00e9 avec Lille. Son exp\u00e9rience sera pr\u00e9cieuse pour notre mission maintien\u00a0\u00bb, a confirm\u00e9 Ahmed Kantari. Deuxi\u00e8me plus mauvaise attaque de Ligue 1, Nantes a du travail.<\/p>\n<p>Au Paris FC, les recrues estivales n\u2019apportent pas assez satisfaction\u00a0<\/p>\n<p>Pour sa premi\u00e8re saison en Ligue 1, le PFC avait annonc\u00e9 un objectif modeste : le maintien. Mais avec la famille Arnault, accompagn\u00e9e de Red Bull \u00e0 sa t\u00eate, ses r\u00e9sultats sont forc\u00e9ment scrut\u00e9s de pr\u00e8s. A la tr\u00eave hivernale, le club parisien se classe 14e, avec seulement quatre points d\u2019avance sur la zone rouge. Les recrues estivales n\u2019ont pas toutes donn\u00e9 satisfaction, surtout en attaque : Jonathan Ikon\u00e9 ne joue que tr\u00e8s peu, Moses Simon a inscrit trois buts et manque de concurrence, et en pointe Willem Geubbels n\u2019a marqu\u00e9 qu\u2019\u00e0 deux reprises.<\/p>\n<p>\u00ab\u00a0Nous allons nous renforcer\u00a0\u00bb, annon\u00e7ait le propri\u00e9taire Antoine Arnault le 8 d\u00e9cembre dernier dans <a href=\"https:\/\/www.lequipe.fr\/Football\/Article\/Grand-recit-antoine-arnault-detaille-son-projet-pour-le-paris-fc-ne-pas-se-prendre-pour-un-autre\/1615332\" target=\"_blank\" rel=\"noopener\" data-tooltip-url=\"https:\/\/www.lequipe.fr\/Football\/Article\/Grand-recit-antoine-arnault-detaille-son-projet-pour-le-paris-fc-ne-pas-se-prendre-pour-un-autre\/1615332\">les colonnes du journal L\u2019Equipe<\/a>. Un milieu de terrain pourrait aussi \u00eatre cibl\u00e9, puisque le Paris FC manque de consistance \u00e0 ce poste, et que le club parisien n\u2019avait pas r\u00e9ussi \u00e0 recruter N\u2019Golo Kant\u00e9 en ao\u00fbt. \u00ab\u00a0Je crois que lui aussi voulait venir, mais son club [Al-Ittihad, Arabie saoudite]\u00a0ne l\u2019a pas laiss\u00e9 partir. C&rsquo;est dommage parce qu&rsquo;avec N&rsquo;Golo dans cette \u00e9quipe, cela aurait cr\u00e9\u00e9 une dynamique suppl\u00e9mentaire et peut-\u00eatre bien cinq points de plus au classement\u00a0\u00bb, a assur\u00e9 Antoine Arnault. Un profil similaire, avec de l\u2019exp\u00e9rience, pourrait donc \u00eatre recherch\u00e9.\u00a0Avec la deuxi\u00e8me plus mauvaise d\u00e9fense du championnat, le club est en recherche de solidit\u00e9. A la diff\u00e9rence de Nice, le Paris FC n&rsquo;est pas confront\u00e9 \u00e0 des moyens limit\u00e9s.<\/p>\n","protected":false},"excerpt":{"rendered":"Le mercato hivernal d\u00e9bute jeudi 1er janvier et se terminera le 2 f\u00e9vrier \u00e0 20 heures. lire plus&hellip;\n","protected":false},"author":2,"featured_media":621043,"comment_status":"","ping_status":"","sticky":false,"template":"","format":"standard","meta":{"footnotes":""},"categories":[2819],"tags":[1111,11,1777,674,1011,27,12,2401,882,25],"class_list":{"0":"post-622462","1":"post","2":"type-post","3":"status-publish","4":"format-standard","5":"has-post-thumbnail","7":"category-nice","8":"tag-actu","9":"tag-actualites","10":"tag-eu","11":"tag-europe","12":"tag-fr","13":"tag-france","14":"tag-news","15":"tag-nice","16":"tag-provence-alpes-cote-dazur","17":"tag-republique-francaise"},"share_on_mastodon":{"url":"https:\/\/pubeurope.com\/@fr\/115783258482198552","error":""},"_links":{"self":[{"href":"https:\/\/www.europesays.com\/fr\/wp-json\/wp\/v2\/posts\/622462","targetHints":{"allow":["GET"]}}],"collection":[{"href":"https:\/\/www.europesays.com\/fr\/wp-json\/wp\/v2\/posts"}],"about":[{"href":"https:\/\/www.europesays.com\/fr\/wp-json\/wp\/v2\/types\/post"}],"author":[{"embeddable":true,"href":"https:\/\/www.europesays.com\/fr\/wp-json\/wp\/v2\/users\/2"}],"replies":[{"embeddable":true,"href":"https:\/\/www.europesays.com\/fr\/wp-json\/wp\/v2\/comments?post=622462"}],"version-history":[{"count":0,"href":"https:\/\/www.europesays.com\/fr\/wp-json\/wp\/v2\/posts\/622462\/revisions"}],"wp:featuredmedia":[{"embeddable":true,"href":"https:\/\/www.europesays.com\/fr\/wp-json\/wp\/v2\/media\/621043"}],"wp:attachment":[{"href":"https:\/\/www.europesays.com\/fr\/wp-json\/wp\/v2\/media?parent=622462"}],"wp:term":[{"taxonomy":"category","embeddable":true,"href":"https:\/\/www.europesays.com\/fr\/wp-json\/wp\/v2\/categories?post=622462"},{"taxonomy":"post_tag","embeddable":true,"href":"https:\/\/www.europesays.com\/fr\/wp-json\/wp\/v2\/tags?post=622462"}],"curies":[{"name":"wp","href":"https:\/\/api.w.org\/{rel}","templated":true}]}}