{"id":622463,"date":"2025-12-26T01:25:16","date_gmt":"2025-12-26T01:25:16","guid":{"rendered":"https:\/\/www.europesays.com\/fr\/622463\/"},"modified":"2025-12-26T01:25:16","modified_gmt":"2025-12-26T01:25:16","slug":"previsions-du-vendredi-26-decembre-2025-7","status":"publish","type":"post","link":"https:\/\/www.europesays.com\/fr\/622463\/","title":{"rendered":"pr\u00e9visions du vendredi 26 d\u00e9cembre 2025"},"content":{"rendered":"<p>L&rsquo;hiver se fait sentir \u00e0 Nantes : les valeurs afficheront entre -1 et 5\u00b0C aujourd&rsquo;hui. Une brise de nord-est soufflera l\u00e9g\u00e8rement. Le ciel va quelque peu se d\u00e9gager dans la matin\u00e9e avec des \u00e9claircies. On pr\u00e9voit des temp\u00e9ratures d&rsquo;environ 0\u00b0C. C&rsquo;est un soleil magnifique qui va briller l&rsquo;apr\u00e8s-midi. C&rsquo;est une hausse de quelques degr\u00e9s que vont conna\u00eetre les temp\u00e9ratures. Les valeurs s&rsquo;\u00e9chelonneront entre 1 et 5\u00b0C, un temps bel et bien de saison. Apr\u00e8s un court \u00e9pisode nuageux, le ciel va s&rsquo;\u00e9claircir dans la soir\u00e9e. Les temp\u00e9ratures tourneront autour des 0\u00b0C. Durant la nuit de vendredi \u00e0 samedi, le ciel sera d\u00e9pourvu de nuages.<\/p>\n<p>Le temps va se r\u00e9chauffer demain \u00e0 Nantes avec une augmentation de quelques degr\u00e9s. L&rsquo;hiver se fait sentir : les valeurs seront comprises entre -2 et 7\u00b0C. Un vent de nord-est rafra\u00eechira l\u00e9g\u00e8rement l&rsquo;atmosph\u00e8re. La m\u00e9t\u00e9o va peu \u00e0 peu s&rsquo;am\u00e9liorer dans la matin\u00e9e et laisser place \u00e0 des \u00e9claircies. Les temp\u00e9ratures afficheront entre -2\u00b0C et 4\u00b0C, rappelant l&rsquo;hiver au bon souvenir des habitants. Le soleil sera au rendez-vous : un bel apr\u00e8s-midi se pr\u00e9sente ! Les temp\u00e9ratures vont enregistrer une hausse de plusieurs degr\u00e9s. Les valeurs s&rsquo;\u00e9chelonneront entre 2 et 7\u00b0C, un temps r\u00e9solument de saison. Apr\u00e8s un bref \u00e9pisode nuageux, des \u00e9claircies sont attendues : on passera une soir\u00e9e cl\u00e9mente. Il va faire 1\u00b0C en moyenne.<\/p>\n<p>Les jours qui suivent s&rsquo;annoncent similaires. On anticipe des journ\u00e9es ensoleill\u00e9es, avec des temp\u00e9ratures dans les -1\u00b0C en moyenne.<\/p>\n<p><\/p>\n","protected":false},"excerpt":{"rendered":"L&rsquo;hiver se fait sentir \u00e0 Nantes : les valeurs afficheront entre -1 et 5\u00b0C aujourd&rsquo;hui. Une brise de&hellip;\n","protected":false},"author":2,"featured_media":622464,"comment_status":"","ping_status":"","sticky":false,"template":"","format":"standard","meta":{"footnotes":""},"categories":[2818],"tags":[1111,11,1777,674,1011,27,766,12,2636,2119,25],"class_list":{"0":"post-622463","1":"post","2":"type-post","3":"status-publish","4":"format-standard","5":"has-post-thumbnail","7":"category-nantes","8":"tag-actu","9":"tag-actualites","10":"tag-eu","11":"tag-europe","12":"tag-fr","13":"tag-france","14":"tag-nantes","15":"tag-news","16":"tag-pays-de-la-loire","17":"tag-previsions-meteo","18":"tag-republique-francaise"},"share_on_mastodon":{"url":"https:\/\/pubeurope.com\/@fr\/115783265374188665","error":""},"_links":{"self":[{"href":"https:\/\/www.europesays.com\/fr\/wp-json\/wp\/v2\/posts\/622463","targetHints":{"allow":["GET"]}}],"collection":[{"href":"https:\/\/www.europesays.com\/fr\/wp-json\/wp\/v2\/posts"}],"about":[{"href":"https:\/\/www.europesays.com\/fr\/wp-json\/wp\/v2\/types\/post"}],"author":[{"embeddable":true,"href":"https:\/\/www.europesays.com\/fr\/wp-json\/wp\/v2\/users\/2"}],"replies":[{"embeddable":true,"href":"https:\/\/www.europesays.com\/fr\/wp-json\/wp\/v2\/comments?post=622463"}],"version-history":[{"count":0,"href":"https:\/\/www.europesays.com\/fr\/wp-json\/wp\/v2\/posts\/622463\/revisions"}],"wp:featuredmedia":[{"embeddable":true,"href":"https:\/\/www.europesays.com\/fr\/wp-json\/wp\/v2\/media\/622464"}],"wp:attachment":[{"href":"https:\/\/www.europesays.com\/fr\/wp-json\/wp\/v2\/media?parent=622463"}],"wp:term":[{"taxonomy":"category","embeddable":true,"href":"https:\/\/www.europesays.com\/fr\/wp-json\/wp\/v2\/categories?post=622463"},{"taxonomy":"post_tag","embeddable":true,"href":"https:\/\/www.europesays.com\/fr\/wp-json\/wp\/v2\/tags?post=622463"}],"curies":[{"name":"wp","href":"https:\/\/api.w.org\/{rel}","templated":true}]}}