{"id":622465,"date":"2025-12-26T01:26:24","date_gmt":"2025-12-26T01:26:24","guid":{"rendered":"https:\/\/www.europesays.com\/fr\/622465\/"},"modified":"2025-12-26T01:26:24","modified_gmt":"2025-12-26T01:26:24","slug":"la-cite-educative-a-recu-ses-partenaires","status":"publish","type":"post","link":"https:\/\/www.europesays.com\/fr\/622465\/","title":{"rendered":"la Cit\u00e9 \u00e9ducative a re\u00e7u ses partenaires"},"content":{"rendered":"<p>Mercredi 10\u00a0d\u00e9cembre, \u00e0 la Maison des associations, s\u2019est tenu le forum des partenaires (D\u00e9partement, CAF, minist\u00e8re de l\u2019Education et pr\u00e9fet de la Gironde) pour un temps d\u2019\u00e9changes sur l\u2019existant et sur l\u2019avenir d\u2019un projet qui fonctionne bien. Les participants, en nombre, ont pu d\u00e9couvrir les \u00e9volutions et les objectifs de la Cit\u00e9 \u00e9ducative, avec un bilan de l\u2019ann\u00e9e mis en lumi\u00e8re par les actions phares de 2025\u00a0et les perspectives pr\u00e9vues en 2026.<\/p>\n","protected":false},"excerpt":{"rendered":"Mercredi 10\u00a0d\u00e9cembre, \u00e0 la Maison des associations, s\u2019est tenu le forum des partenaires (D\u00e9partement, CAF, minist\u00e8re de l\u2019Education&hellip;\n","protected":false},"author":2,"featured_media":622466,"comment_status":"","ping_status":"","sticky":false,"template":"","format":"standard","meta":{"footnotes":""},"categories":[2817],"tags":[1111,11,1997,1777,674,1011,27,12,2219,25],"class_list":{"0":"post-622465","1":"post","2":"type-post","3":"status-publish","4":"format-standard","5":"has-post-thumbnail","7":"category-bordeaux","8":"tag-actu","9":"tag-actualites","10":"tag-bordeaux","11":"tag-eu","12":"tag-europe","13":"tag-fr","14":"tag-france","15":"tag-news","16":"tag-nouvelle-aquitaine","17":"tag-republique-francaise"},"share_on_mastodon":{"url":"https:\/\/pubeurope.com\/@fr\/115783269340862809","error":""},"_links":{"self":[{"href":"https:\/\/www.europesays.com\/fr\/wp-json\/wp\/v2\/posts\/622465","targetHints":{"allow":["GET"]}}],"collection":[{"href":"https:\/\/www.europesays.com\/fr\/wp-json\/wp\/v2\/posts"}],"about":[{"href":"https:\/\/www.europesays.com\/fr\/wp-json\/wp\/v2\/types\/post"}],"author":[{"embeddable":true,"href":"https:\/\/www.europesays.com\/fr\/wp-json\/wp\/v2\/users\/2"}],"replies":[{"embeddable":true,"href":"https:\/\/www.europesays.com\/fr\/wp-json\/wp\/v2\/comments?post=622465"}],"version-history":[{"count":0,"href":"https:\/\/www.europesays.com\/fr\/wp-json\/wp\/v2\/posts\/622465\/revisions"}],"wp:featuredmedia":[{"embeddable":true,"href":"https:\/\/www.europesays.com\/fr\/wp-json\/wp\/v2\/media\/622466"}],"wp:attachment":[{"href":"https:\/\/www.europesays.com\/fr\/wp-json\/wp\/v2\/media?parent=622465"}],"wp:term":[{"taxonomy":"category","embeddable":true,"href":"https:\/\/www.europesays.com\/fr\/wp-json\/wp\/v2\/categories?post=622465"},{"taxonomy":"post_tag","embeddable":true,"href":"https:\/\/www.europesays.com\/fr\/wp-json\/wp\/v2\/tags?post=622465"}],"curies":[{"name":"wp","href":"https:\/\/api.w.org\/{rel}","templated":true}]}}