{"id":622486,"date":"2025-12-26T01:40:21","date_gmt":"2025-12-26T01:40:21","guid":{"rendered":"https:\/\/www.europesays.com\/fr\/622486\/"},"modified":"2025-12-26T01:40:21","modified_gmt":"2025-12-26T01:40:21","slug":"cinema-double-consecration-des-studios-montparnasse-a-paris-lunion-ga","status":"publish","type":"post","link":"https:\/\/www.europesays.com\/fr\/622486\/","title":{"rendered":"Cin\u00e9ma : double cons\u00e9cration des Studios Montparnasse \u00e0 Paris | Lunion.ga"},"content":{"rendered":"<p>Le cin\u00e9ma gabonais s\u2019illustre sur la sc\u00e8ne internationale. Lors de la cl\u00f4ture de la 7\u1d49 \u00e9dition du festival \u00a0\u00bb\u00a0<strong>L\u2019Afrique fait son cin\u00e9ma &lsquo;<\/strong>&lsquo;, le 20 d\u00e9cembre \u00e0 Paris, les Studios Montparnasse ont remport\u00e9 l\u00a0\u00bb&lsquo; <strong>Ubuntu<\/strong> \u00a0\u00bb d\u2019argent du meilleur long m\u00e9trage africain et le Grand prix du public gr\u00e2ce au film \u00a0\u00bbLe c\u0153ur des hommes\u00a0\u00bb, r\u00e9alis\u00e9 par Melchy Obiang.<\/p>\n<p>Sur 413 films candidats, seuls 35 ont \u00e9t\u00e9 s\u00e9lectionn\u00e9s et 19 prim\u00e9s. \u00a0\u00bb <strong>Le c\u0153ur des hommes<\/strong> \u00a0\u00bb figurant parmi les laur\u00e9ats. Pour son r\u00e9alisateur, il s\u2019agit du cinqui\u00e8me prix international, mais \u00a0\u00bb celui-ci est particulier, parce qu\u2019il est collectif \u00a0\u00bb, souligne-t-il. Contrairement aux pr\u00e9c\u00e9dentes distinctions, Melchy Obiang a fait le choix d\u2019associer une d\u00e9l\u00e9gation d\u2019acteurs \u00e0 cette reconnaissance. \u00a0\u00bb J\u2019ai voulu qu\u2019ils vivent ces instants formidables. Ensemble, nous irons plus loin .\u00a0\u00bb<\/p>\n<p>Au-del\u00e0 des troph\u00e9es, cette distinction met en lumi\u00e8re la professionnalisation du cin\u00e9ma gabonais. \u00a0\u00bb\u00a0Arriver dans un festival international, c\u2019est grand. Il y a des formations, des masterclass et des rencontres d\u00e9cisives \u00a0\u00bb, explique-t-il.<\/p>\n<p>Port\u00e9 par le sc\u00e9nario de John Franck Ondo et de Dolores, le film aborde les th\u00e8mes de l\u2019infid\u00e9lit\u00e9 et de la justice avec une narration salu\u00e9e par le jury pour \u00a0\u00bb son excellence artistique et sa contribution au rayonnement du cin\u00e9ma africain \u00a0\u00bb.<\/p>\n<p>D\u00e9j\u00e0 tourn\u00e9s vers 2026, les Studios Montparnasse se pr\u00e9parent pour Abidjan, o\u00f9 le film est doublement nomm\u00e9, tout en saluant la rel\u00e8ve gabonaise, notamment la r\u00e9alisatrice Noellis Tour\u00e9.<br \/>\u00a0<\/p>\n","protected":false},"excerpt":{"rendered":"Le cin\u00e9ma gabonais s\u2019illustre sur la sc\u00e8ne internationale. Lors de la cl\u00f4ture de la 7\u1d49 \u00e9dition du festival&hellip;\n","protected":false},"author":2,"featured_media":622487,"comment_status":"","ping_status":"","sticky":false,"template":"","format":"standard","meta":{"footnotes":""},"categories":[1888],"tags":[1111,1928,11,1927,1777,674,1011,27,12,1926,626,1925,25],"class_list":{"0":"post-622486","1":"post","2":"type-post","3":"status-publish","4":"format-standard","5":"has-post-thumbnail","7":"category-paris","8":"tag-actu","9":"tag-actu-paris","10":"tag-actualites","11":"tag-actualites-paris","12":"tag-eu","13":"tag-europe","14":"tag-fr","15":"tag-france","16":"tag-news","17":"tag-news-paris","18":"tag-paris","19":"tag-paris-news","20":"tag-republique-francaise"},"share_on_mastodon":{"url":"https:\/\/pubeurope.com\/@fr\/115783324524645780","error":""},"_links":{"self":[{"href":"https:\/\/www.europesays.com\/fr\/wp-json\/wp\/v2\/posts\/622486","targetHints":{"allow":["GET"]}}],"collection":[{"href":"https:\/\/www.europesays.com\/fr\/wp-json\/wp\/v2\/posts"}],"about":[{"href":"https:\/\/www.europesays.com\/fr\/wp-json\/wp\/v2\/types\/post"}],"author":[{"embeddable":true,"href":"https:\/\/www.europesays.com\/fr\/wp-json\/wp\/v2\/users\/2"}],"replies":[{"embeddable":true,"href":"https:\/\/www.europesays.com\/fr\/wp-json\/wp\/v2\/comments?post=622486"}],"version-history":[{"count":0,"href":"https:\/\/www.europesays.com\/fr\/wp-json\/wp\/v2\/posts\/622486\/revisions"}],"wp:featuredmedia":[{"embeddable":true,"href":"https:\/\/www.europesays.com\/fr\/wp-json\/wp\/v2\/media\/622487"}],"wp:attachment":[{"href":"https:\/\/www.europesays.com\/fr\/wp-json\/wp\/v2\/media?parent=622486"}],"wp:term":[{"taxonomy":"category","embeddable":true,"href":"https:\/\/www.europesays.com\/fr\/wp-json\/wp\/v2\/categories?post=622486"},{"taxonomy":"post_tag","embeddable":true,"href":"https:\/\/www.europesays.com\/fr\/wp-json\/wp\/v2\/tags?post=622486"}],"curies":[{"name":"wp","href":"https:\/\/api.w.org\/{rel}","templated":true}]}}