{"id":622488,"date":"2025-12-26T01:41:49","date_gmt":"2025-12-26T01:41:49","guid":{"rendered":"https:\/\/www.europesays.com\/fr\/622488\/"},"modified":"2025-12-26T01:41:49","modified_gmt":"2025-12-26T01:41:49","slug":"la-grande-soiree-du-31-de-paris-2026-on-pousse-le-volume-avec-une-enceinte-d-la-grande-soiree-du-31-de-paris-2026","status":"publish","type":"post","link":"https:\/\/www.europesays.com\/fr\/622488\/","title":{"rendered":"La Grande Soir\u00e9e du 31 de Paris | 2026 : On pousse le volume avec une enceinte d La Grande Soir\u00e9e du 31 de Paris | 2026"},"content":{"rendered":"<p><img loading=\"lazy\" decoding=\"async\" alt=\"\u00c9toiles ( - GIF anim\u00e9 gratuit\" height=\"39\" src=\"https:\/\/www.europesays.com\/fr\/wp-content\/uploads\/2025\/08\/160976_2ed15.gif\" width=\"45\"\/>Pr\u00eats \u00e0\u00a0<strong>c\u00e9l\u00e9brer la nouvelle ann\u00e9e <\/strong>sur <strong>France 2<\/strong>\u00a0? On vous invite \u00e0 une\u00a0<strong>soir\u00e9e f\u00e9erique<\/strong> au c\u0153ur de<strong> Paris<\/strong>, pr\u00e9sent\u00e9e par <strong>St\u00e9phane Bern<\/strong> avec la complicit\u00e9 de <strong>Laury Thilleman<\/strong> !<\/p>\n<p><img loading=\"lazy\" decoding=\"async\" alt=\"orateur \" height=\"35\" src=\"https:\/\/www.europesays.com\/fr\/wp-content\/uploads\/2025\/12\/8326235.png\" width=\"35\"\/>\u00a0<strong>On vous propose de vivre une exp\u00e9rience sonore unique avec une enceinte sans fil !<\/strong><\/p>\n<p><img loading=\"lazy\" decoding=\"async\" alt=\"informations\" height=\"30\" src=\"https:\/\/www.europesays.com\/fr\/wp-content\/uploads\/2025\/11\/7915197.png\" width=\"30\"\/>\u00a0En savoir plus<\/p>\n<p>\ud83d\udccd<strong>\u00ab La Grande Soir\u00e9e du 31 de Paris \u00bb\u00a0<\/strong><br \/>&#13;<br \/>\n\u25b6\ufe0f<strong>Mercredi 31 d\u00e9cembre \u00e0 21.10 sur France 2 et sur <a href=\"https:\/\/www.france.tv\/france-2\/la-grande-soiree-du-31-de-paris\/\" target=\"_blank\" rel=\"noopener\">france.tv<\/a><\/strong><br \/>&#13;<br \/>\nPr\u00e9sentation : St\u00e9phane Bern accompagn\u00e9 de Laury Thilleman | R\u00e9alisation : Fran\u00e7ois Goetghebeur | Direction artistique : Kamel Ouali | Une coproduction : Electron Libre Productions (groupe Mediawan).<\/p>\n<p>Tout au long de la soir\u00e9e, nous d\u00e9couvrirons des tableaux in\u00e9dits, imagin\u00e9s pour nous \u00e9merveiller :<\/p>\n<p>\ud83c\udfa4\ud83c\udfb8<strong>Des artistes incontournables de la sc\u00e8ne musicale fran\u00e7aise :<\/strong><br \/>&#13;<br \/>\nKeen&rsquo;V, Amir, Gilbert Montagn\u00e9, Pascal Obispo, B\u00e9nabar, Zaz, Magic System, Soolking, Stars 80, Chico &amp; les Gypsies, Amel Bent, Chantal Goya, Salvatore Adamo, Totalement 80 et bien d&rsquo;autres\u2026Une pl\u00e9iade d&rsquo;artistes pour une f\u00eate populaire, g\u00e9n\u00e9reuse et festive.\u00a0<br \/>&#13;<br \/>\n\u00a0<br \/>&#13;<br \/>\n\u2728<strong>Des com\u00e9dies musicales prestigieuses :<\/strong><br \/>&#13;<br \/>\nCette \u00e9dition met \u00e0 l\u2019honneur les com\u00e9dies musicales les plus embl\u00e9matiques, du Roi Lion aux Mis\u00e9rables, en passant par Les Demoiselles de Rochefort et Black Legends.\u00a0<br \/>&#13;<br \/>\n\u00a0<br \/>&#13;<br \/>\n\ud83d\udc6f\u200d\u2640\ufe0f<strong>Des s\u00e9quences grandioses :<\/strong><br \/>&#13;<br \/>\nLes danseuses et danseurs du Moulin Rouge et du Paradis Latin offriront, cette ann\u00e9e encore, des performances flamboyantes. Les Folies Gruss pr\u00e9senteront un num\u00e9ro in\u00e9dit.<br \/>&#13;<br \/>\n\u00a0<br \/>&#13;<br \/>\n\ud83c\udfa4\ud83c\udfb8<strong>Des artistes phares qui ont rythm\u00e9 l&rsquo;ann\u00e9e 2025 :<\/strong><br \/>&#13;<br \/>\nMarine, Miki, Claudio Cap\u00e9o, Luiza &amp; Bleu Soleil, Jeck &amp; Carla, Jungeli &amp; L\u00e9nie, Linh, Nicky Doll\u2026 Ils seront tous au rendez-vous pour revisiter leurs plus grands succ\u00e8s et partager des moments forts.<br \/>&#13;<br \/>\n\u00a0<br \/>&#13;<br \/>\n\ud83c\udfad<strong>Des spectacles musicaux :<\/strong><br \/>&#13;<br \/>\nG\u00e9n\u00e9ration C\u00e9line, H\u00e9ritage Goldman et L\u00e9gende Balavoine : trois hommages vibrants aux voix qui ont fa\u00e7onn\u00e9 la chanson fran\u00e7aise.<br \/>&#13;<br \/>\n\u00a0<br \/>&#13;<br \/>\n\u2728<strong>Apr\u00e8s le show :<\/strong><br \/>&#13;<br \/>\nC&rsquo;est en direct que nous d\u00e9couvrirons un mapping exceptionnel sur l&rsquo;Arc de Triomphe, sp\u00e9cialement con\u00e7u pour l&rsquo;\u00e9v\u00e9nement, suivi du feu d&rsquo;artifice grandiose offert par la Ville de Paris qui fera basculer les t\u00e9l\u00e9spectateurs dans la nouvelle ann\u00e9e.\u00a0<br \/>&#13;<br \/>\nLe mapping, accompagn\u00e9 d\u2019une cr\u00e9ation musicale d\u2019Ena-Eno et Andr\u00e9 Manoukian, mettra en sc\u00e8ne le Paris des arts et des id\u00e9es, avec un clin d\u2019\u0153il au 70\u1d49 anniversaire du jumelage Paris-Rome. Paris y sera pr\u00e9sent\u00e9 comme une ville cr\u00e9ative et vivante, menant jusqu\u2019au d\u00e9compte de minuit, symbole d\u2019un nouveau d\u00e9part.<br \/>&#13;<br \/>\n\u00a0<\/p>\n<p>Joyeuses f\u00eates sur les antennes de France T\u00e9l\u00e9visions !<\/p>\n<p>\u00a0<\/p>\n<p>Exclusivit\u00e9s, coulisses, tournages, rencontres avec nos animateurs, participation \u00e0 des \u00e9v\u00e9nements sportifs dans des conditions exceptionnelles&#8230;<br \/>&#13;<br \/>\nNe manquez aucune des meilleures offres fid\u00e9lit\u00e9 en vous abonnant d\u00e8s maintenant \u00e0 notre newsletter !<\/p>\n<p>\u00a0<\/p>\n","protected":false},"excerpt":{"rendered":"Pr\u00eats \u00e0\u00a0c\u00e9l\u00e9brer la nouvelle ann\u00e9e sur France 2\u00a0? On vous invite \u00e0 une\u00a0soir\u00e9e f\u00e9erique au c\u0153ur de Paris,&hellip;\n","protected":false},"author":2,"featured_media":622489,"comment_status":"","ping_status":"","sticky":false,"template":"","format":"standard","meta":{"footnotes":""},"categories":[1888],"tags":[1111,1928,11,1927,1777,674,1011,27,12,1926,626,1925,25],"class_list":{"0":"post-622488","1":"post","2":"type-post","3":"status-publish","4":"format-standard","5":"has-post-thumbnail","7":"category-paris","8":"tag-actu","9":"tag-actu-paris","10":"tag-actualites","11":"tag-actualites-paris","12":"tag-eu","13":"tag-europe","14":"tag-fr","15":"tag-france","16":"tag-news","17":"tag-news-paris","18":"tag-paris","19":"tag-paris-news","20":"tag-republique-francaise"},"share_on_mastodon":{"url":"https:\/\/pubeurope.com\/@fr\/115783333496080038","error":""},"_links":{"self":[{"href":"https:\/\/www.europesays.com\/fr\/wp-json\/wp\/v2\/posts\/622488","targetHints":{"allow":["GET"]}}],"collection":[{"href":"https:\/\/www.europesays.com\/fr\/wp-json\/wp\/v2\/posts"}],"about":[{"href":"https:\/\/www.europesays.com\/fr\/wp-json\/wp\/v2\/types\/post"}],"author":[{"embeddable":true,"href":"https:\/\/www.europesays.com\/fr\/wp-json\/wp\/v2\/users\/2"}],"replies":[{"embeddable":true,"href":"https:\/\/www.europesays.com\/fr\/wp-json\/wp\/v2\/comments?post=622488"}],"version-history":[{"count":0,"href":"https:\/\/www.europesays.com\/fr\/wp-json\/wp\/v2\/posts\/622488\/revisions"}],"wp:featuredmedia":[{"embeddable":true,"href":"https:\/\/www.europesays.com\/fr\/wp-json\/wp\/v2\/media\/622489"}],"wp:attachment":[{"href":"https:\/\/www.europesays.com\/fr\/wp-json\/wp\/v2\/media?parent=622488"}],"wp:term":[{"taxonomy":"category","embeddable":true,"href":"https:\/\/www.europesays.com\/fr\/wp-json\/wp\/v2\/categories?post=622488"},{"taxonomy":"post_tag","embeddable":true,"href":"https:\/\/www.europesays.com\/fr\/wp-json\/wp\/v2\/tags?post=622488"}],"curies":[{"name":"wp","href":"https:\/\/api.w.org\/{rel}","templated":true}]}}