{"id":622494,"date":"2025-12-26T01:45:25","date_gmt":"2025-12-26T01:45:25","guid":{"rendered":"https:\/\/www.europesays.com\/fr\/622494\/"},"modified":"2025-12-26T01:45:25","modified_gmt":"2025-12-26T01:45:25","slug":"une-lueur-despoir-pour-les-proches-du-chercheur-francais-emprisonne-en-russie","status":"publish","type":"post","link":"https:\/\/www.europesays.com\/fr\/622494\/","title":{"rendered":"Une lueur d\u2019espoir pour les proches du chercheur fran\u00e7ais emprisonn\u00e9 en Russie"},"content":{"rendered":"<p>Cette annonce surprise intervient alors que Paris et Moscou ont r\u00e9cemment manifest\u00e9 publiquement leur int\u00e9r\u00eat \u00e0 un contact direct entre les Pr\u00e9sidents Vladimir Poutine et Emmanuel Macron.<\/p>\n<blockquote><p>\u00abLa balle est dans le camp de la France maintenant.\u00bb<\/p><\/blockquote>\n<p>\u00abIl y a eu des contacts appropri\u00e9s entre notre partie et les Fran\u00e7ais. En effet, une proposition a \u00e9t\u00e9 faite aux Fran\u00e7ais concernant Vinatier\u00a0\u00bb, a d\u00e9clar\u00e9 le porte-parole du Kremlin, Dmitri Peskov. \u00ab\u00a0La balle est dans le camp de la France maintenant\u00a0\u00bb, a-t-il ajout\u00e9, en affirmant ne \u00ab\u00a0pas pouvoir fournir de d\u00e9tails\u00a0\u00bb car \u00ab\u00a0c\u2019est un domaine tr\u00e8s sensible\u00a0\u00bb.<\/p>\n<p>Emmanuel Macron est \u201cpleinement mobilis\u00e9\u201d pour obtenir la lib\u00e9ration \u201cle plus rapidement possible\u201d du chercheur, a fait savoir son entourage jeudi soir.<\/p>\n<p>L\u2019avocat fran\u00e7ais de Laurent Vinatier, Me Fr\u00e9d\u00e9ric Belot, a indiqu\u00e9 que la famille du chercheur \u00ab\u00a0esp\u00e8re qu\u2019il puisse \u00eatre lib\u00e9r\u00e9 pendant les f\u00eates\u00a0\u00bb de fin d\u2019ann\u00e9e d\u2019ici au No\u00ebl orthodoxe le 7\u00a0janvier. Selon lui, un \u00e9change de prisonniers est \u00ab\u00a0envisageable\u00a0\u00bb mais \u00ab\u00a0il convient d\u2019\u00eatre extr\u00eamement prudent\u00a0\u00bb. \u00ab\u00a0Nous avons toute confiance dans la diplomatie fran\u00e7aise qui fait son maximum\u00a0\u00bb, a-t-il ajout\u00e9.<\/p>\n<p>Solution \u00abpositive\u00bb<\/p>\n<p>Interrog\u00e9 par un journaliste fran\u00e7ais sur ce sujet vendredi dernier lors de sa conf\u00e9rence de presse annuelle, le Pr\u00e9sident Vladimir Poutine avait affirm\u00e9 \u00ab\u00a0ne rien savoir\u00a0\u00bb de l\u2019affaire de Laurent Vinatier et en entendre parler pour la premi\u00e8re fois. \u00ab\u00a0Je vous promets que je vais me renseigner. Et s\u2019il y a la moindre chance de r\u00e9soudre cette question de mani\u00e8re positive, si la loi russe le permet, nous ferons tout notre possible\u00a0\u00bb, avait-il alors assur\u00e9.<\/p>\n<p>Des relations franco-russes glaciales<\/p>\n<p>Une cinquantaine de personnalit\u00e9s, dont les \u00e9crivains Emmanuel Carr\u00e8re et Annie Ernaux, ont demand\u00e9 \u00e0 la France d\u2019\u0153uvrer \u00e0 sa lib\u00e9ration dans une tribune publi\u00e9e par le journal Le Monde, estimant qu\u2019il est \u00ab\u00a0prisonnier d\u2019un jeu politique et diplomatique qui le d\u00e9passe\u00a0\u00bb.<\/p>\n<p>Les relations entre Paris et Moscou ont \u00e9t\u00e9 glaciales ces derni\u00e8res ann\u00e9es, la France accusant la Russie d\u2019actes de d\u00e9stabilisation et de d\u00e9sinformation sur son territoire, tandis que Paris se voit reprocher par Moscou son soutien militaire \u00e0 l\u2019Ukraine ou encore de censurer les m\u00e9dias russes. Fin novembre, trois personnes ont par ailleurs \u00e9t\u00e9 mises en examen et \u00e9crou\u00e9es \u00e0 Paris dans le cadre d\u2019une double affaire d\u2019ing\u00e9rence et d\u2019espionnage \u00e9conomique au profit de Moscou.<\/p>\n<p>    Un nouveau proc\u00e8s pour espionnage fin f\u00e9vrier 2026?<br \/>\nLaurent Vinatier a \u00e9t\u00e9 condamn\u00e9 en octobre 2024 par un tribunal russe \u00e0 trois ans de prison pour ne pas s\u2019\u00eatre enregistr\u00e9 en tant qu\u2019\u00ab\u00a0agent de l\u2019\u00e9tranger\u00a0\u00bb, alors qu\u2019il collectait des \u00ab\u00a0informations militaires\u00a0\u00bb pouvant \u00eatre \u00ab\u00a0utilis\u00e9es contre la s\u00e9curit\u00e9\u00a0\u00bb de la Russie. L\u2019int\u00e9ress\u00e9 avait reconnu les faits, mais plaid\u00e9 l\u2019ignorance. En ao\u00fbt, il avait comparu devant un tribunal russe pour des accusations d\u2019\u00ab\u00a0espionnage\u00a0\u00bb qui, si elles \u00e9taient confirm\u00e9es, risqueraient d\u2019alourdir consid\u00e9rablement sa peine. L\u2019enqu\u00eate a \u00e9t\u00e9 prolong\u00e9e et il pourrait faire l\u2019objet d\u2019un nouveau proc\u00e8s pour espionnage fin f\u00e9vrier 2026, selon son avocat fran\u00e7ais.<br \/>Laurent Vinatier avait d\u00e9clar\u00e9 en ao\u00fbt ne s\u2019attendre \u00ab\u00a0\u00e0 rien de bien, \u00e0 rien de positif\u00a0\u00bb apr\u00e8s avoir appris ces nouvelles accusations. Ses parents avaient assur\u00e9 que leur fils \u00e9tait un \u00ab\u00a0prisonnier politique\u00a0\u00bb, un \u00ab\u00a0pion\u00a0\u00bb utilis\u00e9 par les Russes pour \u00ab\u00a0faire pression\u00a0\u00bb.<br \/>Ce chercheur de 49\u00a0ans, sp\u00e9cialiste de l\u2019espace post-sovi\u00e9tique, \u00e9tait employ\u00e9 par le Centre pour le dialogue humanitaire, une ONG suisse qui fait de la m\u00e9diation dans des conflits hors des circuits diplomatiques officiels, notamment s\u2019agissant de l\u2019Ukraine.<\/p>\n","protected":false},"excerpt":{"rendered":"Cette annonce surprise intervient alors que Paris et Moscou ont r\u00e9cemment manifest\u00e9 publiquement leur int\u00e9r\u00eat \u00e0 un contact&hellip;\n","protected":false},"author":2,"featured_media":622495,"comment_status":"","ping_status":"","sticky":false,"template":"","format":"standard","meta":{"footnotes":""},"categories":[1591],"tags":[11,1887,12,1885,1886,132],"class_list":{"0":"post-622494","1":"post","2":"type-post","3":"status-publish","4":"format-standard","5":"has-post-thumbnail","7":"category-russie","8":"tag-actualites","9":"tag-federation-de-russie","10":"tag-news","11":"tag-russia","12":"tag-russian-federation","13":"tag-russie"},"share_on_mastodon":{"url":"https:\/\/pubeurope.com\/@fr\/115783344095644354","error":""},"_links":{"self":[{"href":"https:\/\/www.europesays.com\/fr\/wp-json\/wp\/v2\/posts\/622494","targetHints":{"allow":["GET"]}}],"collection":[{"href":"https:\/\/www.europesays.com\/fr\/wp-json\/wp\/v2\/posts"}],"about":[{"href":"https:\/\/www.europesays.com\/fr\/wp-json\/wp\/v2\/types\/post"}],"author":[{"embeddable":true,"href":"https:\/\/www.europesays.com\/fr\/wp-json\/wp\/v2\/users\/2"}],"replies":[{"embeddable":true,"href":"https:\/\/www.europesays.com\/fr\/wp-json\/wp\/v2\/comments?post=622494"}],"version-history":[{"count":0,"href":"https:\/\/www.europesays.com\/fr\/wp-json\/wp\/v2\/posts\/622494\/revisions"}],"wp:featuredmedia":[{"embeddable":true,"href":"https:\/\/www.europesays.com\/fr\/wp-json\/wp\/v2\/media\/622495"}],"wp:attachment":[{"href":"https:\/\/www.europesays.com\/fr\/wp-json\/wp\/v2\/media?parent=622494"}],"wp:term":[{"taxonomy":"category","embeddable":true,"href":"https:\/\/www.europesays.com\/fr\/wp-json\/wp\/v2\/categories?post=622494"},{"taxonomy":"post_tag","embeddable":true,"href":"https:\/\/www.europesays.com\/fr\/wp-json\/wp\/v2\/tags?post=622494"}],"curies":[{"name":"wp","href":"https:\/\/api.w.org\/{rel}","templated":true}]}}