{"id":622498,"date":"2025-12-26T01:47:40","date_gmt":"2025-12-26T01:47:40","guid":{"rendered":"https:\/\/www.europesays.com\/fr\/622498\/"},"modified":"2025-12-26T01:47:40","modified_gmt":"2025-12-26T01:47:40","slug":"trump-prend-les-commandes-des-usa-et-la-france-decouvre-les-kidnappings-retro-crypto-2025","status":"publish","type":"post","link":"https:\/\/www.europesays.com\/fr\/622498\/","title":{"rendered":"Trump prend les commandes des USA et la France d\u00e9couvre les kidnappings : R\u00e9tro crypto 2025"},"content":{"rendered":"<p data-beyondwords-marker=\"9d1b5237-d5cf-4f28-9e4c-3745022044f0\" class=\"has-medium-font-size\">Trump pose sa patte sur la crypto. Bienvenue \u00e0 bord de notre r\u00e9trospective 2025 ! Janvier s\u2019est r\u00e9v\u00e9l\u00e9 \u00eatre un mois d\u2019une densit\u00e9 exceptionnelle, propulsant la cryptosph\u00e8re au centre des enjeux g\u00e9opolitiques et financiers. Le secteur n\u2019est plus une niche technologique, mais une composante \u00e0 part enti\u00e8re de l\u2019actualit\u00e9 mondiale. Pour ce premier chapitre de notre r\u00e9cap\u2019 annuel, nous allons analyser les \u00e9v\u00e9nements majeurs structur\u00e9s autour de trois zones g\u00e9ographiques cruciales : les \u00c9tats-Unis, o\u00f9 la politique a red\u00e9fini le paysage r\u00e9glementaire du secteur ; la France, confront\u00e9e <a href=\"https:\/\/journalducoin.com\/actualites\/cryptomonnaies-pere-influenceur-crypto-enleve-pour-reclamer-rancon\/\" target=\"_blank\" rel=\"noreferrer noopener follow\" data-wpel-link=\"internal\" class=\"plausible-event-name=Liens+internes\"><strong>\u00e0 ses premiers enl\u00e8vements d\u2019entrepreneurs crypto<\/strong><\/a> ; et le Reste du Monde, bouscul\u00e9 par l\u2019innovation technologique et l\u2019\u00e9volution des positions des banques centrales.<\/p>\n<p><strong style=\"font-size: 18px\">Les points cl\u00e9s de cet article :<\/strong><\/p>\n<ul style=\"font-size: 18px\">\n<li>Trump a marqu\u00e9 l\u2019histoire en influen\u00e7ant la r\u00e9gulation crypto aux \u00c9tats-Unis, propulsant la cryptosph\u00e8re au centre des enjeux g\u00e9opolitiques.<\/li>\n<p><\/p>\n<li>La France a \u00e9t\u00e9 secou\u00e9e par ses premiers crypto-kidnappings qui visent des entrepreneurs du secteur et leur famille<\/li>\n<p><\/p>\n<li>\u00c0 l\u2019\u00e9chelle mondiale, le \u00ab\u00a0Deepseek Shock\u00a0\u00bb a perturb\u00e9 les march\u00e9s, tandis que les banques centrales ont commenc\u00e9 \u00e0 s\u2019int\u00e9resser s\u00e9rieusement au Bitcoin.<\/li>\n<\/ul>\n<p>L\u2019Am\u00e9rique envoie le signal fort d\u2019un changement r\u00e9glementaire dans la crypto<\/p>\n<p>Les premiers gestes pro-crypto de la nouvelle administration Trump<\/p>\n<p data-beyondwords-marker=\"ce5e1048-43dc-40c7-aea4-5f0be16bc323\">Janvier 2025 marquera un tournant d\u00e9cisif dans les relations entre <strong>Washington <\/strong>et l\u2019industrie des <strong>actifs num\u00e9riques<\/strong>. Apr\u00e8s des ann\u00e9es de tensions et d\u2019incertitudes r\u00e9glementaires, l\u2019administration entrante a clairement signal\u00e9 son intention de <strong>favoriser <\/strong>l\u2019int\u00e9gration du secteur.<\/p>\n<p data-beyondwords-marker=\"dbbc552a-4b46-4115-867f-7656f2c71344\">Le geste le plus <strong>symbolique <\/strong>de ce changement de cap est la nomination d\u2019un <strong>Secr\u00e9taire du Tr\u00e9sor<\/strong> affichant des positions <strong>pro-crypto<\/strong>. Ce choix politique a \u00e9t\u00e9 interpr\u00e9t\u00e9 par le march\u00e9 comme une <strong>validation <\/strong>\u00e9tatique et un engagement vers <a href=\"https:\/\/journalducoin.com\/actualites\/cryptomonnaies-usa-irs-reporte-nouvelles-regles-declaration-fiscale-2026\/\" target=\"_blank\" rel=\"noreferrer noopener follow\" data-wpel-link=\"internal\" class=\"plausible-event-name=Liens+internes\">un cadre l\u00e9gislatif plus clair pour l\u2019\u00e9cosyst\u00e8me.<\/a><\/p>\n<p data-beyondwords-marker=\"b8635ff6-2753-46bc-9e3b-dfdf50257866\">De son c\u00f4t\u00e9, la <strong>SEC<\/strong> (Securities and Exchange Commission) a fait un pas significatif <a href=\"https:\/\/journalducoin.com\/actualites\/bitcoin-sec-abandonne-sab-121-cadeau-industrie-crypto\/\" target=\"_blank\" rel=\"noreferrer noopener follow\" data-wpel-link=\"internal\" class=\"plausible-event-name=Liens+internes\">en abandonnant la r\u00e8gle comptable SAB 121<\/a>. Cette directive rendait la <strong>conservation des crypto-actifs <\/strong>particuli\u00e8rement on\u00e9reuse et complexe pour les grandes institutions financi\u00e8res, agissant de fait comme un frein \u00e0 l\u2019adoption institutionnelle. Le <strong>retrait <\/strong>de cette r\u00e8gle ouvre d\u00e9sormais la voie \u00e0 une participation facilit\u00e9e des <strong>banques <\/strong>traditionnelles sur le march\u00e9 des <a href=\"https:\/\/journalducoin.com\/lexique\/cryptomonnaie\/\" target=\"_blank\" rel=\"noreferrer noopener follow\" data-wpel-link=\"internal\" class=\"plausible-event-name=Liens+internes\">cryptomonnaies<\/a>.<\/p>\n<p data-beyondwords-marker=\"69a28939-f869-40f5-bd6f-222b0605aced\">Ces d\u00e9veloppements <strong>r\u00e9glementaires<\/strong>, combin\u00e9s \u00e0 l\u2019effervescence politique autour de l\u2019<strong>investiture pr\u00e9sidentielle<\/strong>, ont eu un impact direct sur le march\u00e9. Le <a href=\"https:\/\/journalducoin.com\/bitcoin\/\" target=\"_blank\" rel=\"noreferrer noopener follow\" data-wpel-link=\"internal\" class=\"plausible-event-name=Liens+internes\">bitcoin <\/a>(<strong>BTC<\/strong>) a atteint un nouveau <strong>sommet <\/strong>historique,<a href=\"https:\/\/journalducoin.com\/bitcoin\/ath-de-bitcoin-a-109-000-linvestiture-de-donald-trump-sera-t-elle-historique-pour-le-btc\/\" target=\"_blank\" rel=\"noreferrer noopener follow\" data-wpel-link=\"internal\" class=\"plausible-event-name=Liens+internes\"> touchant bri\u00e8vement les 109 000 dollars<\/a>.<\/p>\n<p>Et d\u00e9j\u00e0 un premier ATH de Bitcoin \u00e0 109 000 dollars ! <\/p>\n<p data-beyondwords-marker=\"feae8289-5fde-4761-b738-5630be7e4ba6\">Cependant, ce pic fut <strong>\u00e9ph\u00e9m\u00e8re <\/strong>: les investisseurs ont rapidement pris leurs <strong>b\u00e9n\u00e9fices<\/strong>, <a href=\"https:\/\/journalducoin.com\/bitcoin\/bitcoin-prise-fonction-donald-trump-evenement-sell-the-news\/\" target=\"_blank\" rel=\"noreferrer noopener follow\" data-wpel-link=\"internal\" class=\"plausible-event-name=Liens+internes\">provoquant une correction imm\u00e9diate<\/a>. Mais l\u2019essentiel est ailleurs. <\/p>\n<p data-beyondwords-marker=\"07d2872b-f1b7-4406-a728-c0215d094aac\">L\u2019administration a envoy\u00e9 des<strong> signaux politiques<\/strong> forts d\u00e8s son arriv\u00e9e, notamment avec <a href=\"https:\/\/journalducoin.com\/bitcoin\/donald-trump-promesse-et-libere-ross-ulbricht-createur-silk-road\/\" target=\"_blank\" rel=\"noreferrer noopener follow\" data-wpel-link=\"internal\" class=\"plausible-event-name=Liens+internes\">la promesse de lib\u00e9rer Ross Ulbricht<\/a>, le cr\u00e9ateur de <strong>Silk Road<\/strong>. Une annonce qui vise clairement \u00e0 s\u00e9duire une partie de la base <strong>pro-crypto<\/strong> et <strong>libertarienne<\/strong>.<\/p>\n<p data-beyondwords-marker=\"d0ab077e-64c9-4469-86d7-52e242013d79\">Par ailleurs, l\u2019activit\u00e9 du tout nouveau pr\u00e9sident a continu\u00e9 d\u2019alimenter les conversations, voire les <strong>pol\u00e9miques<\/strong>. On parle ici du<a href=\"https:\/\/journalducoin.com\/bitcoin\/bitcoin-donald-trump-5e-collection-nft-inscriptions-ordinals-btc\/\" target=\"_blank\" rel=\"noreferrer noopener follow\" data-wpel-link=\"internal\" class=\"plausible-event-name=Liens+internes\"> lancement d\u2019une nouvelle collection<\/a> <strong>NFT sur Ordinals <\/strong>(BTC), mais surtout des lancements des <strong>memecoins TRUMP <\/strong>et <strong>MELANIA<\/strong>, marquant l\u2019int\u00e9gration du Web3 dans la politique spectacle avec un certain <strong>Elon Musk<\/strong> en chef d\u2019orchestre du D.O.G.E.<\/p>\n<p data-beyondwords-marker=\"04ba1f15-37be-4f6e-a157-bb0bea1c6dbe\">Enfin, l\u2019ogre <strong>Strategy<\/strong> a r\u00e9affirm\u00e9 sa confiance<a href=\"https:\/\/journalducoin.com\/bitcoin\/microstrategy-achete-1-070-bitcoins-supplementaires-depasse-447-000-btc\/\" target=\"_blank\" rel=\"noreferrer noopener follow\" data-wpel-link=\"internal\" class=\"plausible-event-name=Liens+internes\"> en ajoutant 1 070 BTC \u00e0 ses r\u00e9serves<\/a>, mais nous y reviendrons tout au long de l\u2019ann\u00e9e.<\/p>\n<p><img fetchpriority=\"high\" decoding=\"async\" width=\"1920\" height=\"1080\" alt=\"Bienvenue \u00e0 bord de notre r\u00e9trospective 2025 ! Janvier s'est r\u00e9v\u00e9l\u00e9 \u00eatre un mois d'une densit\u00e9 exceptionnelle, propulsant la cryptosph\u00e8re au centre des enjeux g\u00e9opolitiques et financiers. Le secteur n'est plus une niche technologique, mais une composante \u00e0 part enti\u00e8re de l'actualit\u00e9 mondiale. Pour ce premier chapitre de notre r\u00e9cap' annuel, nous allons analyser les \u00e9v\u00e9nements majeurs structur\u00e9s autour de trois zones g\u00e9ographiques cruciales : les \u00c9tats-Unis, o\u00f9 la politique a red\u00e9fini le paysage r\u00e9glementaire du secteur ; la France, confront\u00e9e \u00e0 ses premiers enl\u00e8vements d'entrepreneurs crypto ; et le Reste du Monde, bouscul\u00e9 par l'innovation technologique et l'\u00e9volution des positions des banques centrales.\" class=\"wp-image-715282 lazyload\" style=\"width:803px;height:auto\" src=\"https:\/\/www.europesays.com\/fr\/wp-content\/uploads\/2025\/12\/V4_Election_TRUMP_USA_Vectorielle.jpg\" loading=\"lazy\"  data- data-eio-rwidth=\"1920\" data-eio-rheight=\"1080\"\/>Donald Trump arrive \u00e0 la Maison Blanche et commence \u00e0 infl\u00e9chir la politique US \u00e0 l\u2019\u00e9gard de la crypto<\/p>\n<p data-beyondwords-marker=\"7e74f985-61a1-482c-8455-a34f112d6278\">En <strong>France<\/strong>, janvier a \u00e9t\u00e9 domin\u00e9 par des questions de <strong>s\u00e9curit\u00e9 <\/strong>et de <strong>justice<\/strong>, rappelant malheureusement que la d\u00e9tention de crypto-actifs peut s\u2019accompagner de risques. Le fait marquant est la <strong>s\u00e9rie noire <\/strong>de <strong>crypto-kidnappings<\/strong> ciblant des individus fortun\u00e9s dans le secteur qui a <a href=\"https:\/\/www.gendarmerie.interieur.gouv.fr\/gendinfo\/criminalite-organisee-et-enquetes\/2025\/enlevement-de-david-balland-un-engagement-massif-et-complet-de-la-gendarmerie-nationale\" target=\"_blank\" rel=\"noreferrer noopener nofollow\" data-wpel-link=\"external\">d\u00e9marr\u00e9 <\/a>en ce d\u00e9but d\u2019ann\u00e9e. <\/p>\n<p data-beyondwords-marker=\"49f5f390-19f3-4c45-aa83-7d63ffba691e\">L\u2019<a href=\"https:\/\/journalducoin.com\/actualites\/cryptomonnaie-le-cofondateur-de-ledger-david-balland-enleve-puis-libere-en-france\/\" target=\"_blank\" rel=\"noreferrer noopener follow\" data-wpel-link=\"internal\" class=\"plausible-event-name=Liens+internes\">enl\u00e8vement du cofondateur de Ledger<\/a>, <strong>David Balland<\/strong>, suivi de pr\u00e8s <a href=\"https:\/\/journalducoin.com\/actualites\/crypto-kidnapping-nouvel-enlevement-entrepreneur-troyes-20000-euros\/\" target=\"_blank\" rel=\"noreferrer noopener follow\" data-wpel-link=\"internal\" class=\"plausible-event-name=Liens+internes\">par celui d\u2019un entrepreneur de Troyes<\/a> (contre une ran\u00e7on en <strong>cryptomonnaie<\/strong>), a mis en \u00e9vidence l\u2019attrait croissant de ces actifs pour le <strong>crime organis\u00e9<\/strong>. Ces \u00e9v\u00e9nements soulignent un enjeu majeur de <strong>s\u00e9curit\u00e9 <\/strong>pour la communaut\u00e9 crypto.<\/p>\n<p data-beyondwords-marker=\"e54249d9-4d62-428b-93e1-06806e324199\">Malgr\u00e9 ces d\u00e9fis, l\u2019<strong>adoption<\/strong> poursuit son chemin. Le maire de Cannes, <strong>David Lisnard<\/strong>, a par exemple annonc\u00e9 un projet visant \u00e0 former <a href=\"https:\/\/journalducoin.com\/actualites\/cryptomonnaies-france-maire-cannes-david-lisnard-former-commercants-paiement-crypto\/\" target=\"_blank\" rel=\"noreferrer noopener follow\" data-wpel-link=\"internal\" class=\"plausible-event-name=Liens+internes\">les commer\u00e7ants locaux au paiement en cryptomonnaies<\/a>, illustrant les efforts d\u2019int\u00e9gration de ces actifs dans l\u2019\u00e9conomie locale. La ville sera d\u2019ailleurs le th\u00e9\u00e2tre de l\u2019ETHCC au mois de mai, mais l\u00e0 encore, nous y reviendrons.<\/p>\n<p><img decoding=\"async\" width=\"1920\" height=\"1080\" alt=\"Bienvenue \u00e0 bord de notre r\u00e9trospective 2025 ! Janvier s'est r\u00e9v\u00e9l\u00e9 \u00eatre un mois d'une densit\u00e9 exceptionnelle, propulsant la cryptosph\u00e8re au centre des enjeux g\u00e9opolitiques et financiers. Le secteur n'est plus une niche technologique, mais une composante \u00e0 part enti\u00e8re de l'actualit\u00e9 mondiale. Pour ce premier chapitre de notre r\u00e9cap' annuel, nous allons analyser les \u00e9v\u00e9nements majeurs structur\u00e9s autour de trois zones g\u00e9ographiques cruciales : les \u00c9tats-Unis, o\u00f9 la politique a red\u00e9fini le paysage r\u00e9glementaire du secteur ; la France, confront\u00e9e \u00e0 ses premiers enl\u00e8vements d'entrepreneurs crypto ; et le Reste du Monde, bouscul\u00e9 par l'innovation technologique et l'\u00e9volution des positions des banques centrales.\" class=\"wp-image-752270 lazyload\" style=\"width:796px;height:auto\" src=\"https:\/\/www.europesays.com\/fr\/wp-content\/uploads\/2025\/12\/V4_France_Police_Gendarmerie_4.jpg\" loading=\"lazy\"  data- data-eio-rwidth=\"1920\" data-eio-rheight=\"1080\"\/>La France d\u00e9couvre les tentatives d\u2019enl\u00e8vements violentes li\u00e9es \u00e0 la cryptomonnaie<\/p>\n<p>Dans le reste du monde, Deepseek fait la une et les banques centrales se penchent sur Bitcoin<\/p>\n<p>Deepseek fait chuter le march\u00e9 en une nuit<\/p>\n<p data-beyondwords-marker=\"78e00bd9-8056-4c42-bda2-e5ef33b57f12\">\u00c0 l\u2019\u00e9chelle mondiale, le march\u00e9 a \u00e9t\u00e9 bouscul\u00e9 par l\u2019<strong>innovation technologique<\/strong> et l\u2019\u00e9volution des positions des institutions financi\u00e8res traditionnelles. Le <strong>Deepseek Shock<\/strong> a \u00e9t\u00e9 l\u2019\u00e9v\u00e9nement le plus <strong>impr\u00e9visible<\/strong>. L\u2019annonce d\u2019une avanc\u00e9e majeure par l\u2019entreprise d\u2019intelligence artificielle chinoise <strong>Deepseek<\/strong> a provoqu\u00e9<a href=\"https:\/\/journalducoin.com\/bitcoin\/bitcoin-le-marche-crypto-reprend-son-souffle-apres-le-choc-deepseek\/\" target=\"_blank\" rel=\"noreferrer noopener follow\" data-wpel-link=\"internal\" class=\"plausible-event-name=Liens+internes\"> une panique sur les march\u00e9s mondiaux<\/a>, se r\u00e9percutant sur le <strong>bitcoin<\/strong>.<\/p>\n<p data-beyondwords-marker=\"9a8f8358-63b3-487b-bc6b-5a5985c07883\">Cette onde de choc a entra\u00een\u00e9 des <strong>liquidations massives<\/strong>, le BTC chutant temporairement sous les<strong> 100 000 dollars<\/strong>, d\u00e9montrant la forte interconnexion entre les secteurs de la technologie de pointe et des actifs num\u00e9riques. Par ailleurs, plusieurs signaux <strong>positifs <\/strong>ont \u00e9man\u00e9 des institutions. Sous l\u2019influence du r\u00e8glement europ\u00e9en <strong>MiCA<\/strong>, <strong>JPMorgan<\/strong> a exprim\u00e9 son optimisme quant \u00e0 l\u2019avenir des <strong>stablecoins en euros<\/strong>.<\/p>\n<p>Les banques centrales commencent \u00e0 s\u00e9rieusement envisager d\u2019acheter du BTC<\/p>\n<p data-beyondwords-marker=\"cc2be8c4-a02b-4970-81ca-b2ddde766841\">Mais surtout, plusieurs banques centrales ont affich\u00e9 leur int\u00e9r\u00eat pour le <strong>bitcoin <\/strong>:<\/p>\n<ul data-beyondwords-marker=\"eaef5819-b754-469b-aba3-4fbb151ec3c1\" class=\"wp-block-list\">\n<li data-beyondwords-marker=\"8dbcab41-4753-42d2-8487-b452cc023b91\">En <strong>Suisse<\/strong>, <a href=\"https:\/\/journalducoin.com\/bitcoin\/referendum-obliger-banque-nationale-suisse-detenir-reserve-bitcoin\/\" target=\"_blank\" rel=\"noreferrer noopener follow\" data-wpel-link=\"internal\" class=\"plausible-event-name=Liens+internes\">un r\u00e9f\u00e9rendum est en cours <\/a>pour d\u00e9terminer si la Banque Nationale doit \u00eatre oblig\u00e9e de d\u00e9tenir des r\u00e9serves de Bitcoin.<\/li>\n<li data-beyondwords-marker=\"49444747-f4b8-486c-a684-74b2f19ef45a\">La <strong>Banque Centrale Tch\u00e8que<\/strong> a officialis\u00e9 l\u2019\u00e9tablissement <a href=\"https:\/\/journalducoin.com\/bitcoin\/reserve-strategique-bitcoin-banque-centrale-tchequie\/\" target=\"_blank\" rel=\"noreferrer noopener follow\" data-wpel-link=\"internal\" class=\"plausible-event-name=Liens+internes\">d\u2019une r\u00e9serve strat\u00e9gique en BTC<\/a>.<\/li>\n<li data-beyondwords-marker=\"4fc6534e-841a-43a8-980d-4f6f618f4014\">Les \u00c9mirats arabes unis ont marqu\u00e9 leur ambition en lan\u00e7ant un fonds crypto de <strong>100 millions de dollars<\/strong>.<\/li>\n<\/ul>\n<p data-beyondwords-marker=\"0a93f256-1501-4669-b763-f5bee365b9b1\">Enfin, une note d\u2019espoir pour les victimes de la bande \u00e0 Sam Bankman-Fried : la distribution des fonds aux cr\u00e9anciers de l\u2019ancienne plateforme <strong>FTX<\/strong> <a href=\"https:\/\/journalducoin.com\/exchanges\/affaire-ftx-aux-dernieres-nouvelles-la-distribution-des-fonds-devrait-commencer-a-partir-du-20-janvier\/\" target=\"_blank\" rel=\"noreferrer noopener follow\" data-wpel-link=\"internal\" class=\"plausible-event-name=Liens+internes\">a \u00e9t\u00e9 annonc\u00e9e pour le 20 janvier<\/a>, marquant une \u00e9tape importante dans la <strong>r\u00e9solution <\/strong>de ce dossier.<\/p>\n<p data-beyondwords-marker=\"28895287-a926-4540-b844-87f07ab4a728\" class=\"has-medium-font-size\">Janvier 2025 a \u00e9t\u00e9 le mois des contrastes : l\u2019assouplissement r\u00e9glementaire am\u00e9ricain s\u2019est oppos\u00e9 aux d\u00e9fis de s\u00e9curit\u00e9 en France, tandis que les banques centrales s\u2019int\u00e9ressaient s\u00e9rieusement au Bitcoin. Ces \u00e9v\u00e9nements confirment la maturit\u00e9 et l\u2019importance syst\u00e9mique croissantes d\u2019un \u00e9cosyst\u00e8me qui ne cesse de se complexifier. Ce premier mois n\u2019est qu\u2019un aper\u00e7u de l\u2019ann\u00e9e. Les d\u00e9veloppements politiques et les mouvements de march\u00e9 de janvier augurent un mois de f\u00e9vrier potentiellement explosif. Les march\u00e9s consolideront-ils apr\u00e8s la tentative \u00e0 109 000 $ ? L\u2019Europe se mettra-t-elle dans le sillage r\u00e9glementaire am\u00e9ricain ? Rendez-vous le mois prochain pour d\u00e9cortiquer la suite de cette saga 2025 !<\/p>\n","protected":false},"excerpt":{"rendered":"Trump pose sa patte sur la crypto. Bienvenue \u00e0 bord de notre r\u00e9trospective 2025 ! Janvier s\u2019est r\u00e9v\u00e9l\u00e9&hellip;\n","protected":false},"author":2,"featured_media":622499,"comment_status":"","ping_status":"","sticky":false,"template":"","format":"standard","meta":{"footnotes":""},"categories":[1589],"tags":[11,73,2474,1866,27,12,1864,1865,1863,308],"class_list":{"0":"post-622498","1":"post","2":"type-post","3":"status-publish","4":"format-standard","5":"has-post-thumbnail","7":"category-etats-unis","8":"tag-actualites","9":"tag-etats-unis","10":"tag-etats-unis-usa","11":"tag-etats-unis-damerique","12":"tag-france","13":"tag-news","14":"tag-united-states","15":"tag-united-states-of-america","16":"tag-us","17":"tag-usa"},"share_on_mastodon":{"url":"https:\/\/pubeurope.com\/@fr\/115783353060015137","error":""},"_links":{"self":[{"href":"https:\/\/www.europesays.com\/fr\/wp-json\/wp\/v2\/posts\/622498","targetHints":{"allow":["GET"]}}],"collection":[{"href":"https:\/\/www.europesays.com\/fr\/wp-json\/wp\/v2\/posts"}],"about":[{"href":"https:\/\/www.europesays.com\/fr\/wp-json\/wp\/v2\/types\/post"}],"author":[{"embeddable":true,"href":"https:\/\/www.europesays.com\/fr\/wp-json\/wp\/v2\/users\/2"}],"replies":[{"embeddable":true,"href":"https:\/\/www.europesays.com\/fr\/wp-json\/wp\/v2\/comments?post=622498"}],"version-history":[{"count":0,"href":"https:\/\/www.europesays.com\/fr\/wp-json\/wp\/v2\/posts\/622498\/revisions"}],"wp:featuredmedia":[{"embeddable":true,"href":"https:\/\/www.europesays.com\/fr\/wp-json\/wp\/v2\/media\/622499"}],"wp:attachment":[{"href":"https:\/\/www.europesays.com\/fr\/wp-json\/wp\/v2\/media?parent=622498"}],"wp:term":[{"taxonomy":"category","embeddable":true,"href":"https:\/\/www.europesays.com\/fr\/wp-json\/wp\/v2\/categories?post=622498"},{"taxonomy":"post_tag","embeddable":true,"href":"https:\/\/www.europesays.com\/fr\/wp-json\/wp\/v2\/tags?post=622498"}],"curies":[{"name":"wp","href":"https:\/\/api.w.org\/{rel}","templated":true}]}}