{"id":622500,"date":"2025-12-26T01:48:17","date_gmt":"2025-12-26T01:48:17","guid":{"rendered":"https:\/\/www.europesays.com\/fr\/622500\/"},"modified":"2025-12-26T01:48:17","modified_gmt":"2025-12-26T01:48:17","slug":"le-roi-charles-iii-en-appelle-a-la-reconciliation-dans-son-discours-de-noel","status":"publish","type":"post","link":"https:\/\/www.europesays.com\/fr\/622500\/","title":{"rendered":"Le roi Charles III en appelle \u00e0 la \u00ab\u00a0r\u00e9conciliation\u00a0\u00bb dans son discours de No\u00ebl"},"content":{"rendered":"<p>Il a ouvert son message sur le \u00ab\u00a0moment historique d\u2019unit\u00e9 spirituelle\u00a0\u00bb qu\u2019a repr\u00e9sent\u00e9 sa visite au Vatican en octobre dernier, visite au cours de laquelle il a pri\u00e9 avec le pape L\u00e9on XIV, une premi\u00e8re depuis le schisme anglican au XVI\u00e8me si\u00e8cle. Cette ann\u00e9e du Jubil\u00e9 de l\u2019\u00c9glise catholique, c\u00e9l\u00e9br\u00e9e sur le th\u00e8me \u00ab\u00a0P\u00e8lerins de l\u2019esp\u00e9rance\u00a0\u00bb, est le fil conducteur du discours du monarque, gouverneur supr\u00eame de l\u2019\u00c9glise d\u2019Angleterre.<\/p>\n<p>\u00ab\u00a0Le mot p\u00e8lerinage est moins employ\u00e9 aujourd\u2019hui, mais il a une signification particuli\u00e8re pour notre monde moderne, et surtout \u00e0 No\u00ebl\u00a0: il s\u2019agit d\u2019avancer vers l\u2019avenir tout en revenant vers le pass\u00e9 pour s\u2019en souvenir et en tirer des le\u00e7ons\u00a0\u00bb, a-t-il d\u00e9clar\u00e9.<\/p>\n<p>Il \u00e9voque aussi la transmission de la m\u00e9moire de la Seconde guerre mondiale, l\u2019ann\u00e9e qui s\u2019ach\u00e8ve ayant \u00e9t\u00e9 celle du 80e anniversaire de la fin de ce conflit. \u00ab\u00a0Le courage et le sacrifice de nos militaires, ainsi que la mani\u00e8re dont les communaut\u00e9s se sont rassembl\u00e9es face \u00e0 une si grande \u00e9preuve, portent pour nous un message intemporel. Ce sont toutes ces valeurs qui ont fa\u00e7onn\u00e9 notre pays et le Commonwealth\u00a0\u00bb, poursuit-il.<\/p>\n<p>\u00ab\u00a0Ch\u00e9rir les valeurs de compassion et de r\u00e9conciliation\u00a0\u00bb<\/p>\n<p>Voil\u00e0 pour le pass\u00e9. Qualifiant l\u2019\u00e9poque actuelle d&rsquo;\u00ab\u00a0incertaine\u00a0\u00bb, et arguant que le \u00ab\u00a0monde semble tourner toujours plus vite\u00a0\u00bb, il estime qu\u2019avec \u00ab\u00a0la grande diversit\u00e9 de nos communaut\u00e9s, nous pouvons trouver la force de faire en sorte que le bien triomphe du mal\u00a0\u00bb.<\/p>\n<p>\u00ab\u00a0Il me semble que nous devons ch\u00e9rir les valeurs de compassion et de r\u00e9conciliation\u00a0\u00bb, explique-t-il, dans une allusion \u00e0 l\u2019attaque de la synagogue de Manchester, qui a fait deux morts en Angleterre d\u00e9but octobre. Il \u00e9tait all\u00e9 rencontrer les survivants. \u00ab\u00a0Lorsque je rencontre des personnes de diff\u00e9rentes confessions, je trouve extr\u00eamement encourageant d\u2019entendre tout ce que nous avons en commun\u00a0: un d\u00e9sir partag\u00e9 de paix et un profond respect pour toute vie\u00a0\u00bb, d\u00e9taille le roi, qui a toujours montr\u00e9 un int\u00e9r\u00eat pouss\u00e9 pour le dialogue inter-religieux.<\/p>\n","protected":false},"excerpt":{"rendered":"Il a ouvert son message sur le \u00ab\u00a0moment historique d\u2019unit\u00e9 spirituelle\u00a0\u00bb qu\u2019a repr\u00e9sent\u00e9 sa visite au Vatican en&hellip;\n","protected":false},"author":2,"featured_media":622501,"comment_status":"","ping_status":"","sticky":false,"template":"","format":"standard","meta":{"footnotes":""},"categories":[1588],"tags":[11,1777,674,12,473,1853,1851,1850,1852],"class_list":{"0":"post-622500","1":"post","2":"type-post","3":"status-publish","4":"format-standard","5":"has-post-thumbnail","7":"category-royaume-uni","8":"tag-actualites","9":"tag-eu","10":"tag-europe","11":"tag-news","12":"tag-royaume-uni","13":"tag-royaume-uni-de-grande-bretagne-et-dirlande-du-nord","14":"tag-uk","15":"tag-united-kingdom","16":"tag-united-kingdom-of-great-britain-and-northern-ireland"},"share_on_mastodon":{"url":"https:\/\/pubeurope.com\/@fr\/115783355928724873","error":""},"_links":{"self":[{"href":"https:\/\/www.europesays.com\/fr\/wp-json\/wp\/v2\/posts\/622500","targetHints":{"allow":["GET"]}}],"collection":[{"href":"https:\/\/www.europesays.com\/fr\/wp-json\/wp\/v2\/posts"}],"about":[{"href":"https:\/\/www.europesays.com\/fr\/wp-json\/wp\/v2\/types\/post"}],"author":[{"embeddable":true,"href":"https:\/\/www.europesays.com\/fr\/wp-json\/wp\/v2\/users\/2"}],"replies":[{"embeddable":true,"href":"https:\/\/www.europesays.com\/fr\/wp-json\/wp\/v2\/comments?post=622500"}],"version-history":[{"count":0,"href":"https:\/\/www.europesays.com\/fr\/wp-json\/wp\/v2\/posts\/622500\/revisions"}],"wp:featuredmedia":[{"embeddable":true,"href":"https:\/\/www.europesays.com\/fr\/wp-json\/wp\/v2\/media\/622501"}],"wp:attachment":[{"href":"https:\/\/www.europesays.com\/fr\/wp-json\/wp\/v2\/media?parent=622500"}],"wp:term":[{"taxonomy":"category","embeddable":true,"href":"https:\/\/www.europesays.com\/fr\/wp-json\/wp\/v2\/categories?post=622500"},{"taxonomy":"post_tag","embeddable":true,"href":"https:\/\/www.europesays.com\/fr\/wp-json\/wp\/v2\/tags?post=622500"}],"curies":[{"name":"wp","href":"https:\/\/api.w.org\/{rel}","templated":true}]}}