{"id":622504,"date":"2025-12-26T01:50:21","date_gmt":"2025-12-26T01:50:21","guid":{"rendered":"https:\/\/www.europesays.com\/fr\/622504\/"},"modified":"2025-12-26T01:50:21","modified_gmt":"2025-12-26T01:50:21","slug":"a-guipavas-le-cercle-europe-citoyennetes-et-identites-a-incite-les-ecoles-europeennes-a-partager-les-traditions-de-noel","status":"publish","type":"post","link":"https:\/\/www.europesays.com\/fr\/622504\/","title":{"rendered":"\u00c0 Guipavas, le Cercle Europe Citoyennet\u00e9s et Identit\u00e9s a incit\u00e9 les \u00e9coles europ\u00e9ennes \u00e0 partager les traditions de No\u00ebl"},"content":{"rendered":"<p>Le CECI, Cercle Europe Citoyennet\u00e9s et Identit\u00e9s, association de <a href=\"https:\/\/www.letelegramme.fr\/finistere\/guipavas-29490\/\" target=\"_blank\" rel=\"noopener\">Guipavas<\/a>, a invit\u00e9 \u00e0 environ 37\u00a0000 \u00e9coliers europ\u00e9ens \u00e0 partager les traditions\u00a0durant ce mois de d\u00e9cembre. \u00ab\u00a0Nous avons propos\u00e9 via des CIED (centres d\u2019informations Europe Direct) qui ont pris part \u00e0 notre initiative \u00e9ducative et citoyenne en permettant \u00e0 481 \u00e9tablissements d\u2019une vingtaine de pays europ\u00e9ens de s\u2019inscrire dans cet \u00e9change de d\u00e9coration de No\u00ebl\u00a0\u00bb, indique Emmanuel Morucci, le pr\u00e9sident.<\/p>\n<p>59 \u00e9coles en France ont particip\u00e9<\/p>\n<p>Ce projet culturel et \u00e9ducatif intitul\u00e9 \u00ab\u00a0Sapin europ\u00e9en\u00a0\u00bb permet \u00e0 des \u00e9l\u00e8ves d\u2019\u00e9coles primaires de fabriquer des d\u00e9corations de No\u00ebl et de d\u00e9crire leurs traditions. Des groupes de 25 \u00e9coles ont \u00e9t\u00e9 constitu\u00e9s. Ainsi chaque \u00e9cole re\u00e7oit 24 surprises. \u00ab\u00a0Cela permet d\u2019encourager la cr\u00e9ativit\u00e9 des enfants et le d\u00e9veloppement de leurs connaissances g\u00e9ographiques, linguistiques et num\u00e9riques. C\u2019est aussi une d\u00e9couverte de la diversit\u00e9 culturelle de l\u2019Europe dans une tradition magique et chaleureuse\u00a0\u00bb. \u00c0 noter que c\u2019est en Espagne que les \u00e9coles participantes sont les plus nombreuses avec 107 \u00e9tablissements. En France, ce sont 59 \u00e9coles qui ont partag\u00e9 nos traditions.<\/p>\n","protected":false},"excerpt":{"rendered":"Le CECI, Cercle Europe Citoyennet\u00e9s et Identit\u00e9s, association de Guipavas, a invit\u00e9 \u00e0 environ 37\u00a0000 \u00e9coliers europ\u00e9ens \u00e0&hellip;\n","protected":false},"author":2,"featured_media":622505,"comment_status":"","ping_status":"","sticky":false,"template":"","format":"standard","meta":{"footnotes":""},"categories":[1586],"tags":[11,1777,674,1011,27,10368,12,25],"class_list":{"0":"post-622504","1":"post","2":"type-post","3":"status-publish","4":"format-standard","5":"has-post-thumbnail","7":"category-europe","8":"tag-actualites","9":"tag-eu","10":"tag-europe","11":"tag-fr","12":"tag-france","13":"tag-guipavas","14":"tag-news","15":"tag-republique-francaise"},"share_on_mastodon":{"url":"https:\/\/pubeurope.com\/@fr\/115783363719635295","error":""},"_links":{"self":[{"href":"https:\/\/www.europesays.com\/fr\/wp-json\/wp\/v2\/posts\/622504","targetHints":{"allow":["GET"]}}],"collection":[{"href":"https:\/\/www.europesays.com\/fr\/wp-json\/wp\/v2\/posts"}],"about":[{"href":"https:\/\/www.europesays.com\/fr\/wp-json\/wp\/v2\/types\/post"}],"author":[{"embeddable":true,"href":"https:\/\/www.europesays.com\/fr\/wp-json\/wp\/v2\/users\/2"}],"replies":[{"embeddable":true,"href":"https:\/\/www.europesays.com\/fr\/wp-json\/wp\/v2\/comments?post=622504"}],"version-history":[{"count":0,"href":"https:\/\/www.europesays.com\/fr\/wp-json\/wp\/v2\/posts\/622504\/revisions"}],"wp:featuredmedia":[{"embeddable":true,"href":"https:\/\/www.europesays.com\/fr\/wp-json\/wp\/v2\/media\/622505"}],"wp:attachment":[{"href":"https:\/\/www.europesays.com\/fr\/wp-json\/wp\/v2\/media?parent=622504"}],"wp:term":[{"taxonomy":"category","embeddable":true,"href":"https:\/\/www.europesays.com\/fr\/wp-json\/wp\/v2\/categories?post=622504"},{"taxonomy":"post_tag","embeddable":true,"href":"https:\/\/www.europesays.com\/fr\/wp-json\/wp\/v2\/tags?post=622504"}],"curies":[{"name":"wp","href":"https:\/\/api.w.org\/{rel}","templated":true}]}}