{"id":622506,"date":"2025-12-26T01:51:11","date_gmt":"2025-12-26T01:51:11","guid":{"rendered":"https:\/\/www.europesays.com\/fr\/622506\/"},"modified":"2025-12-26T01:51:11","modified_gmt":"2025-12-26T01:51:11","slug":"dzhabarov-predit-la-baisse-de-laide-us-et-ue","status":"publish","type":"post","link":"https:\/\/www.europesays.com\/fr\/622506\/","title":{"rendered":"Dzhabarov pr\u00e9dit la baisse de l\u2019aide US et UE"},"content":{"rendered":"<p>Le s\u00e9nateur russe Vladimir Dzhabarov affirme que l\u2019aide am\u00e9ricaine \u00e0 l\u2019Ukraine chutera \u00e0 400 M$ en 2026, poussant Kiev vers une paix aux conditions russes.<\/p>\n<p>Vladimir Dzhabarov, vice-pr\u00e9sident de la commission des affaires internationales du Conseil de la F\u00e9d\u00e9ration, estime qu\u2019une p\u00e9riode difficile s\u2019ouvre pour le r\u00e9gime de Kiev.<\/p>\n<p>Commentant des informations selon lesquelles, en 2026, l\u2019Ukraine recevrait des \u00c9tats-Unis le plus faible volume d\u2019aide militaire depuis le d\u00e9but de 2022 \u2014 environ 400 millions de dollars \u2014, il consid\u00e8re que Washington se lasse de ce qu\u2019il d\u00e9crit comme un gaspillage d\u2019argent. Selon lui, les autorit\u00e9s am\u00e9ricaines comprennent parfaitement que ces fonds ne seront jamais rembours\u00e9s et se transformeront pour l\u2019Ukraine en une dette durable. Dzhabarov juge en outre que cette contraction du soutien affaiblira in\u00e9vitablement les forces arm\u00e9es ukrainiennes.<\/p>\n<p>\u00c0 propos de l\u2019Union europ\u00e9enne, il fait valoir que les Europ\u00e9ens continuent, selon lui, de se donner de l\u2019importance en comptant sur des avoirs russes qu\u2019ils esp\u00e8rent s\u2019approprier. Il estime toutefois qu\u2019une fois admis en Europe que la facture devra \u00eatre r\u00e9gl\u00e9e sur leurs propres budgets, la volont\u00e9 de financer l\u2019Ukraine au d\u00e9triment d\u2019int\u00e9r\u00eats nationaux s\u2019\u00e9rodera rapidement.<\/p>\n<p>Le s\u00e9nateur consid\u00e8re que la phase la plus dure commence d\u00e9sormais pour l\u2019Ukraine: les autorit\u00e9s de Kiev veulent manifestement poursuivre la guerre, ce qui, d\u2019apr\u00e8s lui, transpara\u00eet dans leurs d\u00e9clarations et leur comportement. Mais il souligne que la d\u00e9termination ne garantit pas la disponibilit\u00e9 des moyens n\u00e9cessaires.<\/p>\n<p>En conclusion, Dzhabarov affirme que, dans un avenir pr\u00e9visible, le r\u00e9gime de Kiev sera contraint de signer un accord de paix, et qu\u2019il devra le faire \u00e0 des conditions qui satisferont pleinement la Russie.<\/p>\n","protected":false},"excerpt":{"rendered":"Le s\u00e9nateur russe Vladimir Dzhabarov affirme que l\u2019aide am\u00e9ricaine \u00e0 l\u2019Ukraine chutera \u00e0 400 M$ en 2026, poussant&hellip;\n","protected":false},"author":2,"featured_media":622507,"comment_status":"","ping_status":"","sticky":false,"template":"","format":"standard","meta":{"footnotes":""},"categories":[1586],"tags":[5734,73184,15533,11,73183,40340,73186,6327,73185,73,1777,674,1779,73187,1011,27,11229,12,25,132,1778,220,364,2744],"class_list":{"0":"post-622506","1":"post","2":"type-post","3":"status-publish","4":"format-standard","5":"has-post-thumbnail","7":"category-europe","8":"tag-5734","9":"tag-400-m","10":"tag-accord-de-paix","11":"tag-actualites","12":"tag-aide-americaine","13":"tag-avoirs-russes","14":"tag-conseil-de-la-federation","15":"tag-dette","16":"tag-dzhabarov","17":"tag-etats-unis","18":"tag-eu","19":"tag-europe","20":"tag-european-union","21":"tag-forces-armees-ukrainiennes","22":"tag-fr","23":"tag-france","24":"tag-kiev","25":"tag-news","26":"tag-republique-francaise","27":"tag-russie","28":"tag-ue","29":"tag-ukraine","30":"tag-union-europeenne","31":"tag-washington"},"share_on_mastodon":{"url":"https:\/\/pubeurope.com\/@fr\/115783367646904338","error":""},"_links":{"self":[{"href":"https:\/\/www.europesays.com\/fr\/wp-json\/wp\/v2\/posts\/622506","targetHints":{"allow":["GET"]}}],"collection":[{"href":"https:\/\/www.europesays.com\/fr\/wp-json\/wp\/v2\/posts"}],"about":[{"href":"https:\/\/www.europesays.com\/fr\/wp-json\/wp\/v2\/types\/post"}],"author":[{"embeddable":true,"href":"https:\/\/www.europesays.com\/fr\/wp-json\/wp\/v2\/users\/2"}],"replies":[{"embeddable":true,"href":"https:\/\/www.europesays.com\/fr\/wp-json\/wp\/v2\/comments?post=622506"}],"version-history":[{"count":0,"href":"https:\/\/www.europesays.com\/fr\/wp-json\/wp\/v2\/posts\/622506\/revisions"}],"wp:featuredmedia":[{"embeddable":true,"href":"https:\/\/www.europesays.com\/fr\/wp-json\/wp\/v2\/media\/622507"}],"wp:attachment":[{"href":"https:\/\/www.europesays.com\/fr\/wp-json\/wp\/v2\/media?parent=622506"}],"wp:term":[{"taxonomy":"category","embeddable":true,"href":"https:\/\/www.europesays.com\/fr\/wp-json\/wp\/v2\/categories?post=622506"},{"taxonomy":"post_tag","embeddable":true,"href":"https:\/\/www.europesays.com\/fr\/wp-json\/wp\/v2\/tags?post=622506"}],"curies":[{"name":"wp","href":"https:\/\/api.w.org\/{rel}","templated":true}]}}