{"id":622508,"date":"2025-12-26T01:52:26","date_gmt":"2025-12-26T01:52:26","guid":{"rendered":"https:\/\/www.europesays.com\/fr\/622508\/"},"modified":"2025-12-26T01:52:26","modified_gmt":"2025-12-26T01:52:26","slug":"vigilance-orange-crues-dans-laude-les-sapeurs-pompiers-deploient-un-dispositif-preventif","status":"publish","type":"post","link":"https:\/\/www.europesays.com\/fr\/622508\/","title":{"rendered":"Vigilance orange crues dans l\u2019Aude\u00a0: les sapeurs-pompiers d\u00e9ploient un dispositif pr\u00e9ventif"},"content":{"rendered":"<p>\n                                                                Le d\u00e9partement de l\u2019Aude a \u00e9t\u00e9 plac\u00e9 en vigilance orange crues par M\u00e9t\u00e9o France, de ce jeudi 25\u00a0d\u00e9cembre et valable jusqu\u2019au moins en fin de journ\u00e9e ce vendredi. Les sapeurs-pompiers se pr\u00e9parent.\n                            <\/p>\n<p>Depuis 16\u00a0heures, ce jeudi 25\u00a0d\u00e9cembre, le d\u00e9partement de l\u2019Aude a \u00e9t\u00e9 plac\u00e9 en vigilance orange crues, par M\u00e9t\u00e9o France, en raison des pluies qui s\u2019abattent.\u00a0Les cumuls de pluie attendus sont importants, sur une terre d\u00e9j\u00e0 charg\u00e9e en eau par les pr\u00e9cipitations de ces derniers jours.<\/p>\n<p>Les sapeurs-pompiers audois sont donc sur le pied de guerre et\u00a0un dispositif pr\u00e9ventif de pr\u00e9positionnement, notamment avec des sp\u00e9cialistes en secours aquatique, est en cours de constitution par le service d\u00e9partemental d\u2019incendie et de secours.<\/p>\n<p>Dans le d\u00e9partement, l\u2019Orbieu (entre Villedaigne et Lagrasse) et la Berre (entre Portel des Corbi\u00e8res et Durban) sont particuli\u00e8rement surveill\u00e9s. Les premiers d\u00e9bordements pourraient intervenir \u00e0 partir du vendredi 26\u00a0d\u00e9cembre dans la matin\u00e9e et s\u2019\u00e9chelonner jusqu\u2019en soir\u00e9e. Par ailleurs, l\u2019Aude est actuellement en vigilance jaune pour la pluie, mais ce statut pourrait \u00e9voluer dans les heures \u00e0 venir.<\/p>\n<p>De son c\u00f4t\u00e9, la pr\u00e9fecture appelle \u00e0 la plus grande prudence.\u00a0Pour rappel, en cas de mont\u00e9e des eaux, il est recommand\u00e9 de s\u2019\u00e9loigner des cours d\u2019eau, des points bas, des parkings sous terrain, des sous-sols, des ponts et de rejoindre le point le plus haut possible. De m\u00eame, il ne faut pas engager son v\u00e9hicule sur une route immerg\u00e9e, et n\u2019\u00e9vacuer que sur les ordres des autorit\u00e9s, en emportant son kit d\u2019urgence.<\/p>\n","protected":false},"excerpt":{"rendered":"Le d\u00e9partement de l\u2019Aude a \u00e9t\u00e9 plac\u00e9 en vigilance orange crues par M\u00e9t\u00e9o France, de ce jeudi 25\u00a0d\u00e9cembre&hellip;\n","protected":false},"author":2,"featured_media":622509,"comment_status":"","ping_status":"","sticky":false,"template":"","format":"standard","meta":{"footnotes":""},"categories":[2],"tags":[1111,11,4086,436,1011,27,2839,35514,12,25],"class_list":{"0":"post-622508","1":"post","2":"type-post","3":"status-publish","4":"format-standard","5":"has-post-thumbnail","7":"category-actualites","8":"tag-actu","9":"tag-actualites","10":"tag-aude","11":"tag-environnement","12":"tag-fr","13":"tag-france","14":"tag-inondations","15":"tag-narbonne","16":"tag-news","17":"tag-republique-francaise"},"share_on_mastodon":{"url":"https:\/\/pubeurope.com\/@fr\/115783371646343786","error":""},"_links":{"self":[{"href":"https:\/\/www.europesays.com\/fr\/wp-json\/wp\/v2\/posts\/622508","targetHints":{"allow":["GET"]}}],"collection":[{"href":"https:\/\/www.europesays.com\/fr\/wp-json\/wp\/v2\/posts"}],"about":[{"href":"https:\/\/www.europesays.com\/fr\/wp-json\/wp\/v2\/types\/post"}],"author":[{"embeddable":true,"href":"https:\/\/www.europesays.com\/fr\/wp-json\/wp\/v2\/users\/2"}],"replies":[{"embeddable":true,"href":"https:\/\/www.europesays.com\/fr\/wp-json\/wp\/v2\/comments?post=622508"}],"version-history":[{"count":0,"href":"https:\/\/www.europesays.com\/fr\/wp-json\/wp\/v2\/posts\/622508\/revisions"}],"wp:featuredmedia":[{"embeddable":true,"href":"https:\/\/www.europesays.com\/fr\/wp-json\/wp\/v2\/media\/622509"}],"wp:attachment":[{"href":"https:\/\/www.europesays.com\/fr\/wp-json\/wp\/v2\/media?parent=622508"}],"wp:term":[{"taxonomy":"category","embeddable":true,"href":"https:\/\/www.europesays.com\/fr\/wp-json\/wp\/v2\/categories?post=622508"},{"taxonomy":"post_tag","embeddable":true,"href":"https:\/\/www.europesays.com\/fr\/wp-json\/wp\/v2\/tags?post=622508"}],"curies":[{"name":"wp","href":"https:\/\/api.w.org\/{rel}","templated":true}]}}