{"id":62251,"date":"2025-04-29T16:46:09","date_gmt":"2025-04-29T16:46:09","guid":{"rendered":"https:\/\/www.europesays.com\/fr\/62251\/"},"modified":"2025-04-29T16:46:09","modified_gmt":"2025-04-29T16:46:09","slug":"villefranche-sur-saone-la-police-nationale-a-mene-une-operation-anti-drone-fructueuse-aux-abords-de-la-prison-le-progres","status":"publish","type":"post","link":"https:\/\/www.europesays.com\/fr\/62251\/","title":{"rendered":"Villefranche-sur-Sa\u00f4ne. La police nationale a men\u00e9 une op\u00e9ration anti-drone fructueuse aux abords de la prison &#8211; Le Progr\u00e8s"},"content":{"rendered":"<ol>\n<li><a href=\"https:\/\/news.google.com\/rss\/articles\/CBMi2wFBVV95cUxNUGVqdGdYTlpIdUhFNjhDY3JwNmw1cHI1UGlSQzZCeGN2OFJkQi1reHVJczdvWlZnSGxfUjdxRUZ3SjNJaDBKQU5qYmRpUEpMVk1pS0ZZQ2FtdW44ck53TlhDYXZFU3hRTy1sVHlCM0tnUHE2TmZsc09Pbk9oZXJEbDlNOUFOTFhIQ1VXclIycllFT2o3dnc4cElJQ2psbkdoU0lGSm5Ic0hHZ3lCR0h2S1ZoZ0xaMXlkMnlfY1FhcV81Zng5OFUtVUh6UEdwQ3YwVzhzM0Y5MFNoaUU?oc=5\" target=\"_blank\" rel=\"noopener\">Villefranche-sur-Sa\u00f4ne. La police nationale a men\u00e9 une op\u00e9ration anti-drone fructueuse aux abords de la prison<\/a>&nbsp;&nbsp;Le Progr\u00e8s<\/li>\n<li><a href=\"https:\/\/news.google.com\/rss\/articles\/CBMikwJBVV95cUxQN3c5ZWMzZ3RTODBWazZqNEJGV1FvX2N2bl8wU2lYTld3RkNBZzVrTV9rRWlnQmx3TFpDN1V3YlpHRkRDLUdXNGlfSy04Q1ZWQll5MEkzUXBvWjl2SnlST3NIQWRYeHk3Tm9PbFBQdUxlVUJWdmNsWDBfUk9TanVBNHRYNjBxWE5Hcy1VZ0RJYnJIQjY1cW10WlpNZTdKVlFCRXZ3N3J4eFlhVXlNVmpvRTY4d2V6R3RKdkg2TE1lWkRmZlFPcGhqdHluUVZ5aFl5WVhmd1EyOElEWDJaMFpnSm4yTXh6RloyRkNfSy10U1pPN1YzVGFvdmgyeFlCTjA3NzM3WlNmRDlMWWM1WDBKWURVRQ?oc=5\" target=\"_blank\" rel=\"noopener\">Un pilote de drone tente de larguer des stup\u00e9fiants et des t\u00e9l\u00e9phones au-dessus de la prison de Rouen<\/a>&nbsp;&nbsp;France 3 R\u00e9gions<\/li>\n<li><a href=\"https:\/\/news.google.com\/rss\/articles\/CBMikAJBVV95cUxObG44akg5bEk3dEJzamx6cFpvNFBncFdWWnluWENxVzRCUDlEdlNVb09faFZRclJfVlBqd2ZYRUl4LWM3VGZ0VjNaRmJxMWI5RUVQaDAyUVFOenRpdnVWS2VBMEl1eFNJZUxyTWlpLS0wWkRZNkpmVzlOZm1UMU4zc055NGxWODJnNlBLZWFXX1hfRmF3RVNkUWFHWjNzYjM3d0lIZ2o3cnp6dkgzNWRWcGxGNUZnVDRPd2w1bkVQUHM1V2JGR0x1UW1sdWgxc25HQ1FwMnktOTRvWGZaMlZaa0l2M29ucXV5TzVJQXpmYzR4WF9TX3JnejNfcFEzQlZmVUt1MFBCMEVzamF0b1QyUA?oc=5\" target=\"_blank\" rel=\"noopener\">En Normandie, un homme interpell\u00e9 avec un drone charg\u00e9 de drogue et de t\u00e9l\u00e9phones pr\u00e8s d\u2019une prison<\/a>&nbsp;&nbsp;Ouest-France<\/li>\n<li><a href=\"https:\/\/news.google.com\/rss\/articles\/CBMihwJBVV95cUxPNUNpcGxsOHVlMEpUNVdpOVFVLVE5OHNkb2pVbVl2aUhoWEpkdG44NjhDRjVTVHVfMGlhZjlYbjEzdXAwbXZKZ0dPcmdDMTUxWkJlZV9tQzNYZGJUeWpPRWFFU2pUR0hUTWt3eDhNeHJmQ3ZQTDZlV25rX001QlFfV3c0UnkzVFNHeld2SjdudUQ3UWY4TE05Q3puOHlPUmlQNzNKQzZCTjJubGktck03c2RJcVhqMUFuanlnMUZLMW1xQUR3V3daMTB3Yzl2Wlg2bXhrRGxlRm9tOFBDczRoS3gzQWNaOFJILUxXcEN2OTFoejFEVmFEVWp0M0RVZld3UHRXMEU0aw?oc=5\" target=\"_blank\" rel=\"noopener\">Il tentait d&rsquo;amener de la drogue et des t\u00e9l\u00e9phones avec un drone \u00e0 la prison de Rouen : un homme plac\u00e9 en garde \u00e0 vue<\/a>&nbsp;&nbsp;francebleu.fr<\/li>\n<\/ol>\n","protected":false},"excerpt":{"rendered":"Villefranche-sur-Sa\u00f4ne. La police nationale a men\u00e9 une op\u00e9ration anti-drone fructueuse aux abords de la prison&nbsp;&nbsp;Le Progr\u00e8s Un pilote&hellip;\n","protected":false},"author":2,"featured_media":62252,"comment_status":"","ping_status":"","sticky":false,"template":"","format":"standard","meta":{"footnotes":""},"categories":[9587],"tags":[1111,11,3156,1777,674,274,1011,27,12,5161,25,2429,9590,15992,15993],"class_list":{"0":"post-62251","1":"post","2":"type-post","3":"status-publish","4":"format-standard","5":"has-post-thumbnail","7":"category-rouen","8":"tag-actu","9":"tag-actualites","10":"tag-edition-villefranche","11":"tag-eu","12":"tag-europe","13":"tag-faits-divers-justice","14":"tag-fr","15":"tag-france","16":"tag-news","17":"tag-normandie","18":"tag-republique-francaise","19":"tag-rhone","20":"tag-rouen","21":"tag-villefranche-sur-saone","22":"tag-villefranche-sur-saone-ville"},"share_on_mastodon":{"url":"https:\/\/pubeurope.com\/@fr\/114422270178933996","error":""},"_links":{"self":[{"href":"https:\/\/www.europesays.com\/fr\/wp-json\/wp\/v2\/posts\/62251","targetHints":{"allow":["GET"]}}],"collection":[{"href":"https:\/\/www.europesays.com\/fr\/wp-json\/wp\/v2\/posts"}],"about":[{"href":"https:\/\/www.europesays.com\/fr\/wp-json\/wp\/v2\/types\/post"}],"author":[{"embeddable":true,"href":"https:\/\/www.europesays.com\/fr\/wp-json\/wp\/v2\/users\/2"}],"replies":[{"embeddable":true,"href":"https:\/\/www.europesays.com\/fr\/wp-json\/wp\/v2\/comments?post=62251"}],"version-history":[{"count":0,"href":"https:\/\/www.europesays.com\/fr\/wp-json\/wp\/v2\/posts\/62251\/revisions"}],"wp:featuredmedia":[{"embeddable":true,"href":"https:\/\/www.europesays.com\/fr\/wp-json\/wp\/v2\/media\/62252"}],"wp:attachment":[{"href":"https:\/\/www.europesays.com\/fr\/wp-json\/wp\/v2\/media?parent=62251"}],"wp:term":[{"taxonomy":"category","embeddable":true,"href":"https:\/\/www.europesays.com\/fr\/wp-json\/wp\/v2\/categories?post=62251"},{"taxonomy":"post_tag","embeddable":true,"href":"https:\/\/www.europesays.com\/fr\/wp-json\/wp\/v2\/tags?post=62251"}],"curies":[{"name":"wp","href":"https:\/\/api.w.org\/{rel}","templated":true}]}}