{"id":622515,"date":"2025-12-26T01:58:15","date_gmt":"2025-12-26T01:58:15","guid":{"rendered":"https:\/\/www.europesays.com\/fr\/622515\/"},"modified":"2025-12-26T01:58:15","modified_gmt":"2025-12-26T01:58:15","slug":"monfils-sera-au-rendez-vous-pour-defendre-son-titre","status":"publish","type":"post","link":"https:\/\/www.europesays.com\/fr\/622515\/","title":{"rendered":"Monfils sera au rendez-vous pour d\u00e9fendre son titre"},"content":{"rendered":"<p><strong>Alors que la saison de tennis va<br \/>\nreprendre, les joueurs vont prendre la direction de l&rsquo;Oc\u00e9anie, et<br \/>\nnotamment de la Nouvelle-Z\u00e9lande, avec l&rsquo;ATP 250 d&rsquo;Auckland du 12<br \/>\nau 17 janvier 2026. Tenant du titre, Ga\u00ebl Monfils s&rsquo;est vu offrir<br \/>\nune wildcard afin de pouvoir d\u00e9fendre son titre. Trois autres<br \/>\nFran\u00e7ais seront de la partie.<\/strong><\/p>\n<p>Alors qu\u2019il a annonc\u00e9 qu\u2019il prendra sa retraite \u00e0 l\u2019issue de<br \/>\ncette saison 2026, Ga\u00ebl Monfils a encore quelques tournois devant<br \/>\nlui pour une ultime ann\u00e9e en tant que tennisman professionnel. Et,<br \/>\nde ce fait, la \u00ab Monf \u00bb va se mettre rapidement en action en ce<br \/>\nd\u00e9but d\u2019ann\u00e9e, puisqu\u2019il s\u2019est vu offrir une wildcard pour lui<br \/>\npermettre de participer au tournoi d\u2019Auckland.<\/p>\n<p>Un tournoi que le Fran\u00e7ais de 39 ans conna\u00eet bien puisqu\u2019il en<br \/>\nest le tenant du titre. \u00c0 l\u2019\u00e9poque, il avait r\u00e9alis\u00e9 un superbe<br \/>\nparcours, ne conc\u00e9dant qu\u2019un set durant la semaine, et battant<br \/>\nZizou Bergs en finale. Ce sera donc une belle occasion pour Ga\u00ebl<br \/>\nMonfils de d\u00e9fendre son titre et de tenter de le conserver, mais<br \/>\npour y parvenir, il aura forte affaire, puisqu\u2019il y a du beau<br \/>\nmonde, notamment parmi les t\u00eates de s\u00e9rie. L\u2019Am\u00e9ricain Ben Shelton<br \/>\n(9e au classement ATP) sera t\u00eate de s\u00e9rie num\u00e9ro 1. Parmi les<br \/>\nautres pr\u00e9tendants au titre, on retrouve notamment Casper Ruud<br \/>\n(12e, t\u00eate de s\u00e9rie num\u00e9ro 2), Jakub Mensik (19e), Cameron Norrie<br \/>\n(27e), ou encore Alex Michelsen (38e).<\/p>\n<p>Trois Fran\u00e7ais en plus de Monfils<\/p>\n<p>Un tableau relev\u00e9 qui va permettre de lancer la saison des uns<br \/>\net des autres et de pr\u00e9parer au mieux l\u2019Open d\u2019Australie pour les<br \/>\nfuturs participants. Autre joueur qui a annonc\u00e9 prendre sa retraite<br \/>\nen 2026, le Suisse Stan Wawrinka va b\u00e9n\u00e9ficier de la seconde<br \/>\nwildcard du tournoi et sera donc l\u2019un des pr\u00e9tendants \u00e0 la victoire<br \/>\nfinale.<\/p>\n<p>Du c\u00f4t\u00e9 des joueurs fran\u00e7ais, outre Ga\u00ebl Monfils, ils seront<br \/>\ntrois de l\u2019aventure n\u00e9o-z\u00e9landaise. On retrouvera ainsi Alexandre<br \/>\nMuller (42e), qui sera d\u2019ailleurs t\u00eate de s\u00e9rie num\u00e9ro 8 du<br \/>\ntournoi, mais aussi Valentin Royer (58e), et enfin Giovanni Mpetshi<br \/>\nPerricard (59e). Ce dernier \u00e9tait bless\u00e9 en marge de l\u2019\u00e9dition 2025<br \/>\net avait d\u00fb d\u00e9clarer forfait. Ils seront donc 20, du 12 au 17<br \/>\njanvier 2026 \u00e0 vouloir succ\u00e9der \u00e0 Ga\u00ebl Monfils.<\/p>\n","protected":false},"excerpt":{"rendered":"Alors que la saison de tennis va reprendre, les joueurs vont prendre la direction de l&rsquo;Oc\u00e9anie, et notamment&hellip;\n","protected":false},"author":2,"featured_media":622516,"comment_status":"","ping_status":"","sticky":false,"template":"","format":"standard","meta":{"footnotes":""},"categories":[1415],"tags":[5734,4169,32873,1011,27,5385,25104,57681,60,1467],"class_list":{"0":"post-622515","1":"post","2":"type-post","3":"status-publish","4":"format-standard","5":"has-post-thumbnail","7":"category-tennis","8":"tag-5734","9":"tag-atp","10":"tag-auckland","11":"tag-fr","12":"tag-france","13":"tag-gael-monfils","14":"tag-janvier","15":"tag-sport365-fr","16":"tag-sports","17":"tag-tennis"},"share_on_mastodon":{"url":"https:\/\/pubeurope.com\/@fr\/115783395141462822","error":""},"_links":{"self":[{"href":"https:\/\/www.europesays.com\/fr\/wp-json\/wp\/v2\/posts\/622515","targetHints":{"allow":["GET"]}}],"collection":[{"href":"https:\/\/www.europesays.com\/fr\/wp-json\/wp\/v2\/posts"}],"about":[{"href":"https:\/\/www.europesays.com\/fr\/wp-json\/wp\/v2\/types\/post"}],"author":[{"embeddable":true,"href":"https:\/\/www.europesays.com\/fr\/wp-json\/wp\/v2\/users\/2"}],"replies":[{"embeddable":true,"href":"https:\/\/www.europesays.com\/fr\/wp-json\/wp\/v2\/comments?post=622515"}],"version-history":[{"count":0,"href":"https:\/\/www.europesays.com\/fr\/wp-json\/wp\/v2\/posts\/622515\/revisions"}],"wp:featuredmedia":[{"embeddable":true,"href":"https:\/\/www.europesays.com\/fr\/wp-json\/wp\/v2\/media\/622516"}],"wp:attachment":[{"href":"https:\/\/www.europesays.com\/fr\/wp-json\/wp\/v2\/media?parent=622515"}],"wp:term":[{"taxonomy":"category","embeddable":true,"href":"https:\/\/www.europesays.com\/fr\/wp-json\/wp\/v2\/categories?post=622515"},{"taxonomy":"post_tag","embeddable":true,"href":"https:\/\/www.europesays.com\/fr\/wp-json\/wp\/v2\/tags?post=622515"}],"curies":[{"name":"wp","href":"https:\/\/api.w.org\/{rel}","templated":true}]}}