{"id":622517,"date":"2025-12-26T02:02:23","date_gmt":"2025-12-26T02:02:23","guid":{"rendered":"https:\/\/www.europesays.com\/fr\/622517\/"},"modified":"2025-12-26T02:02:23","modified_gmt":"2025-12-26T02:02:23","slug":"antibes-alpes-maritimes-leffectif-2026-actualite","status":"publish","type":"post","link":"https:\/\/www.europesays.com\/fr\/622517\/","title":{"rendered":"Antibes-Alpes-Maritimes : L\u2019effectif 2026 &#8211; Actualit\u00e9"},"content":{"rendered":"<p><a href=\"https:\/\/www.directvelo.com\/equipe\/633\/antibes-alpes-maritimes\" target=\"_blank\" rel=\"noopener\"><strong>Antibes-Alpes-Maritimes<\/strong><\/a> poss\u00e8de un effectif de 28 coureurs pour la saison 2026. Le club azur\u00e9en enregistre treize arriv\u00e9es. En 2025, Antibes-Alpes-Maritimes a termin\u00e9 9e de la Coupe de France N3 et 22e du Challenge DirectVelo des N3. <br \/><strong>L\u2019effectif 2026 d\u2019Antibes-Alpes-Maritimes :<\/strong> <br \/>J\u00e9r\u00e9my Barret, 28 ans <br \/>Benjamin Buchetet, 33 ans (Isatis Cycling Team)<br \/>L\u00e9o Cazaubiel, 25 ans <br \/>Maixent Chave, 19 ans (Salon Cyclosport)<br \/>Axel Couveinhes, 25 ans (Paris-Cycliste Olympique)<br \/>Th\u00e9o Derrieu, 24 ans (CR4C Roanne)<br \/>Guilhem Doutey, 24 ans <br \/>Ma\u00ebl Epailly, 19 ans<br \/>Quentin Ferraro, 24 ans <br \/>Pierre-Antoine Giannoni, 18 ans (OCC Antibes Junior)<br \/>Lo\u00efc Goasmat, 19 ans (VS Hy\u00e9rois) <br \/>Rapha\u00ebl Igora, 19 ans <br \/>Lionel Issack, 24 ans <br \/>Gr\u00e9goire Mahieu, 21 ans (AVC Aix Provence Dole)<br \/>Yael Mahieu, 20 ans (Antibes Triathlon)<br \/>Matt Payany, 23 ans <br \/>Florent Perruquetti, 37 ans <br \/>Julien Plumer, 42 ans (Terra Team)<br \/>Thomas Rizzolatti, 20 ans <br \/>Christophe Ros\u00e9, 52 ans <br \/>Nathan Rouand, 18 ans (OCC Antibes Junior)<br \/>Th\u00e9o Sabatier, 21 ans <br \/>Loriziano Soave, 21 ans (Retour \u00e0 la comp\u00e9tition)<br \/>Bastien Terranova, 37 ans<br \/>Mathis Tiphaigne, 22 ans (AC Nersac)<br \/>Ernest Turco, 35 ans <br \/>Hugo Weiss, 25 ans <br \/>Raffael Zarbo, 22 ans (Retour \u00e0 la comp\u00e9tition)<\/p>\n<p>Les principaux d\u00e9parts : Mathias Russo (VC Luc\u00e9en),\u00a0Tristan Poutrelle (VS Hy\u00e9rois), Gabriel Boussuge (Arr\u00eat), Antoine Magaud (Arr\u00eat) et Ousmane Sene (Arr\u00eat).<\/p>\n","protected":false},"excerpt":{"rendered":"Antibes-Alpes-Maritimes poss\u00e8de un effectif de 28 coureurs pour la saison 2026. Le club azur\u00e9en enregistre treize arriv\u00e9es. En&hellip;\n","protected":false},"author":2,"featured_media":622518,"comment_status":"","ping_status":"","sticky":false,"template":"","format":"standard","meta":{"footnotes":""},"categories":[1411],"tags":[834,828,836,829,837,827,83,826,824,823,1154,207,814,817,815,816,822,821,832,211,839,1011,27,820,818,819,835,831,830,833,838,60,212,208,825],"class_list":{"0":"post-622517","1":"post","2":"type-post","3":"status-publish","4":"format-standard","5":"has-post-thumbnail","7":"category-cyclisme","8":"tag-attaque","9":"tag-belgique","10":"tag-braquet","11":"tag-bretagne","12":"tag-chute","13":"tag-competition","14":"tag-coupe-de-france","15":"tag-coureur","16":"tag-course-cyclisme","17":"tag-course-cycliste","18":"tag-cycling","19":"tag-cyclisme","20":"tag-direct","21":"tag-direct-velo","22":"tag-directvelo","23":"tag-directvelo-com","24":"tag-epreuve","25":"tag-epreuve-cycliste","26":"tag-federation-francaise-de-cyclisme","27":"tag-ffc","28":"tag-flandres","29":"tag-fr","30":"tag-france","31":"tag-live","32":"tag-live-course","33":"tag-live-epreuve","34":"tag-peloton","35":"tag-radio-peloton","36":"tag-radio-tour","37":"tag-ravitaillement","38":"tag-relance","39":"tag-sports","40":"tag-uci","41":"tag-velo","42":"tag-velos"},"share_on_mastodon":{"url":"https:\/\/pubeurope.com\/@fr\/115783411144385737","error":""},"_links":{"self":[{"href":"https:\/\/www.europesays.com\/fr\/wp-json\/wp\/v2\/posts\/622517","targetHints":{"allow":["GET"]}}],"collection":[{"href":"https:\/\/www.europesays.com\/fr\/wp-json\/wp\/v2\/posts"}],"about":[{"href":"https:\/\/www.europesays.com\/fr\/wp-json\/wp\/v2\/types\/post"}],"author":[{"embeddable":true,"href":"https:\/\/www.europesays.com\/fr\/wp-json\/wp\/v2\/users\/2"}],"replies":[{"embeddable":true,"href":"https:\/\/www.europesays.com\/fr\/wp-json\/wp\/v2\/comments?post=622517"}],"version-history":[{"count":0,"href":"https:\/\/www.europesays.com\/fr\/wp-json\/wp\/v2\/posts\/622517\/revisions"}],"wp:featuredmedia":[{"embeddable":true,"href":"https:\/\/www.europesays.com\/fr\/wp-json\/wp\/v2\/media\/622518"}],"wp:attachment":[{"href":"https:\/\/www.europesays.com\/fr\/wp-json\/wp\/v2\/media?parent=622517"}],"wp:term":[{"taxonomy":"category","embeddable":true,"href":"https:\/\/www.europesays.com\/fr\/wp-json\/wp\/v2\/categories?post=622517"},{"taxonomy":"post_tag","embeddable":true,"href":"https:\/\/www.europesays.com\/fr\/wp-json\/wp\/v2\/tags?post=622517"}],"curies":[{"name":"wp","href":"https:\/\/api.w.org\/{rel}","templated":true}]}}