{"id":622521,"date":"2025-12-26T02:04:17","date_gmt":"2025-12-26T02:04:17","guid":{"rendered":"https:\/\/www.europesays.com\/fr\/622521\/"},"modified":"2025-12-26T02:04:17","modified_gmt":"2025-12-26T02:04:17","slug":"je-nai-pas-de-voiture-personnelle-sauf-exclu","status":"publish","type":"post","link":"https:\/\/www.europesays.com\/fr\/622521\/","title":{"rendered":"\u00ab\u00a0Je n&rsquo;ai pas de voiture personnelle sauf&#8230;\u00a0\u00bb (exclu)"},"content":{"rendered":"<p>\n                            Malgr\u00e9 son statut et sa fortune, Michel-Edouard Leclerc n&rsquo;est pas un patron comme les autres. Interrog\u00e9 par \u00ab\u00a0Le Journal des Femmes\u00a0\u00bb, il nous a fait des confidences sur son quotidien de chef d&rsquo;entreprise mais aussi sur les coulisses de sa vie personnelle.<\/p>\n<p>A 73 ans,\u00a0Michel-Edouard Leclerc est probablement l&rsquo;un des patrons les plus connus et appr\u00e9ci\u00e9s des Fran\u00e7ais. L&rsquo;homme d&rsquo;affaires a accord\u00e9 une interview fleuve au Journal des Femmes pour lever le voile sur son quotidien de chef d&rsquo;entreprise, <a href=\"https:\/\/www.journaldesfemmes.fr\/people\/actus\/3249592-michel-edouard-leclerc-et-l-argent-j-ai-economise-mes-premiers-salaires-pour-acheter-une-exclu\/\" target=\"_blank\" rel=\"noopener\">son rapport \u00e0 l&rsquo;argent<\/a> ou encore ses passions. Si on le savait d\u00e9j\u00e0 collectionneur de BD, il y a aussi d&rsquo;autres choses qui l&rsquo;animent.\u00a0<\/p>\n<p>Michel-Edouard Leclerc aime aussi les voitures mais, \u00e9trangement, celui qui partage son temps entre ses bureaux parisiens et ses visites fr\u00e9quentes de magasins en province n&rsquo;a pas de v\u00e9hicule bien \u00e0 lui. Enfin, presque\u2026 \u00ab\u00a0Je n&rsquo;ai pas de voiture personnelle, sauf deux voitures de collection, qui sont des tr\u00e8s vieilles voitures qui me servent, quand elles ne tombent pas en panne, \u00e0 aller \u00e0 la plage car j&rsquo;habite pour moiti\u00e9 en Finist\u00e8re et pour autre moiti\u00e9 \u00e0 Paris\u00a0\u00bb, a-t-il confi\u00e9. Et de pr\u00e9ciser les voitures qu&rsquo;il poss\u00e8de dans son garage : \u00ab\u00a0J&rsquo;ai une\u00a0Panhard Dyna de 1952,\u00a0c&rsquo;est une 3\u00a0chevaux, ce n&rsquo;est pas une Ferrari ! Et j&rsquo;ai, comme l&rsquo;inspecteur Colombo, une 403 blanche. Chez lui aussi elle\u00a0tombe en panne tout le temps\u00a0\u00bb.<\/p>\n<p><a class=\"fancy\" href=\"https:\/\/img-3.journaldesfemmes.fr\/EUDT8zsU92D75iWc3zQq-3YLV4E=\/1080x\/smart\/09a21133242c402da89dd718c6733b98\/ccmcms-jdf\/40060657.jpg\" target=\"_blank\" rel=\"noopener\"><img decoding=\"async\" alt=\"\" src=\"https:\/\/www.europesays.com\/fr\/wp-content\/uploads\/2025\/12\/40060657.jpg\"\/><\/a><\/p>\n<p>\u00a9\u00a0MOURAD ALLILI\/SIPA <\/p>\n<p>Michel-Edouard Leclerc, qui a aussi poss\u00e9d\u00e9 plus jeune une \u00ab\u00a0Peugeot 204\u00a0d&rsquo;occasion, avec un crochet derri\u00e8re pour tirer la remorque du bateau\u00a0\u00bb, achet\u00e9e avec ses premiers salaires, a fait l&rsquo;acquisition de ses deux voitures de collection \u00ab\u00a0il y a 15 ans\u00a0\u00bb. Et si elles fonctionnent encore, l&rsquo;homme d&rsquo;affaires admet qu&rsquo;il \u00ab\u00a0faut les remettre\u00a0\u00bb. Mais, pas tellement du genre m\u00e9cano, il peut heureusement compter sur un peu d&rsquo;aide : \u00ab\u00a0J&rsquo;ai un copain qui est sp\u00e9cialiste de tracteurs et qui me les r\u00e9pare\u00a0\u00bb.<\/p>\n<p>Loin de mener une vie fastueuse,\u00a0Michel-Edouard Leclerc pr\u00e9f\u00e8re occuper son temps libre par des activit\u00e9s sportives sur ses terres de Bretagne. \u00ab\u00a0L\u00e0-bas, mes copains, qui sont tous beaucoup plus jeunes que moi, c&rsquo;est des surfeurs qui sont salari\u00e9s soit du centre Leclerc ou de l&rsquo;Intermarch\u00e9 du coin. On a quelques spots de surf qui sont pas mal. Moi je fais pas mal de voile et donc j&#8217;emm\u00e8ne plut\u00f4t des gens sur du Catamaran. Et je suis aussi\u00a0un marcheur, donc je fais le GR34. J&rsquo;ai pratiquement fait toute la Bretagne. Sac au dos, \u00e7a c&rsquo;est mon plaisir !\u00a0\u00bb, nous a-t-il confi\u00e9.<\/p>\n","protected":false},"excerpt":{"rendered":"Malgr\u00e9 son statut et sa fortune, Michel-Edouard Leclerc n&rsquo;est pas un patron comme les autres. Interrog\u00e9 par \u00ab\u00a0Le&hellip;\n","protected":false},"author":2,"featured_media":622522,"comment_status":"","ping_status":"","sticky":false,"template":"","format":"standard","meta":{"footnotes":""},"categories":[1359],"tags":[3723,73188,51761,58,59,51763,1011,27,51766,51767,973],"class_list":{"0":"post-622521","1":"post","2":"type-post","3":"status-publish","4":"format-standard","5":"has-post-thumbnail","7":"category-people","8":"tag-actus","9":"tag-cms-journaldesfemmes-3251257","10":"tag-controller-content","11":"tag-divertissement","12":"tag-entertainment","13":"tag-format-papier","14":"tag-fr","15":"tag-france","16":"tag-les-histoires-du-jdf","17":"tag-parallaxeinfeed","18":"tag-people"},"share_on_mastodon":{"url":"https:\/\/pubeurope.com\/@fr\/115783419094504491","error":""},"_links":{"self":[{"href":"https:\/\/www.europesays.com\/fr\/wp-json\/wp\/v2\/posts\/622521","targetHints":{"allow":["GET"]}}],"collection":[{"href":"https:\/\/www.europesays.com\/fr\/wp-json\/wp\/v2\/posts"}],"about":[{"href":"https:\/\/www.europesays.com\/fr\/wp-json\/wp\/v2\/types\/post"}],"author":[{"embeddable":true,"href":"https:\/\/www.europesays.com\/fr\/wp-json\/wp\/v2\/users\/2"}],"replies":[{"embeddable":true,"href":"https:\/\/www.europesays.com\/fr\/wp-json\/wp\/v2\/comments?post=622521"}],"version-history":[{"count":0,"href":"https:\/\/www.europesays.com\/fr\/wp-json\/wp\/v2\/posts\/622521\/revisions"}],"wp:featuredmedia":[{"embeddable":true,"href":"https:\/\/www.europesays.com\/fr\/wp-json\/wp\/v2\/media\/622522"}],"wp:attachment":[{"href":"https:\/\/www.europesays.com\/fr\/wp-json\/wp\/v2\/media?parent=622521"}],"wp:term":[{"taxonomy":"category","embeddable":true,"href":"https:\/\/www.europesays.com\/fr\/wp-json\/wp\/v2\/categories?post=622521"},{"taxonomy":"post_tag","embeddable":true,"href":"https:\/\/www.europesays.com\/fr\/wp-json\/wp\/v2\/tags?post=622521"}],"curies":[{"name":"wp","href":"https:\/\/api.w.org\/{rel}","templated":true}]}}