{"id":622527,"date":"2025-12-26T02:10:22","date_gmt":"2025-12-26T02:10:22","guid":{"rendered":"https:\/\/www.europesays.com\/fr\/622527\/"},"modified":"2025-12-26T02:10:22","modified_gmt":"2025-12-26T02:10:22","slug":"calogero-stephan-eicher-mathieu-madenian-les-grandes-dates-culturelles-de-2026-sur-le-bassin-darcachon","status":"publish","type":"post","link":"https:\/\/www.europesays.com\/fr\/622527\/","title":{"rendered":"Calogero, Stephan Eicher, Mathieu Mad\u00e9nian\u2026 Les grandes dates culturelles de 2026 sur le bassin d\u2019Arcachon"},"content":{"rendered":"<p>1 Les concerts<\/p>\n<p>Des noms importants de la sc\u00e8ne musicale fran\u00e7aise vont se produire dans les multiples salles et th\u00e9\u00e2tres pr\u00e9sents sur l\u2019ensemble du territoire du&#8230;<\/p>\n<p>1 Les concerts<\/p>\n<p>Des noms importants de la sc\u00e8ne musicale fran\u00e7aise vont se produire dans les multiples salles et th\u00e9\u00e2tres pr\u00e9sents sur l\u2019ensemble du territoire du Bassin. Comme toujours, l\u2019Olympia d\u2019Arcachon va attirer le gratin. On pourra ainsi y retrouver Calogero pour deux dates de suite, vendredi\u00a020 et samedi 21\u00a0f\u00e9vrier. Apr\u00e8s une tourn\u00e9e d\u2019Arenas et de Z\u00e9niths, le bassiste retrouve des lieux plus intimistes pour une s\u00e9lection de ses tubes dans une version r\u00e9arrang\u00e9e. Julien Clerc et son demi-si\u00e8cle de carri\u00e8re seront \u00e9galement de la partie vendredi 10\u00a0avril.<\/p>\n<p>Mais les autres salles ne sont pas en reste. On retrouvera par exemple Cali \u00e0 l\u2019espace Br\u00e9montier d\u2019Ar\u00e8s vendredi 19\u00a0juin \u00e0 20\u00a0h\u00a030 et Stephan Eicher, le 19\u00a0juillet. Il viendra d\u00e9fendre son 18e album \u00ab\u00a0Poussi\u00e8res d\u2019or\u00a0\u00bb, sorti d\u00e9but d\u00e9cembre. \u00c0 La Teste-de-Buch, le crooner Dany Brillant interpr\u00e9tera ses tubes au th\u00e9\u00e2tre Cravey, vendredi 20\u00a0f\u00e9vrier \u00e0 20\u00a0h\u00a030.<\/p>\n<p>        <img decoding=\"async\" id=\"13084603\" src=\"https:\/\/www.europesays.com\/fr\/wp-content\/uploads\/2025\/12\/img-2544.jpg\" alt=\"Julien Clerc va interpr\u00e9ter ses plus grands tubes.\" itemprop=\"contentURL\"\/><\/p>\n<p>    Julien Clerc va interpr\u00e9ter ses plus grands tubes.<\/p>\n<p>Archives Yannick Delneste<\/p>\n<p>Plus original, le com\u00e9dien et acteur Francis Huster va partager la sc\u00e8ne mardi 10\u00a0mars au th\u00e9\u00e2tre La Dolce Vita d\u2019Andernos-les-Bains, avec la pianiste virtuose H\u00e9l\u00e8ne Tysman lors d\u2019\u00ab\u00a0Une nuit chez Musset\u00a0\u00bb, un concert litt\u00e9raire alternant les \u0153uvres de Fr\u00e9d\u00e9ric Chopin et les textes d\u2019Alfred de Musset.<\/p>\n<p>2 Les humoristes<\/p>\n<p>Les concerts, c\u2019est bien, mais on ne s\u2019y poile que tr\u00e8s rarement. Oldelaf, lui, veut plut\u00f4t allier les deux, le 22\u00a0avril prochain \u00e0 l\u2019espace culturel Lucien-Mounaix de Biganos. On pourra \u00e9galement rire avec Mathieu Mad\u00e9nian, au Miroir de Gujan-Mestras samedi 17\u00a0janvier \u00e0 20\u00a0h\u00a045\u00a0; ou bien avec Blandine Lehout, vendredi 24\u00a0avril \u00e0 20\u00a0heures \u00e0 la Caravelle de Marcheprime. \u00c9toile montante de la sc\u00e8ne fran\u00e7aise, l\u2019humoriste de 35\u00a0ans, jeune maman, revient sans complexe dans son spectacle \u00ab\u00a0La Vie de ta m\u00e8re\u00a0\u00bb sur sa maternit\u00e9 et la vie en g\u00e9n\u00e9ral, toujours faite d\u2019imperfections et de difficult\u00e9s.<\/p>\n<p>        <img decoding=\"async\" id=\"18778514\" src=\"https:\/\/www.europesays.com\/fr\/wp-content\/uploads\/2025\/12\/20240229185531-q5a397.jpg\" alt=\"L\u2019humoriste Mathieu Madenian sera au Miroir de Gujan-Mestras samedi 17\u00a0janvier.\" itemprop=\"contentURL\"\/><\/p>\n<p>    L\u2019humoriste Mathieu Madenian sera au Miroir de Gujan-Mestras samedi 17\u00a0janvier.<\/p>\n<p>Archives Fabien Cottereau\u00a0\/\u00a0SUD OUEST<\/p>\n<p>Dot\u00e9 d\u2019un humour ac\u00e9r\u00e9 et jouant sur nos incoh\u00e9rences, Haroun va \u00e9galement faire le bonheur, jeudi 26\u00a0mars \u00e0 20\u00a0h\u00a030 \u00e0 l\u2019Olympia, de ceux trouvant que peu de choses fonctionnent normalement dans notre soci\u00e9t\u00e9.<\/p>\n<p>3 Les pi\u00e8ces et spectacles<\/p>\n<p>Du c\u00f4t\u00e9 des pi\u00e8ces de th\u00e9\u00e2tre, il y aura \u00e9galement fort \u00e0 faire. Mercredi 28\u00a0janvier, \u00e0 20\u00a0h\u00a045, au Miroir aura lieu l\u2019adaptation du \u00ab\u00a0Cercle des po\u00e8tes disparus\u00a0\u00bb. Le com\u00e9dien Xavier Gallais reprend ici le r\u00f4le du professeur Keating, interpr\u00e9t\u00e9 \u00e0 l\u2019origine par Robin Williams. \u00c0 Arcachon, Carole Bouquet foulera les planches de l\u2019Olympia mardi 24\u00a0f\u00e9vrier \u00e0 20\u00a0h\u00a030, pour \u00ab\u00a0Le Professeur\u00a0\u00bb. Ce r\u00e9cit d\u2019\u00c9milie Fr\u00e8che, mis en sc\u00e8ne par Muriel Mayette-Holtz, revient sur les derniers jours de Samuel Paty.<\/p>\n","protected":false},"excerpt":{"rendered":"1 Les concerts Des noms importants de la sc\u00e8ne musicale fran\u00e7aise vont se produire dans les multiples salles&hellip;\n","protected":false},"author":2,"featured_media":622528,"comment_status":"","ping_status":"","sticky":false,"template":"","format":"standard","meta":{"footnotes":""},"categories":[1355],"tags":[58,59,1011,27,1361,873],"class_list":{"0":"post-622527","1":"post","2":"type-post","3":"status-publish","4":"format-standard","5":"has-post-thumbnail","7":"category-musique","8":"tag-divertissement","9":"tag-entertainment","10":"tag-fr","11":"tag-france","12":"tag-music","13":"tag-musique"},"share_on_mastodon":{"url":"https:\/\/pubeurope.com\/@fr\/115783442654065134","error":""},"_links":{"self":[{"href":"https:\/\/www.europesays.com\/fr\/wp-json\/wp\/v2\/posts\/622527","targetHints":{"allow":["GET"]}}],"collection":[{"href":"https:\/\/www.europesays.com\/fr\/wp-json\/wp\/v2\/posts"}],"about":[{"href":"https:\/\/www.europesays.com\/fr\/wp-json\/wp\/v2\/types\/post"}],"author":[{"embeddable":true,"href":"https:\/\/www.europesays.com\/fr\/wp-json\/wp\/v2\/users\/2"}],"replies":[{"embeddable":true,"href":"https:\/\/www.europesays.com\/fr\/wp-json\/wp\/v2\/comments?post=622527"}],"version-history":[{"count":0,"href":"https:\/\/www.europesays.com\/fr\/wp-json\/wp\/v2\/posts\/622527\/revisions"}],"wp:featuredmedia":[{"embeddable":true,"href":"https:\/\/www.europesays.com\/fr\/wp-json\/wp\/v2\/media\/622528"}],"wp:attachment":[{"href":"https:\/\/www.europesays.com\/fr\/wp-json\/wp\/v2\/media?parent=622527"}],"wp:term":[{"taxonomy":"category","embeddable":true,"href":"https:\/\/www.europesays.com\/fr\/wp-json\/wp\/v2\/categories?post=622527"},{"taxonomy":"post_tag","embeddable":true,"href":"https:\/\/www.europesays.com\/fr\/wp-json\/wp\/v2\/tags?post=622527"}],"curies":[{"name":"wp","href":"https:\/\/api.w.org\/{rel}","templated":true}]}}