{"id":622538,"date":"2025-12-26T02:18:24","date_gmt":"2025-12-26T02:18:24","guid":{"rendered":"https:\/\/www.europesays.com\/fr\/622538\/"},"modified":"2025-12-26T02:18:24","modified_gmt":"2025-12-26T02:18:24","slug":"les-eleves-du-pensionnat-chretien-enleves-par-des-terroristes-ont-tous-ete-retrouves-sains-et-saufs-annonce-leglise-catholique","status":"publish","type":"post","link":"https:\/\/www.europesays.com\/fr\/622538\/","title":{"rendered":"les \u00e9l\u00e8ves du pensionnat chr\u00e9tien enlev\u00e9s par des terroristes ont tous \u00e9t\u00e9 retrouv\u00e9s sains et saufs, annonce l&rsquo;\u00c9glise catholique"},"content":{"rendered":"<p>\n    315 \u00e9l\u00e8ves et membres du personnel avaient \u00e9t\u00e9 enlev\u00e9s en novembre dans un pensionnat de l\u2019\u00c9tat du Niger.<\/p>\n<p class=\"fig-paragraph\">Un dioc\u00e8se catholique du centre-nord du Nigeria a annonc\u00e9 jeudi que tous les\u00a0<a href=\"http:\/\/www.lefigaro.fr\/international\/nigeria-227-eleves-et-enseignants-enleves-par-des-terroristes-dans-une-ecole-catholique-20251121\" data-fig-type=\"NewsFlash\" data-gtm-custom-categorie=\"navigation\" data-gtm-custom-action=\"crossclick\" data-gtm-custom-label=\"Contextuel\" data-gtm-event=\"customEventSPE\" data-fig-domain=\"LEFIGARO\" target=\"_blank\" rel=\"noopener\">\u00e9l\u00e8ves et les enseignants enlev\u00e9s par des hommes arm\u00e9s<\/a>\u00a0en novembre dernier avaient \u00e9t\u00e9 retrouv\u00e9s et \u00e9taient d\u00e9sormais avec leurs familles.<\/p>\n<p class=\"fig-paragraph\">L&rsquo;Association chr\u00e9tienne du Nigeria (CAN) avait d\u00e9clar\u00e9 en novembre que 315 \u00e9l\u00e8ves et membres du personnel avaient \u00e9t\u00e9 enlev\u00e9s au pensionnat mixte Sainte-Marie de Papiri, dans l&rsquo;\u00c9tat du Niger. Une cinquantaine de personnes se sont \u00e9chapp\u00e9es imm\u00e9diatement apr\u00e8s les enl\u00e8vements et, le 7 d\u00e9cembre, le gouvernement a obtenu la lib\u00e9ration d&rsquo;une centaine d&rsquo;autres. Le 21 d\u00e9cembre, le gouvernement nig\u00e9rian a fait \u00e9tat de la lib\u00e9ration de 130 \u00e9l\u00e8ves suppl\u00e9mentaires, un porte-parole de la pr\u00e9sidence affirmant: \u00abil n&rsquo;y a plus personne en captivit\u00e9\u00bb.<\/p>\n<p>                                            <a class=\"fig-a11y-skip\" href=\"#fig-a11y-skip-main-inarticle\" data-module=\"a11y-skip\" data-context=\"was @visible\"><br \/>\n    Passer la publicit\u00e9<br \/>\n<\/a>            <\/p>\n<p>                                            Trump menace d\u2019intervenir<\/p>\n<p class=\"fig-paragraph\">Les diff\u00e9rences entre les chiffres fournis par la CAN, les autorit\u00e9s scolaires ainsi que par les membres du personnel r\u00e9cup\u00e9r\u00e9s ont suscit\u00e9 la controverse. Pour compliquer le tout, le pr\u00e9sident Donald Trump a d\u00e9nonc\u00e9 des massacres de chr\u00e9tiens, qualifi\u00e9s de \u00abg\u00e9nocide\u00bb, et menac\u00e9 d&rsquo;une intervention militaire.<\/p>\n<p class=\"fig-paragraph\">\u00abImm\u00e9diatement apr\u00e8s l&rsquo;incident, un comptage a \u00e9t\u00e9 effectu\u00e9 et trois cent quinze personnes ont \u00e9t\u00e9 initialement port\u00e9es disparues\u00bb, a dit Bulus Dauwa Yohanna, l&rsquo;\u00e9v\u00eaque de Kontagora, dans un communiqu\u00e9. \u00abLe dimanche 23 novembre 2025, il a \u00e9t\u00e9 confirm\u00e9 que cinquante des personnes initialement port\u00e9es disparues s&rsquo;\u00e9taient \u00e9chapp\u00e9es et avaient retrouv\u00e9 leurs parents, ramenant ainsi le nombre des personnes toujours port\u00e9es disparues \u00e0 deux cent soixante-cinq\u00bb, a-t-il poursuivi.<\/p>\n<p class=\"fig-paragraph\">Il a expliqu\u00e9 que certains \u00e9l\u00e8ves s&rsquo;\u00e9taient r\u00e9fugi\u00e9s dans les buissons avoisinants et n&rsquo;\u00e9taient pas revenus \u00e0 l&rsquo;\u00e9cole avant un premier comptage, tandis que certains parents n&rsquo;avaient pas pr\u00e9sent\u00e9 leurs enfants pour v\u00e9rification. Le comptage a pu \u00eatre compliqu\u00e9 par la dispersion des familles des enfants dans de vastes zones rurales, rendant parfois n\u00e9cessaires trois ou quatre heures de trajet \u00e0 moto pour atteindre leurs villages isol\u00e9s, a racont\u00e9 une source des Nations unies.<\/p>\n","protected":false},"excerpt":{"rendered":"315 \u00e9l\u00e8ves et membres du personnel avaient \u00e9t\u00e9 enlev\u00e9s en novembre dans un pensionnat de l\u2019\u00c9tat du Niger.&hellip;\n","protected":false},"author":2,"featured_media":622539,"comment_status":"","ping_status":"","sticky":false,"template":"","format":"standard","meta":{"footnotes":""},"categories":[5],"tags":[11,9485,8305,1011,27,14,36462,12,4778,1254,28],"class_list":{"0":"post-622538","1":"post","2":"type-post","3":"status-publish","4":"format-standard","5":"has-post-thumbnail","7":"category-international","8":"tag-actualites","9":"tag-chretiens","10":"tag-eglise-catholique","11":"tag-fr","12":"tag-france","13":"tag-international","14":"tag-islamiste","15":"tag-news","16":"tag-nigeria","17":"tag-terrorisme","18":"tag-world"},"share_on_mastodon":{"url":"https:\/\/pubeurope.com\/@fr\/115783473749880635","error":""},"_links":{"self":[{"href":"https:\/\/www.europesays.com\/fr\/wp-json\/wp\/v2\/posts\/622538","targetHints":{"allow":["GET"]}}],"collection":[{"href":"https:\/\/www.europesays.com\/fr\/wp-json\/wp\/v2\/posts"}],"about":[{"href":"https:\/\/www.europesays.com\/fr\/wp-json\/wp\/v2\/types\/post"}],"author":[{"embeddable":true,"href":"https:\/\/www.europesays.com\/fr\/wp-json\/wp\/v2\/users\/2"}],"replies":[{"embeddable":true,"href":"https:\/\/www.europesays.com\/fr\/wp-json\/wp\/v2\/comments?post=622538"}],"version-history":[{"count":0,"href":"https:\/\/www.europesays.com\/fr\/wp-json\/wp\/v2\/posts\/622538\/revisions"}],"wp:featuredmedia":[{"embeddable":true,"href":"https:\/\/www.europesays.com\/fr\/wp-json\/wp\/v2\/media\/622539"}],"wp:attachment":[{"href":"https:\/\/www.europesays.com\/fr\/wp-json\/wp\/v2\/media?parent=622538"}],"wp:term":[{"taxonomy":"category","embeddable":true,"href":"https:\/\/www.europesays.com\/fr\/wp-json\/wp\/v2\/categories?post=622538"},{"taxonomy":"post_tag","embeddable":true,"href":"https:\/\/www.europesays.com\/fr\/wp-json\/wp\/v2\/tags?post=622538"}],"curies":[{"name":"wp","href":"https:\/\/api.w.org\/{rel}","templated":true}]}}