{"id":622540,"date":"2025-12-26T02:19:25","date_gmt":"2025-12-26T02:19:25","guid":{"rendered":"https:\/\/www.europesays.com\/fr\/622540\/"},"modified":"2025-12-26T02:19:25","modified_gmt":"2025-12-26T02:19:25","slug":"une-maison-de-130m%c2%b2-partiellement-detruite-dans-un-incendie-en-dordogne","status":"publish","type":"post","link":"https:\/\/www.europesays.com\/fr\/622540\/","title":{"rendered":"Une maison de 130m\u00b2 partiellement d\u00e9truite dans un incendie en Dordogne"},"content":{"rendered":"<p>\u00c0 Brant\u00f4me, une maison a \u00e9t\u00e9 en partie d\u00e9truite dans un incendie ce jeudi 25 d\u00e9cembre en d\u00e9but d&rsquo;apr\u00e8s-midi. Le propri\u00e9taire n&rsquo;\u00e9tait pas pr\u00e9sent, et il n&rsquo;y a pas eu de bless\u00e9.<\/p>\n<p>La maison de 130m\u00b2 a \u00e9t\u00e9 en partie d\u00e9truite par les flammes ce jeudi 25 d\u00e9cembre \u00e0 Brant\u00f4me. L&rsquo;incendie s&rsquo;est d\u00e9clar\u00e9 vers 15 heures. L&rsquo;arriv\u00e9e des pompiers a permis de limiter la propagation du feu. <strong>L&rsquo;arri\u00e8re de la maison a br\u00fbl\u00e9,<\/strong> mais l&rsquo;avant a \u00e9t\u00e9 \u00e9pargn\u00e9.<\/p>\n<p>Un incendie parti de la pompe \u00e0 chaleur<\/p>\n<p>Le propri\u00e9taire n&rsquo;\u00e9tait pas sur place au moment de l&rsquo;incendie, et <strong>personne n&rsquo;a \u00e9t\u00e9 bless\u00e9.<\/strong>\u00a0D&rsquo;apr\u00e8s les premiers \u00e9l\u00e9ments de l&rsquo;enqu\u00eate, le feu d&rsquo;origine accidentelle est parti de la pompe \u00e0 chaleur \u00e0 l&rsquo;arri\u00e8re de la maison. Quinze sapeurs-pompiers de Nontron et de Brant\u00f4me sont intervenus \u00e0 l&rsquo;aide de deux lances \u00e0 eau pour \u00e9teindre le feu. D&rsquo;apr\u00e8s la maire de la commune, le propri\u00e9taire doit \u00eatre relog\u00e9 par son employeur.<\/p>\n","protected":false},"excerpt":{"rendered":"\u00c0 Brant\u00f4me, une maison a \u00e9t\u00e9 en partie d\u00e9truite dans un incendie ce jeudi 25 d\u00e9cembre en d\u00e9but&hellip;\n","protected":false},"author":2,"featured_media":622541,"comment_status":"","ping_status":"","sticky":false,"template":"","format":"standard","meta":{"footnotes":""},"categories":[4],"tags":[11,1011,27,12,25],"class_list":{"0":"post-622540","1":"post","2":"type-post","3":"status-publish","4":"format-standard","5":"has-post-thumbnail","7":"category-france","8":"tag-actualites","9":"tag-fr","10":"tag-france","11":"tag-news","12":"tag-republique-francaise"},"share_on_mastodon":{"url":"https:\/\/pubeurope.com\/@fr\/115783477771054502","error":""},"_links":{"self":[{"href":"https:\/\/www.europesays.com\/fr\/wp-json\/wp\/v2\/posts\/622540","targetHints":{"allow":["GET"]}}],"collection":[{"href":"https:\/\/www.europesays.com\/fr\/wp-json\/wp\/v2\/posts"}],"about":[{"href":"https:\/\/www.europesays.com\/fr\/wp-json\/wp\/v2\/types\/post"}],"author":[{"embeddable":true,"href":"https:\/\/www.europesays.com\/fr\/wp-json\/wp\/v2\/users\/2"}],"replies":[{"embeddable":true,"href":"https:\/\/www.europesays.com\/fr\/wp-json\/wp\/v2\/comments?post=622540"}],"version-history":[{"count":0,"href":"https:\/\/www.europesays.com\/fr\/wp-json\/wp\/v2\/posts\/622540\/revisions"}],"wp:featuredmedia":[{"embeddable":true,"href":"https:\/\/www.europesays.com\/fr\/wp-json\/wp\/v2\/media\/622541"}],"wp:attachment":[{"href":"https:\/\/www.europesays.com\/fr\/wp-json\/wp\/v2\/media?parent=622540"}],"wp:term":[{"taxonomy":"category","embeddable":true,"href":"https:\/\/www.europesays.com\/fr\/wp-json\/wp\/v2\/categories?post=622540"},{"taxonomy":"post_tag","embeddable":true,"href":"https:\/\/www.europesays.com\/fr\/wp-json\/wp\/v2\/tags?post=622540"}],"curies":[{"name":"wp","href":"https:\/\/api.w.org\/{rel}","templated":true}]}}