{"id":622544,"date":"2025-12-26T02:22:54","date_gmt":"2025-12-26T02:22:54","guid":{"rendered":"https:\/\/www.europesays.com\/fr\/622544\/"},"modified":"2025-12-26T02:22:54","modified_gmt":"2025-12-26T02:22:54","slug":"les-travaux-du-stade-poty-etonnent-lopposition","status":"publish","type":"post","link":"https:\/\/www.europesays.com\/fr\/622544\/","title":{"rendered":"les travaux du stade Poty \u00e9tonnent l\u2019opposition"},"content":{"rendered":"<p>Lors du conseil municipal qui s\u2019est tenu ce lundi, le premier point mis \u00e0 l\u2019ordre du jour concernait la d\u00e9cision modificative pour le budget de la commune 2025. L\u2019opposition, par la voix de Bernard Chapelon a expliqu\u00e9 pourquoi son groupe Ensemble pour Unieux se pronon\u00e7ait contre\u00a0: \u00ab\u00a0Nous avions d\u00e9j\u00e0 vot\u00e9 contre le budget en avril, donc ce nouveau vote est coh\u00e9rent, l\u2019\u00e9cart non n\u00e9gligeable entre le pr\u00e9visionnel des d\u00e9penses en investissement par rapport au r\u00e9el constat\u00e9 vous donne une marge de man\u0153uvre pour compl\u00e9ter vos investissements\u00a0\u00bb.<\/p>\n<p>L\u2019investissement sur le stade Poty, \u00ab\u00a0un budget mal ma\u00eetris\u00e9\u00a0?\u00a0\u00bb<\/p>\n<p>D\u2019autre part, l\u2019opposition s\u2019interroge sur les montants qui vont \u00eatre investis par la ville pour les travaux du terrain synth\u00e9tique du <a href=\"https:\/\/www.leprogres.fr\/environnement\/2025\/12\/09\/le-stade-poty-se-parre-d-une-nouvelle-fresque\" target=\"_blank\" rel=\"noopener\">stade Poty<\/a> \u00ab\u00a0qui passent de&#8230;<\/p>\n","protected":false},"excerpt":{"rendered":"Lors du conseil municipal qui s\u2019est tenu ce lundi, le premier point mis \u00e0 l\u2019ordre du jour concernait&hellip;\n","protected":false},"author":2,"featured_media":622545,"comment_status":"","ping_status":"","sticky":false,"template":"","format":"standard","meta":{"footnotes":""},"categories":[9653],"tags":[1111,11,2430,1984,7539,1777,674,1011,27,12,316,25,4001,14024,14025],"class_list":{"0":"post-622544","1":"post","2":"type-post","3":"status-publish","4":"format-standard","5":"has-post-thumbnail","7":"category-saint-etienne","8":"tag-actu","9":"tag-actualites","10":"tag-auvergne-rhone-alpes","11":"tag-conseil-municipal","12":"tag-edition-loire-sud","13":"tag-eu","14":"tag-europe","15":"tag-fr","16":"tag-france","17":"tag-news","18":"tag-politique","19":"tag-republique-francaise","20":"tag-saint-etienne","21":"tag-unieux","22":"tag-unieux-bassin"},"share_on_mastodon":{"url":"https:\/\/pubeurope.com\/@fr\/115783493472928071","error":""},"_links":{"self":[{"href":"https:\/\/www.europesays.com\/fr\/wp-json\/wp\/v2\/posts\/622544","targetHints":{"allow":["GET"]}}],"collection":[{"href":"https:\/\/www.europesays.com\/fr\/wp-json\/wp\/v2\/posts"}],"about":[{"href":"https:\/\/www.europesays.com\/fr\/wp-json\/wp\/v2\/types\/post"}],"author":[{"embeddable":true,"href":"https:\/\/www.europesays.com\/fr\/wp-json\/wp\/v2\/users\/2"}],"replies":[{"embeddable":true,"href":"https:\/\/www.europesays.com\/fr\/wp-json\/wp\/v2\/comments?post=622544"}],"version-history":[{"count":0,"href":"https:\/\/www.europesays.com\/fr\/wp-json\/wp\/v2\/posts\/622544\/revisions"}],"wp:featuredmedia":[{"embeddable":true,"href":"https:\/\/www.europesays.com\/fr\/wp-json\/wp\/v2\/media\/622545"}],"wp:attachment":[{"href":"https:\/\/www.europesays.com\/fr\/wp-json\/wp\/v2\/media?parent=622544"}],"wp:term":[{"taxonomy":"category","embeddable":true,"href":"https:\/\/www.europesays.com\/fr\/wp-json\/wp\/v2\/categories?post=622544"},{"taxonomy":"post_tag","embeddable":true,"href":"https:\/\/www.europesays.com\/fr\/wp-json\/wp\/v2\/tags?post=622544"}],"curies":[{"name":"wp","href":"https:\/\/api.w.org\/{rel}","templated":true}]}}