{"id":622546,"date":"2025-12-26T02:24:32","date_gmt":"2025-12-26T02:24:32","guid":{"rendered":"https:\/\/www.europesays.com\/fr\/622546\/"},"modified":"2025-12-26T02:24:32","modified_gmt":"2025-12-26T02:24:32","slug":"sampicot-se-reinvente-un-quartier-dunieux-en-pleine-metamorphose-urbaine","status":"publish","type":"post","link":"https:\/\/www.europesays.com\/fr\/622546\/","title":{"rendered":"Sampicot se r\u00e9invente : un quartier d\u2019Unieux en pleine m\u00e9tamorphose urbaine"},"content":{"rendered":"<p>                <a href=\"https:\/\/www.saint-etienne.fr\/agenda\/visite-guidee-en-petit-train\" target=\"_blank\" aria-label=\"petit train de noel\" rel=\"noopener\"><img loading=\"lazy\" decoding=\"async\" src=\"https:\/\/www.europesays.com\/fr\/wp-content\/uploads\/2025\/11\/petit-train-de-noel.jpeg\" alt=\"\"   width=\"2560\" height=\"738\"\/><\/a><\/p>\n<p>Isolation d\u00e9faillante, absence de balcons, superficie r\u00e9duite des pi\u00e8ces : ces habitations ne correspondent plus aux standards de confort contemporains. Apr\u00e8s la r\u00e9novation spectaculaire du groupe scolaire Langevin, c\u2019est d\u00e9sormais l\u2019habitat qui fait l\u2019objet d\u2019une attention particuli\u00e8re.<\/p>\n<p>L\u2019Immobili\u00e8re Rh\u00f4ne-Alpes, gestionnaire de ces ensembles immobiliers, a finalement lanc\u00e9 un programme ambitieux apr\u00e8s plusieurs ann\u00e9es de r\u00e9flexion. La strat\u00e9gie adopt\u00e9e privil\u00e9gie la d\u00e9construction m\u00e9thodique plut\u00f4t que la d\u00e9molition brutale, permettant ainsi le recyclage de la majorit\u00e9 des mat\u00e9riaux. Cette approche environnementale t\u00e9moigne d\u2019une volont\u00e9 de d\u00e9veloppement durable dans la transformation du quartier. Les secteurs de la rue du Panorama et de la rue des Charmilles constitueront l\u2019ultime phase de cette vaste op\u00e9ration.<\/p>\n<p>Un nouvel habitat pens\u00e9 pour tous les \u00e2ges<\/p>\n<p>Le projet architectural privil\u00e9gie la diversit\u00e9 r\u00e9sidentielle. Des maisons de ville mitoyennes dot\u00e9es de parcelles privatives remplaceront les anciennes barres d\u2019immeubles, offrant aux r\u00e9sidents un cadre de vie plus individualis\u00e9. La partie basse du quartier accueillera des logements sp\u00e9cialement con\u00e7us pour les personnes \u00e2g\u00e9es, int\u00e9grant des espaces communs favorisant le maintien du lien social. Cette approche interg\u00e9n\u00e9rationnelle vise \u00e0 permettre aux habitants historiques de conserver leurs attaches dans le quartier tout en b\u00e9n\u00e9ficiant d\u2019un habitat modernis\u00e9.<\/p>\n<p>La restructuration du quartier s\u2019accompagne d\u2019am\u00e9liorations pratiques significatives. L\u2019extension du parking de l\u2019\u00e9cole primaire r\u00e9pondra aux besoins croissants de stationnement dans le secteur. Durant la phase de chantier, un parking temporaire a \u00e9t\u00e9 am\u00e9nag\u00e9 pour garantir l\u2019acc\u00e8s du personnel scolaire \u00e0 leur lieu de travail. Le d\u00e9marrage des constructions nouvelles est programm\u00e9 pour le printemps prochain.<\/p>\n<p>Un cadre r\u00e9glementaire en \u00e9volution<\/p>\n<p>Le Plan local d\u2019urbanisme intercommunal (PLUi), consultable en mairie, encadre cette transformation. Une consultation publique se tiendra en 2026 pour une mise en application d\u00e9finitive en 2028. La municipalit\u00e9 d\u2019Unieux a d\u2019ores et d\u00e9j\u00e0 annonc\u00e9 sa volont\u00e9 de ne pas cr\u00e9er de nouvelles zones constructibles, privil\u00e9giant ainsi la densification raisonn\u00e9e de l\u2019existant.<\/p>\n<p>Saint-\u00c9tienne M\u00e9tropole accompagne cette modernisation par diverses aides. Le fonds Air Bois, accessible via R\u00e9nov\u2019action 42, finance le remplacement des syst\u00e8mes de chauffage au bois ant\u00e9rieurs \u00e0 2002. La lutte contre les frelons asiatiques reste \u00e9galement une priorit\u00e9 avec un financement maintenu pour la destruction des nids et la distribution de kits de pi\u00e9geage disponibles en mairie pour une utilisation optimale entre f\u00e9vrier et mars.<\/p>\n<p>Un renforcement de l\u2019offre m\u00e9dicale<\/p>\n<p>Le quartier b\u00e9n\u00e9ficiera prochainement d\u2019un centre de sant\u00e9 pluridisciplinaire. Gr\u00e2ce au soutien municipal, un m\u00e9decin g\u00e9n\u00e9raliste a \u00e9t\u00e9 recrut\u00e9. L\u2019\u00e9quipe m\u00e9dicale comprendra \u00e9galement deux kin\u00e9sith\u00e9rapeutes, deux psychiatres et des infirmiers. Les habitants int\u00e9ress\u00e9s peuvent d\u2019ores et d\u00e9j\u00e0 s\u2019inscrire en mairie pour b\u00e9n\u00e9ficier de ces services de proximit\u00e9.<\/p>\n<p>L\u2019installation r\u00e9cente de conteneurs d\u00e9di\u00e9s aux gros cartons sur le parking du Quarto am\u00e9liore les possibilit\u00e9s de tri s\u00e9lectif dans le quartier, participant ainsi \u00e0 l\u2019effort collectif de gestion responsable des d\u00e9chets dans cette zone en pleine mutation.<\/p>\n","protected":false},"excerpt":{"rendered":"Isolation d\u00e9faillante, absence de balcons, superficie r\u00e9duite des pi\u00e8ces : ces habitations ne correspondent plus aux standards de&hellip;\n","protected":false},"author":2,"featured_media":561279,"comment_status":"","ping_status":"","sticky":false,"template":"","format":"standard","meta":{"footnotes":""},"categories":[9653],"tags":[328,1111,11,2430,1777,674,1011,27,3367,12,25,4001],"class_list":{"0":"post-622546","1":"post","2":"type-post","3":"status-publish","4":"format-standard","5":"has-post-thumbnail","7":"category-saint-etienne","8":"tag-a-la-une","9":"tag-actu","10":"tag-actualites","11":"tag-auvergne-rhone-alpes","12":"tag-eu","13":"tag-europe","14":"tag-fr","15":"tag-france","16":"tag-loire","17":"tag-news","18":"tag-republique-francaise","19":"tag-saint-etienne"},"share_on_mastodon":{"url":"https:\/\/pubeurope.com\/@fr\/115783498102029276","error":""},"_links":{"self":[{"href":"https:\/\/www.europesays.com\/fr\/wp-json\/wp\/v2\/posts\/622546","targetHints":{"allow":["GET"]}}],"collection":[{"href":"https:\/\/www.europesays.com\/fr\/wp-json\/wp\/v2\/posts"}],"about":[{"href":"https:\/\/www.europesays.com\/fr\/wp-json\/wp\/v2\/types\/post"}],"author":[{"embeddable":true,"href":"https:\/\/www.europesays.com\/fr\/wp-json\/wp\/v2\/users\/2"}],"replies":[{"embeddable":true,"href":"https:\/\/www.europesays.com\/fr\/wp-json\/wp\/v2\/comments?post=622546"}],"version-history":[{"count":0,"href":"https:\/\/www.europesays.com\/fr\/wp-json\/wp\/v2\/posts\/622546\/revisions"}],"wp:featuredmedia":[{"embeddable":true,"href":"https:\/\/www.europesays.com\/fr\/wp-json\/wp\/v2\/media\/561279"}],"wp:attachment":[{"href":"https:\/\/www.europesays.com\/fr\/wp-json\/wp\/v2\/media?parent=622546"}],"wp:term":[{"taxonomy":"category","embeddable":true,"href":"https:\/\/www.europesays.com\/fr\/wp-json\/wp\/v2\/categories?post=622546"},{"taxonomy":"post_tag","embeddable":true,"href":"https:\/\/www.europesays.com\/fr\/wp-json\/wp\/v2\/tags?post=622546"}],"curies":[{"name":"wp","href":"https:\/\/api.w.org\/{rel}","templated":true}]}}