{"id":622556,"date":"2025-12-26T02:44:14","date_gmt":"2025-12-26T02:44:14","guid":{"rendered":"https:\/\/www.europesays.com\/fr\/622556\/"},"modified":"2025-12-26T02:44:14","modified_gmt":"2025-12-26T02:44:14","slug":"le-plan-durgence-hivernale-maintenu-en-seine-maritime","status":"publish","type":"post","link":"https:\/\/www.europesays.com\/fr\/622556\/","title":{"rendered":"le plan d\u2019urgence hivernale maintenu en Seine-Maritime"},"content":{"rendered":"<p>\t\t\t\t\t Les autorit\u00e9s rappellent que le grand froid peut avoir des cons\u00e9quences graves sur la sant\u00e9, en particulier pour les personnes \u00e2g\u00e9es, isol\u00e9es, en situation de handicap ou souffrant de maladies chroniques. Il est recommand\u00e9 de limiter les expositions prolong\u00e9es, de se prot\u00e9ger efficacement contre le froid et d\u2019utiliser les appareils de chauffage avec pr\u00e9caution afin d\u2019\u00e9viter tout risque d\u2019intoxication au monoxyde de carbone. <\/p>\n<p>Toute personne rep\u00e9rant quelqu\u2019un en difficult\u00e9 est invit\u00e9e \u00e0 composer le 115, num\u00e9ro d\u2019urgence sociale, pour permettre une prise en charge rapide.\n\t\t\t\t <\/p>\n","protected":false},"excerpt":{"rendered":"Les autorit\u00e9s rappellent que le grand froid peut avoir des cons\u00e9quences graves sur la sant\u00e9, en particulier pour&hellip;\n","protected":false},"author":2,"featured_media":622557,"comment_status":"","ping_status":"","sticky":false,"template":"","format":"standard","meta":{"footnotes":""},"categories":[9587],"tags":[1111,11,1777,674,1011,27,73189,5222,2487,12,5161,25,9590,5163],"class_list":{"0":"post-622556","1":"post","2":"type-post","3":"status-publish","4":"format-standard","5":"has-post-thumbnail","7":"category-rouen","8":"tag-actu","9":"tag-actualites","10":"tag-eu","11":"tag-europe","12":"tag-fr","13":"tag-france","14":"tag-grand-froid","15":"tag-hebergement","16":"tag-meteo","17":"tag-news","18":"tag-normandie","19":"tag-republique-francaise","20":"tag-rouen","21":"tag-seine-maritime"},"share_on_mastodon":{"url":"","error":""},"_links":{"self":[{"href":"https:\/\/www.europesays.com\/fr\/wp-json\/wp\/v2\/posts\/622556","targetHints":{"allow":["GET"]}}],"collection":[{"href":"https:\/\/www.europesays.com\/fr\/wp-json\/wp\/v2\/posts"}],"about":[{"href":"https:\/\/www.europesays.com\/fr\/wp-json\/wp\/v2\/types\/post"}],"author":[{"embeddable":true,"href":"https:\/\/www.europesays.com\/fr\/wp-json\/wp\/v2\/users\/2"}],"replies":[{"embeddable":true,"href":"https:\/\/www.europesays.com\/fr\/wp-json\/wp\/v2\/comments?post=622556"}],"version-history":[{"count":0,"href":"https:\/\/www.europesays.com\/fr\/wp-json\/wp\/v2\/posts\/622556\/revisions"}],"wp:featuredmedia":[{"embeddable":true,"href":"https:\/\/www.europesays.com\/fr\/wp-json\/wp\/v2\/media\/622557"}],"wp:attachment":[{"href":"https:\/\/www.europesays.com\/fr\/wp-json\/wp\/v2\/media?parent=622556"}],"wp:term":[{"taxonomy":"category","embeddable":true,"href":"https:\/\/www.europesays.com\/fr\/wp-json\/wp\/v2\/categories?post=622556"},{"taxonomy":"post_tag","embeddable":true,"href":"https:\/\/www.europesays.com\/fr\/wp-json\/wp\/v2\/tags?post=622556"}],"curies":[{"name":"wp","href":"https:\/\/api.w.org\/{rel}","templated":true}]}}