{"id":622558,"date":"2025-12-26T02:46:49","date_gmt":"2025-12-26T02:46:49","guid":{"rendered":"https:\/\/www.europesays.com\/fr\/622558\/"},"modified":"2025-12-26T02:46:49","modified_gmt":"2025-12-26T02:46:49","slug":"les-policiers-font-usage-dune-grenade-de-desencerclement","status":"publish","type":"post","link":"https:\/\/www.europesays.com\/fr\/622558\/","title":{"rendered":"les policiers font usage d&rsquo;une grenade de d\u00e9sencerclement"},"content":{"rendered":"<p itemprop=\"description\"><strong>La BST a eu chaud.<\/strong><\/p>\n<p>Ce mardi soir, les policiers de la brigade sp\u00e9cialis\u00e9e de terrain a tent\u00e9 de contr\u00f4ler et verbaliser le conducteur d&rsquo;une trottinette \u00e0 Echirolles. Mais rapidement, les forces de l&rsquo;ordre ont attir\u00e9 l&rsquo;attention de jeunes du quartier, qui ont commenc\u00e9 \u00e0 invectiver et prendre \u00e0 partie les fonctionnaires.<\/p>\n<p>Pour les faire d\u00e9taler et pouvoir ensuite quitter les lieux, la BST a fait usage d&rsquo;une grenade de d\u00e9sencerclement selon le Dauphin\u00e9 Lib\u00e9r\u00e9.<\/p>\n<p>Aucune interpellation n&rsquo;a \u00e9t\u00e9 men\u00e9e.<\/p>\n","protected":false},"excerpt":{"rendered":"La BST a eu chaud. Ce mardi soir, les policiers de la brigade sp\u00e9cialis\u00e9e de terrain a tent\u00e9&hellip;\n","protected":false},"author":2,"featured_media":622559,"comment_status":"","ping_status":"","sticky":false,"template":"","format":"standard","meta":{"footnotes":""},"categories":[9566],"tags":[1111,11,2813,2430,1109,251,1112,2811,1777,674,118,1011,27,21780,2731,14004,1922,1110,1114,108,12,316,25,2812,517,800],"class_list":{"0":"post-622558","1":"post","2":"type-post","3":"status-publish","4":"format-standard","5":"has-post-thumbnail","7":"category-grenoble","8":"tag-actu","9":"tag-actualites","10":"tag-article","11":"tag-auvergne-rhone-alpes","12":"tag-breves","13":"tag-culture","14":"tag-depeches","15":"tag-economique","16":"tag-eu","17":"tag-europe","18":"tag-faits-divers","19":"tag-fr","20":"tag-france","21":"tag-gf38","22":"tag-grenoble","23":"tag-grenoblemag","24":"tag-info","25":"tag-informations","26":"tag-infos","27":"tag-isere","28":"tag-news","29":"tag-politique","30":"tag-republique-francaise","31":"tag-sociale","32":"tag-sport","33":"tag-transports"},"share_on_mastodon":{"url":"https:\/\/pubeurope.com\/@fr\/115783587739464464","error":""},"_links":{"self":[{"href":"https:\/\/www.europesays.com\/fr\/wp-json\/wp\/v2\/posts\/622558","targetHints":{"allow":["GET"]}}],"collection":[{"href":"https:\/\/www.europesays.com\/fr\/wp-json\/wp\/v2\/posts"}],"about":[{"href":"https:\/\/www.europesays.com\/fr\/wp-json\/wp\/v2\/types\/post"}],"author":[{"embeddable":true,"href":"https:\/\/www.europesays.com\/fr\/wp-json\/wp\/v2\/users\/2"}],"replies":[{"embeddable":true,"href":"https:\/\/www.europesays.com\/fr\/wp-json\/wp\/v2\/comments?post=622558"}],"version-history":[{"count":0,"href":"https:\/\/www.europesays.com\/fr\/wp-json\/wp\/v2\/posts\/622558\/revisions"}],"wp:featuredmedia":[{"embeddable":true,"href":"https:\/\/www.europesays.com\/fr\/wp-json\/wp\/v2\/media\/622559"}],"wp:attachment":[{"href":"https:\/\/www.europesays.com\/fr\/wp-json\/wp\/v2\/media?parent=622558"}],"wp:term":[{"taxonomy":"category","embeddable":true,"href":"https:\/\/www.europesays.com\/fr\/wp-json\/wp\/v2\/categories?post=622558"},{"taxonomy":"post_tag","embeddable":true,"href":"https:\/\/www.europesays.com\/fr\/wp-json\/wp\/v2\/tags?post=622558"}],"curies":[{"name":"wp","href":"https:\/\/api.w.org\/{rel}","templated":true}]}}