{"id":622560,"date":"2025-12-26T02:51:24","date_gmt":"2025-12-26T02:51:24","guid":{"rendered":"https:\/\/www.europesays.com\/fr\/622560\/"},"modified":"2025-12-26T02:51:24","modified_gmt":"2025-12-26T02:51:24","slug":"deux-nageurs-pontivyens-au-meeting-national-de-rennes","status":"publish","type":"post","link":"https:\/\/www.europesays.com\/fr\/622560\/","title":{"rendered":"Deux nageurs pontivyens au meeting national de Rennes"},"content":{"rendered":"<p>Suzon Guillemoto et Tim\u00e9o Le Mouel, deux nageurs juniors de l\u2019Espoir Nautique Pontivyen, \u00e9taient qualifi\u00e9s pour le meeting national de Rennes qui s\u2019est d\u00e9roul\u00e9 les 20 et 21 d\u00e9cembre 2025. \u00ab\u00a0Suzon am\u00e9liore les records du club sur 400 nage libre et 1\u00a0500 nage libre et les records 14, 15 et 16 ans du 800 nage libre. Elle am\u00e9liore \u00e9galement toutes ses performances personnelles. Tim\u00e9o am\u00e9liore le record du club toutes cat\u00e9gories en 50 nage libre et fait sa meilleure performance individuelle\u00a0\u00bb, commente \u00c9lodie Cauchi, dirigeante du club.<\/p>\n","protected":false},"excerpt":{"rendered":"Suzon Guillemoto et Tim\u00e9o Le Mouel, deux nageurs juniors de l\u2019Espoir Nautique Pontivyen, \u00e9taient qualifi\u00e9s pour le meeting&hellip;\n","protected":false},"author":2,"featured_media":622561,"comment_status":"","ping_status":"","sticky":false,"template":"","format":"standard","meta":{"footnotes":""},"categories":[2821],"tags":[1111,11,829,1777,674,1011,27,12,6099,584,25],"class_list":{"0":"post-622560","1":"post","2":"type-post","3":"status-publish","4":"format-standard","5":"has-post-thumbnail","7":"category-rennes","8":"tag-actu","9":"tag-actualites","10":"tag-bretagne","11":"tag-eu","12":"tag-europe","13":"tag-fr","14":"tag-france","15":"tag-news","16":"tag-pontivy","17":"tag-rennes","18":"tag-republique-francaise"},"share_on_mastodon":{"url":"https:\/\/pubeurope.com\/@fr\/115783604078915123","error":""},"_links":{"self":[{"href":"https:\/\/www.europesays.com\/fr\/wp-json\/wp\/v2\/posts\/622560","targetHints":{"allow":["GET"]}}],"collection":[{"href":"https:\/\/www.europesays.com\/fr\/wp-json\/wp\/v2\/posts"}],"about":[{"href":"https:\/\/www.europesays.com\/fr\/wp-json\/wp\/v2\/types\/post"}],"author":[{"embeddable":true,"href":"https:\/\/www.europesays.com\/fr\/wp-json\/wp\/v2\/users\/2"}],"replies":[{"embeddable":true,"href":"https:\/\/www.europesays.com\/fr\/wp-json\/wp\/v2\/comments?post=622560"}],"version-history":[{"count":0,"href":"https:\/\/www.europesays.com\/fr\/wp-json\/wp\/v2\/posts\/622560\/revisions"}],"wp:featuredmedia":[{"embeddable":true,"href":"https:\/\/www.europesays.com\/fr\/wp-json\/wp\/v2\/media\/622561"}],"wp:attachment":[{"href":"https:\/\/www.europesays.com\/fr\/wp-json\/wp\/v2\/media?parent=622560"}],"wp:term":[{"taxonomy":"category","embeddable":true,"href":"https:\/\/www.europesays.com\/fr\/wp-json\/wp\/v2\/categories?post=622560"},{"taxonomy":"post_tag","embeddable":true,"href":"https:\/\/www.europesays.com\/fr\/wp-json\/wp\/v2\/tags?post=622560"}],"curies":[{"name":"wp","href":"https:\/\/api.w.org\/{rel}","templated":true}]}}