{"id":622562,"date":"2025-12-26T02:52:37","date_gmt":"2025-12-26T02:52:37","guid":{"rendered":"https:\/\/www.europesays.com\/fr\/622562\/"},"modified":"2025-12-26T02:52:37","modified_gmt":"2025-12-26T02:52:37","slug":"escape-game-un-monstre-dans-le-placard-a-strasbourg-67-experiences-interactives-et-immersives-date-horaires-tarifs","status":"publish","type":"post","link":"https:\/\/www.europesays.com\/fr\/622562\/","title":{"rendered":"Escape Game \u00ab\u00a0Un monstre dans le placard\u00a0\u00bb \u00e0 Strasbourg (67), Exp\u00e9riences interactives et immersives : date, horaires, tarifs"},"content":{"rendered":"<p class=\"fw-bold font-size-16 my-1\"> 5 Quai de Paris | <a href=\"https:\/\/www.jds.fr\/strasbourg\/\" target=\"_blank\" rel=\"noopener\">Strasbourg<\/a><\/p>\n<p class=\"fw-bold font-size-16 my-1\"> Payant  (<a href=\"#tarifs\" class=\"js-scrollTo\">voir les d\u00e9tails<\/a>)<\/p>\n<ul class=\"list-unstyled d-flex flex-wrap mt-2\">\n<li class=\"me-2 mb-2\">insolite<\/li>\n<li class=\"me-2 mb-2\">aventure<\/li>\n<li class=\"me-2 mb-2\">immersif<\/li>\n<li class=\"me-2 mb-2\">famille<\/li>\n<li class=\"me-2 mb-2\">amis<\/li>\n<li class=\"me-2 mb-2\">int\u00e9rieur<\/li>\n<li class=\"me-2 mb-2\">centre-ville<\/li>\n<li class=\"me-2 mb-2\">pluie\u00a0\u00a0<\/li>\n<li class=\"me-2 mb-2\">team building<\/li>\n<\/ul>\n<p><a class=\"btn btn-lg shadow-lg btn-primary rounded-pill fnac_link\" data-fnac=\"haut\" href=\"https:\/\/lb.affilae.com\/r\/?p=5f7dd9b02760126e01e487b3&amp;af=628&amp;lp=https%3A%2F%2Fwww.funbooker.com%2Ffr%2Fannonce%2Fescape-game-un-monstre-dans-le-placard-a-strasbourg-67%2Fvoir%3Futm_source%3Daffilae%26utm_medium%3Djds\" target=\"_blank\" rel=\"nofollow noopener\"> Acheter des billets<\/a><\/p>\n<p>Sortez d\u2019un mauvais r\u00eave en combattant les monstres qui hantent la pi\u00e8ce. Gr\u00e2ce \u00e0 de nombreuses manipulations et \u00e0 votre r\u00e9flexion, il vous faudra d\u00e9truire les artefacts qui vous permettront d\u2019\u00e9liminer le big boss.<\/p>\n<p><a data-lightbox=\"article\" data-title=\"Escape Game Un monstre dans le placard \u00e0 Strasbourg (67) DR\" class=\"image detail fullwidth  position-relative d-block\" href=\"https:\/\/www.jds.fr\/medias\/image\/escape-game-un-monstre-dans-le-placard-a-strasbour-803220-920-0-F.webp\" title=\"Escape Game Un monstre dans le placard \u00e0 Strasbourg (67) DR\" target=\"_blank\" rel=\"noopener\"><br \/>\n<img decoding=\"async\" loading=\"lazy\" src=\"https:\/\/www.europesays.com\/fr\/wp-content\/uploads\/2025\/12\/escape-game-un-monstre-dans-le-placard-a-strasbour-803220-1200-0.webp.webp\"   width=\"685\" alt=\"Escape Game Un monstre dans le placard \u00e0 Strasbourg (67)\" class=\"border\"\/><br \/>\nDR<br \/>\nEscape Game\u00a0\u00ab\u00a0Un monstre dans le placard\u00a0\u00bb \u00e0 Strasbourg (67)<br \/>\n<\/a><\/p>\n<p><strong>Sc\u00e9nario\u00a0:<\/strong> \u00ab Un monstre dans le placard\u00a0\u00bb<\/p>\n<p>C\u2019est le week-end annuel du rassemblement familial dans la maison de grand-papi. Tout se passe bien jusqu\u2019\u00e0 ce que vos neveux refusent d\u2019aller se coucher \u00e0 cause d\u2019un soi-disant\u00a0\u00ab monstre\u00a0\u00bb. Convaincu.e.s qu\u2019il s\u2019agit d\u2019un mauvais r\u00eave, vous prenez leur chambre pour le leur prouver. Mais, cauchemar ou pas, vous vous retrouvez, \u00e0 votre tour, pi\u00e9g\u00e9.e.s dans l\u2019univers des monstres.<\/p>\n<p>Pour avoir une chance lors du combat final, vous devez trouver et d\u00e9truire les trois artefacts de vie du monstre. Mais ceux-ci sont prot\u00e9g\u00e9s par des gardiens dans des univers parall\u00e8les\u2026<\/p>\n<p><strong>Le pro\u00a0:<\/strong> A Maze In est situ\u00e9 en plein c\u0153ur de Strasbourg. Sur un plateau de 650 m\u00b2, l\u2019enseigne propose 5 escape rooms diff\u00e9rentes. Envie de prolonger l\u2019exp\u00e9rience\u00a0? A Maze In dispose \u00e9galement d\u2019une salle de r\u00e9union de 40 m\u00b2 pour vos s\u00e9minaires.<\/p>\n<p>Venez vous replonger en enfance gr\u00e2ce \u00e0 un sc\u00e9nario fantastique qui vous permettra de vaincre les d\u00e9mons de l\u2019enfance\u00a0: les monstres du placard. Alliez-vous avec vos ami.e.s ou votre famille afin de gagner le combat final.<\/p>\n<p>            Renseignements<\/p>\n<p><strong class=\"font-size-18\">O\u00f9\u00a0:<\/strong><br \/> 5 Quai de Paris<a class=\"mt-1 d-block ps-4\" href=\"https:\/\/www.jds.fr\/strasbourg\/\" target=\"_blank\" rel=\"noopener\"> 67000 Strasbourg<\/a><\/p>\n<p>Tarifs et billetterie\u00a0: <\/p>\n<p>2 joueurs, 55\u20ac \/ personne : 110\u00a0\u20ac<br \/>3 joueurs, 45\u20ac \/ personne : 135\u00a0\u20ac<br \/>4 joueurs, 38\u20ac \/ personne : 152\u00a0\u20ac<br \/>5 joueurs, 38\u20ac \/ personne : 190\u00a0\u20ac<br \/>6 joueurs, 38\u20ac \/ personne : 228\u00a0\u20ac<\/p>\n<p>Les actualit\u00e9s \u00e0 Strasbourg<\/p>\n<ul class=\"mt-3 list-unstyled list-articles-v2\" id=\"liste-dates-694df870df322\">\n<li class=\"col-12 pt-4\" data-view-id-type=\"1\" data-view-id=\"1303452\" data-view-bc=\"0\"><a class=\"image\" href=\"https:\/\/www.jds.fr\/strasbourg\/magazine\/sorties-du-week-end\/strasbourg-notre-selection-de-sorties-du-week-end-du-26-au-28-decembre-1303452_A\" target=\"_blank\" rel=\"noopener\"><img decoding=\"async\" loading=\"lazy\" src=\"https:\/\/www.europesays.com\/fr\/wp-content\/uploads\/2025\/12\/nl-2023-808463-180-180.webp.webp\" width=\"180\" height=\"180\" alt=\"Strasbourg : notre s\u00e9lection de sorties du week-end du 26 au 28 d\u00e9cembre\" class=\"border\"\/><\/a><\/li>\n<li class=\"col-12 pt-4\" data-view-id-type=\"1\" data-view-id=\"1289835\" data-view-bc=\"0\"><a class=\"image\" href=\"https:\/\/www.jds.fr\/strasbourg\/magazine\/actu-magazine\/cahier-d-activites-en-alsacien-pour-enfants-le-feriespass-de-l-olca-1289835_A\" target=\"_blank\" rel=\"noopener\"><img decoding=\"async\" loading=\"lazy\" src=\"https:\/\/www.europesays.com\/fr\/wp-content\/uploads\/2025\/12\/cahier-d-activites-en-alsacien-pour-enfants-le-fer-796676-180-180.webp.webp\" width=\"180\" height=\"180\" alt=\"Cahier d'activit\u00e9s en alsacien pour enfants : le Feriesp\u00e0ss de l'OLCA\" class=\"border\"\/><\/a><\/li>\n<li class=\"col-12 pt-4\" data-view-id-type=\"1\" data-view-id=\"1283751\" data-view-bc=\"0\"><a class=\"image\" href=\"https:\/\/www.jds.fr\/strasbourg\/magazine\/actu-magazine\/noel-solidaire-a-strasbourg-l-armee-du-salut-relance-ses-marmites-de-noel-1283751_A\" target=\"_blank\" rel=\"noopener\"><img decoding=\"async\" loading=\"lazy\" src=\"https:\/\/www.europesays.com\/fr\/wp-content\/uploads\/2025\/12\/marmites-de-noel-de-l-armee-du-salut-a-strasbourg-793634-180-180.webp.webp\" width=\"180\" height=\"180\" alt=\"No\u00ebl solidaire \u00e0 Strasbourg : l\u2019Arm\u00e9e du Salut relance ses Marmites de No\u00ebl\" class=\"border\"\/><\/a><\/li>\n<\/ul>\n<p><a href=\"https:\/\/www.jds.fr\/strasbourg\/magazine\/\" class=\"btn btn-outline-primary py-2 px-4\" target=\"_blank\" rel=\"noopener\">Voir toutes les actualit\u00e9s \u00e0 Strasbourg<\/a><\/p>\n<p class=\"mt-0 mb-3 h2\">Newsletter JDS Strasbourg<\/p>\n<p class=\"font-size-18 fw-normal lh-sm\">Pr\u00eat pour un week-end de folie\u00a0? Chaque jeudi tous les bons plans sorties<\/p>\n","protected":false},"excerpt":{"rendered":"5 Quai de Paris | Strasbourg Payant (voir les d\u00e9tails) insolite aventure immersif famille amis int\u00e9rieur centre-ville pluie\u00a0\u00a0&hellip;\n","protected":false},"author":2,"featured_media":622563,"comment_status":"","ping_status":"","sticky":false,"template":"","format":"standard","meta":{"footnotes":""},"categories":[2820],"tags":[1111,11,1777,674,1011,27,775,12,25,640],"class_list":{"0":"post-622562","1":"post","2":"type-post","3":"status-publish","4":"format-standard","5":"has-post-thumbnail","7":"category-strasbourg","8":"tag-actu","9":"tag-actualites","10":"tag-eu","11":"tag-europe","12":"tag-fr","13":"tag-france","14":"tag-grand-est","15":"tag-news","16":"tag-republique-francaise","17":"tag-strasbourg"},"share_on_mastodon":{"url":"https:\/\/pubeurope.com\/@fr\/115783608424241647","error":""},"_links":{"self":[{"href":"https:\/\/www.europesays.com\/fr\/wp-json\/wp\/v2\/posts\/622562","targetHints":{"allow":["GET"]}}],"collection":[{"href":"https:\/\/www.europesays.com\/fr\/wp-json\/wp\/v2\/posts"}],"about":[{"href":"https:\/\/www.europesays.com\/fr\/wp-json\/wp\/v2\/types\/post"}],"author":[{"embeddable":true,"href":"https:\/\/www.europesays.com\/fr\/wp-json\/wp\/v2\/users\/2"}],"replies":[{"embeddable":true,"href":"https:\/\/www.europesays.com\/fr\/wp-json\/wp\/v2\/comments?post=622562"}],"version-history":[{"count":0,"href":"https:\/\/www.europesays.com\/fr\/wp-json\/wp\/v2\/posts\/622562\/revisions"}],"wp:featuredmedia":[{"embeddable":true,"href":"https:\/\/www.europesays.com\/fr\/wp-json\/wp\/v2\/media\/622563"}],"wp:attachment":[{"href":"https:\/\/www.europesays.com\/fr\/wp-json\/wp\/v2\/media?parent=622562"}],"wp:term":[{"taxonomy":"category","embeddable":true,"href":"https:\/\/www.europesays.com\/fr\/wp-json\/wp\/v2\/categories?post=622562"},{"taxonomy":"post_tag","embeddable":true,"href":"https:\/\/www.europesays.com\/fr\/wp-json\/wp\/v2\/tags?post=622562"}],"curies":[{"name":"wp","href":"https:\/\/api.w.org\/{rel}","templated":true}]}}