{"id":622564,"date":"2025-12-26T02:53:23","date_gmt":"2025-12-26T02:53:23","guid":{"rendered":"https:\/\/www.europesays.com\/fr\/622564\/"},"modified":"2025-12-26T02:53:23","modified_gmt":"2025-12-26T02:53:23","slug":"lasse-et-lom-en-larmes-cette-pepite-fonce-a-strasbourg","status":"publish","type":"post","link":"https:\/\/www.europesays.com\/fr\/622564\/","title":{"rendered":"L\u2019ASSE et l\u2019OM en larmes, cette p\u00e9pite fonce \u00e0 Strasbourg"},"content":{"rendered":"<p><b>Le jeune et prometteur Gessime Yassine fait r\u00eaver beaucoup de monde. Premi\u00e8re sur le coup, l&rsquo;<a href=\"https:\/\/www.foot01.com\/st-etienne\" title=\"ASSE\" target=\"_blank\" rel=\"noopener\">ASSE<\/a> voit un club de Ligue 1 lui passer devant. Ce n&rsquo;est pas l&rsquo;<a href=\"https:\/\/www.foot01.com\/marseille\" title=\"OM\" target=\"_blank\" rel=\"noopener\">OM<\/a>. <\/b>A l\u2019heure o\u00f9 les clubs font attention \u00e0 chaque d\u00e9pense, le march\u00e9 de la <a href=\"https:\/\/www.foot01.com\/ligue2\" title=\"Ligue 2\" target=\"_blank\" rel=\"noopener\">Ligue 2<\/a> est tr\u00e8s pris\u00e9. Si en plus, le joueur concern\u00e9 brille aussi \u00e0 l\u2019international avec le r\u00e9cent succ\u00e8s \u00e0 la Coupe du monde U20, alors c\u2019est l\u2019affolement au <a href=\"https:\/\/www.foot01.com\/mercato\" target=\"_self\" rel=\"noopener\">mercato<\/a>. La Voix du Nord l\u2019avait r\u00e9v\u00e9l\u00e9, de nombreux clubs fran\u00e7ais sont sur le coup pour recruter l\u2019ailier de Dunkerque Gessime Yassine. Ce dernier s\u2019est illustr\u00e9 avec le Maroc \u00e0 la Coupe du monde U20, remport\u00e9e en \u00e9liminant notamment la France.L&rsquo;OM joue la carte r\u00e9gionale<\/p>\n<p>La formation de Ligue 2 aura bien du mal \u00e0 le conserver. Ces derni\u00e8res semaines, l\u2019ASSE avait tent\u00e9 de prendre tout le monde de court en r\u00e9cup\u00e9rant l\u2019ailier rapidement. Mais d\u00e9sormais, c\u2019est vers la Ligue 1 que Yassine se dirige. Selon Africa Foot, le Marocain poss\u00e8de plusieurs options, avec l\u2019OM et Lille qui ont \u00e9t\u00e9 les plus pressants. Marseille avait bon espoir de convaincre le natif de Salon-de-Provence de revenir sur ses terres, lui qui a notamment d\u00e9but\u00e9 \u00e0 Marignane. Plusieurs clubs allemands sont aussi venus aux renseignements.<\/p>\n<p>Mais But annonce que cela va tr\u00e8s vite dans ce dossier, et que le choix du joueur se porte d\u00e9sormais sur le RC Strasbourg. La formation alsacienne propose un axe de d\u00e9veloppement et du temps de jeu \u00e0 ses nombreux jeunes, ce qui a compt\u00e9 dans sa r\u00e9flexion.<\/p>\n<p>La question financi\u00e8re sera aussi cruciale, car Dunkerque va se montrer gourmand pour un joueur aussi d\u00e9sir\u00e9. La formation nordiste voulait 6 ME pour le laisser filer. Cela risque d\u2019approcher les 8 ME \u00e0 ce rythme. Strasbourg a les moyens de miser gros s\u2019il croit au potentiel de Yassine, qui ne devrait pas rester longtemps \u00e0 Dunkerque \u00e0 ce rythme.<\/p>\n<p><img decoding=\"async\" src=\"https:\/\/www.europesays.com\/fr\/wp-content\/uploads\/2025\/12\/37633774.png\" alt=\"G. Yassine\" class=\"w-16 h-16 object-cover rounded-full\"\/><\/p>\n<p>G. Yassine<\/p>\n<p><img decoding=\"async\" src=\"https:\/\/www.europesays.com\/fr\/wp-content\/uploads\/2025\/09\/fr.png\" alt=\"France\" class=\"w-6 h-4 object-cover\"\/>France \u2022 \u00c2ge 20 \u2022 Attaquant<\/p>\n","protected":false},"excerpt":{"rendered":"Le jeune et prometteur Gessime Yassine fait r\u00eaver beaucoup de monde. Premi\u00e8re sur le coup, l&rsquo;ASSE voit un&hellip;\n","protected":false},"author":2,"featured_media":622565,"comment_status":"","ping_status":"","sticky":false,"template":"","format":"standard","meta":{"footnotes":""},"categories":[2820],"tags":[1111,11,461,8936,1777,674,1011,27,775,446,1434,12,149,25,640],"class_list":{"0":"post-622564","1":"post","2":"type-post","3":"status-publish","4":"format-standard","5":"has-post-thumbnail","7":"category-strasbourg","8":"tag-actu","9":"tag-actualites","10":"tag-asse","11":"tag-breaking-news","12":"tag-eu","13":"tag-europe","14":"tag-fr","15":"tag-france","16":"tag-grand-est","17":"tag-ligue-2","18":"tag-mercato","19":"tag-news","20":"tag-om","21":"tag-republique-francaise","22":"tag-strasbourg"},"share_on_mastodon":{"url":"https:\/\/pubeurope.com\/@fr\/115783611600741361","error":""},"_links":{"self":[{"href":"https:\/\/www.europesays.com\/fr\/wp-json\/wp\/v2\/posts\/622564","targetHints":{"allow":["GET"]}}],"collection":[{"href":"https:\/\/www.europesays.com\/fr\/wp-json\/wp\/v2\/posts"}],"about":[{"href":"https:\/\/www.europesays.com\/fr\/wp-json\/wp\/v2\/types\/post"}],"author":[{"embeddable":true,"href":"https:\/\/www.europesays.com\/fr\/wp-json\/wp\/v2\/users\/2"}],"replies":[{"embeddable":true,"href":"https:\/\/www.europesays.com\/fr\/wp-json\/wp\/v2\/comments?post=622564"}],"version-history":[{"count":0,"href":"https:\/\/www.europesays.com\/fr\/wp-json\/wp\/v2\/posts\/622564\/revisions"}],"wp:featuredmedia":[{"embeddable":true,"href":"https:\/\/www.europesays.com\/fr\/wp-json\/wp\/v2\/media\/622565"}],"wp:attachment":[{"href":"https:\/\/www.europesays.com\/fr\/wp-json\/wp\/v2\/media?parent=622564"}],"wp:term":[{"taxonomy":"category","embeddable":true,"href":"https:\/\/www.europesays.com\/fr\/wp-json\/wp\/v2\/categories?post=622564"},{"taxonomy":"post_tag","embeddable":true,"href":"https:\/\/www.europesays.com\/fr\/wp-json\/wp\/v2\/tags?post=622564"}],"curies":[{"name":"wp","href":"https:\/\/api.w.org\/{rel}","templated":true}]}}