{"id":622566,"date":"2025-12-26T02:55:28","date_gmt":"2025-12-26T02:55:28","guid":{"rendered":"https:\/\/www.europesays.com\/fr\/622566\/"},"modified":"2025-12-26T02:55:28","modified_gmt":"2025-12-26T02:55:28","slug":"logc-nice-a-50-de-chances-de-faire-venir-ce-buteur-dechu-de-bundesliga","status":"publish","type":"post","link":"https:\/\/www.europesays.com\/fr\/622566\/","title":{"rendered":"L&rsquo;OGC Nice a 50% de chances de faire venir ce buteur d\u00e9chu de Bundesliga"},"content":{"rendered":"<p><strong>Malgr\u00e9 la concurrence du FC S\u00e9ville, l\u2019OGC Nice n\u2019a pas dit son dernier mot dans le dossier Elye Wahi. Le club azur\u00e9en continue de croire en ses chances pour attirer l\u2019attaquant de l\u2019Eintracht Francfort lors du mercato hivernal.<\/strong><\/p>\n<p>Comme r\u00e9v\u00e9l\u00e9 en d\u00e9but de semaine, Nice et le FC S\u00e9ville sont \u00e0 la lutte pour r\u00e9cup\u00e9rer Elye Wahi. Le club andalou a pris une longueur d\u2019avance en formulant une offre de pr\u00eat assortie d\u2019une option d\u2019achat \u00e0 Francfort, une proposition qui a s\u00e9duit la formation allemande. Auteur de dix apparitions en Bundesliga cette saison, l\u2019attaquant fran\u00e7ais de 22 ans dispose d\u2019une cote toujours \u00e9lev\u00e9e sur le march\u00e9.<\/p>\n<p>Pour autant, selon L\u2019\u00c9quipe, le Gym reste confiant et estime ses chances de succ\u00e8s \u00e0 50 %. Les discussions entre Nice et Francfort se poursuivent, tandis que Wahi a d\u00e9j\u00e0 \u00e9chang\u00e9 avec Franck Haise au sujet d\u2019un possible projet commun sur la C\u00f4te d\u2019Azur. Un \u00e9l\u00e9ment encourageant pour les dirigeants ni\u00e7ois, qui esp\u00e8rent convaincre le joueur et son club malgr\u00e9 l\u2019offensive s\u00e9villane.<\/p>\n<blockquote class=\"twitter-tweet\">\n<p lang=\"fr\" dir=\"ltr\">\ud83d\udea8 \ud835\uddd8\ud835\udddf\ud835\uddec\ud835\uddd8 \ud835\uddea\ud835\uddd4\ud835\udddb\ud835\udddc \ud83c\uddeb\ud83c\uddf7 \ud835\uddd4 \ud835\uddd7\ud835\udde2\ud835\udde1\ud835\udde1\ud835\uddd8\u0301 \ud835\udde6\ud835\udde2\ud835\udde1 \ud835\uddd4\ud835\uddd6\ud835\uddd6\ud835\udde2\ud835\udde5\ud835\uddd7 \ud835\udde3\ud835\udde2\ud835\udde8\ud835\udde5 \ud835\udde5\ud835\uddd8\ud835\udddd\ud835\udde2\ud835\udddc\ud835\udde1\ud835\uddd7\ud835\udde5\ud835\uddd8 \ud835\udde1\ud835\udddc\ud835\uddd6\ud835\uddd8 !! \u2705\u2764\ufe0f\ud83d\udda4<\/p>\n<p>Franck Haise, qui l\u2019avait eu sous ses ordres \u00e0 Lens, l\u2019a convaincu de rejoindre les Aiglons.<\/p>\n<p>Le club doit maintenant s\u2019entendre avec Francfort pour un pr\u00eat.<\/p>\n<p>\ud83d\uddde\ufe0f\u2026 <a href=\"https:\/\/t.co\/LmSF6vwqtZ\">pic.twitter.com\/LmSF6vwqtZ<\/a><\/p>\n<p>\u2014 Actu Foot (@ActuFoot_) <a href=\"https:\/\/twitter.com\/ActuFoot_\/status\/2002721173394608183?ref_src=twsrc%5Etfw\" target=\"_blank\" rel=\"noopener\">December 21, 2025<\/a><\/p><\/blockquote>\n<p><script async src=\"https:\/\/platform.twitter.com\/widgets.js\" charset=\"utf-8\"><\/script><\/p>\n","protected":false},"excerpt":{"rendered":"Malgr\u00e9 la concurrence du FC S\u00e9ville, l\u2019OGC Nice n\u2019a pas dit son dernier mot dans le dossier Elye&hellip;\n","protected":false},"author":2,"featured_media":622567,"comment_status":"","ping_status":"","sticky":false,"template":"","format":"standard","meta":{"footnotes":""},"categories":[2819],"tags":[1111,11,1777,674,1011,27,12,2401,882,25],"class_list":{"0":"post-622566","1":"post","2":"type-post","3":"status-publish","4":"format-standard","5":"has-post-thumbnail","7":"category-nice","8":"tag-actu","9":"tag-actualites","10":"tag-eu","11":"tag-europe","12":"tag-fr","13":"tag-france","14":"tag-news","15":"tag-nice","16":"tag-provence-alpes-cote-dazur","17":"tag-republique-francaise"},"share_on_mastodon":{"url":"https:\/\/pubeurope.com\/@fr\/115783619274380942","error":""},"_links":{"self":[{"href":"https:\/\/www.europesays.com\/fr\/wp-json\/wp\/v2\/posts\/622566","targetHints":{"allow":["GET"]}}],"collection":[{"href":"https:\/\/www.europesays.com\/fr\/wp-json\/wp\/v2\/posts"}],"about":[{"href":"https:\/\/www.europesays.com\/fr\/wp-json\/wp\/v2\/types\/post"}],"author":[{"embeddable":true,"href":"https:\/\/www.europesays.com\/fr\/wp-json\/wp\/v2\/users\/2"}],"replies":[{"embeddable":true,"href":"https:\/\/www.europesays.com\/fr\/wp-json\/wp\/v2\/comments?post=622566"}],"version-history":[{"count":0,"href":"https:\/\/www.europesays.com\/fr\/wp-json\/wp\/v2\/posts\/622566\/revisions"}],"wp:featuredmedia":[{"embeddable":true,"href":"https:\/\/www.europesays.com\/fr\/wp-json\/wp\/v2\/media\/622567"}],"wp:attachment":[{"href":"https:\/\/www.europesays.com\/fr\/wp-json\/wp\/v2\/media?parent=622566"}],"wp:term":[{"taxonomy":"category","embeddable":true,"href":"https:\/\/www.europesays.com\/fr\/wp-json\/wp\/v2\/categories?post=622566"},{"taxonomy":"post_tag","embeddable":true,"href":"https:\/\/www.europesays.com\/fr\/wp-json\/wp\/v2\/tags?post=622566"}],"curies":[{"name":"wp","href":"https:\/\/api.w.org\/{rel}","templated":true}]}}