{"id":622570,"date":"2025-12-26T02:58:33","date_gmt":"2025-12-26T02:58:33","guid":{"rendered":"https:\/\/www.europesays.com\/fr\/622570\/"},"modified":"2025-12-26T02:58:33","modified_gmt":"2025-12-26T02:58:33","slug":"ou-bouger-a-bordeaux-du-29-decembre-au-04-janvier","status":"publish","type":"post","link":"https:\/\/www.europesays.com\/fr\/622570\/","title":{"rendered":"O\u00f9 bouger \u00e0 Bordeaux du 29 d\u00e9cembre au 04 janvier ?"},"content":{"rendered":"<p>\ud83c\udf89D\u00e9cembre se termine en beaut\u00e9 et janvier commence sur les chapeaux de roue !<br \/>Cette semaine, on t\u2019a concoct\u00e9 un\u00a0<strong>agenda ultra festif<\/strong>, entre vente de feux d\u2019artifice, ateliers, bal masqu\u00e9, danse et th\u00e9\u00e2tre. Chaque jour, un rendez-vous \u00e0 ne pas manquer pour finir l\u2019ann\u00e9e en beaut\u00e9 ! \u2728<\/p>\n<p>LUNDI 29 D\u00c9CEMBRE<\/p>\n<p>VENTE DE FEUX D\u2019ARTIFICE \u2013 LE ROI DE LA F\u00caTE FAIT BRILLER TON NOUVEL AN<\/p>\n<p id=\"block-34c3f2a0-ada0-4593-8c67-04ed6a2a6f89\" style=\"font-size:16px\">Tu veux un Nouvel An qui claque vraiment ? Alors pr\u00e9pare-toi, parce que le <strong>roi de la f\u00eate<\/strong> d\u00e9barque avec une s\u00e9lection\u00a0<strong>exceptionnelle<\/strong>\u00a0<strong>de feux d\u2019artifice<\/strong> pour faire briller ta soir\u00e9e du 31 comme jamais ! Du\u00a0<strong>27 au 31 d\u00e9cembre<\/strong>, ils sont\u00a0<strong>ouverts non-stop<\/strong>\u00a0pour t\u2019aider \u00e0 choisir LE feu qui fera toute la diff\u00e9rence : formats compacts pour un effet rapide et intense, shows spectaculaires allant jusqu\u2019\u00e0\u00a0<strong>6 minutes<\/strong>\u00a0pour en mettre plein les yeux, et un large choix pour tous les go\u00fbts et toutes les ambiances.<\/p>\n<p>Et au cas o\u00f9 tu te le demanderais\u2026\u00a0<strong>oui, le magasin aussi ouvert tout le mois de d\u00e9cembre<\/strong>, histoire de te laisser profiter de la magie du moment quand tu veux !<\/p>\n<p>Viens faire ton choix, pose tes questions, laisse-toi guider\u2026 ici, ils t\u2019accompagnent pour que ton passage \u00e0 la nouvelle ann\u00e9e soit tout simplement inoubliable. Pr\u00eat \u00e0 faire vibrer le ciel ? Alors rendez-vous chez le roi de la f\u00eate !<\/p>\n<p><img fetchpriority=\"high\" decoding=\"async\" width=\"1024\" height=\"1019\" data-id=\"87747\" src=\"https:\/\/www.europesays.com\/fr\/wp-content\/uploads\/2025\/12\/Olivier-le-roi-de-la-fete-feux-dartifices-1-1024x1019.jpg\" alt=\"\" class=\"wp-image-87747\"  \/><\/p>\n<p><img loading=\"lazy\" decoding=\"async\" width=\"958\" height=\"960\" data-id=\"87746\" src=\"https:\/\/www.europesays.com\/fr\/wp-content\/uploads\/2025\/12\/Olivier-le-roi-de-la-fete-logo.jpg\" alt=\"\" class=\"wp-image-87746\"  \/><\/p>\n<p class=\"has-text-align-center\" id=\"block-fd3bdc36-439c-4873-a665-d9a4126d84f9\" style=\"font-size:16px\"><strong>On bouge ?<\/strong><br \/>\ud83d\udccdLe Roi de la F\u00eate \u2022 Za Alfred Daney 50 r Doct Jean Vincent, 33300 Bordeaux<br \/>\ud83d\udcc5 Vente de feux d\u2019artifice du 27 d\u00e9cembre au 31 d\u00e9cembre 2025 \u2022 10h \u00e0 19h<br \/>\ud83d\udcf2<a href=\"https:\/\/www.facebook.com\/roidelafete#\" target=\"_blank\" rel=\"noreferrer noopener\">Facebook<\/a> \u2022 <a href=\"https:\/\/www.instagram.com\/leroidelafete33\/?\" target=\"_blank\" rel=\"noopener\">Instagram<\/a><\/p>\n<p>MARDI 30 D\u00c9CEMBRE<\/p>\n<p>ATELIER CR\u00c9ATION CUV\u00c9E DE VIN \u2013 LE PIED \u00c0 TERRE<\/p>\n<p id=\"block-fea24568-ba2f-49cb-9b17-061f3de0d738\" style=\"font-size:16px\">Et si tu repartais de Bordeaux avec une <strong>bouteille de vin cr\u00e9\u00e9e par toi-m\u00eame<\/strong> ? Au <strong>Pied \u00e0 Terre<\/strong>, cave \u00e0 vin et atelier de d\u00e9gustation, tu te glisses dans la peau d\u2019un ma\u00eetre de chai le temps d\u2019une exp\u00e9rience aussi ludique que gourmande.<\/p>\n<p style=\"font-size:16px\">Guid\u00e9 par deux fr\u00e8res cavistes passionn\u00e9s, tu d\u00e9couvres l\u2019art de l\u2019assemblage et les bases de la d\u00e9gustation. L\u2019atelier commence par une pr\u00e9sentation claire et accessible de l\u2019histoire du <strong>vignoble bordelais<\/strong>, avant de passer \u00e0 la d\u00e9gustation de trois vins embl\u00e9matiques : un vin de la rive droite, un de la rive gauche et un Graves. \u00c0 partir de ces d\u00e9gustations, tu composes ta propre cuv\u00e9e selon tes go\u00fbts.<\/p>\n<p style=\"font-size:16px\">Tout au long de l\u2019atelier, des<strong> planches de charcuterie et de fromages basques <\/strong>accompagnent la d\u00e9gustation. \u00c0 la fin de l\u2019exp\u00e9rience, ta cuv\u00e9e est <strong>mise en bouteille et tu repars avec ton vin<\/strong>, <strong>souvenir unique de ton passage \u00e0 Bordeaux.<\/strong><\/p>\n<p id=\"block-fea24568-ba2f-49cb-9b17-061f3de0d738\" style=\"font-size:16px\">Une activit\u00e9 id\u00e9ale \u00e0 faire seul, en couple ou entre amis, que tu sois amateur curieux ou passionn\u00e9 de vin.<\/p>\n<p><img loading=\"lazy\" decoding=\"async\" width=\"1024\" height=\"1024\" src=\"https:\/\/www.bougerabordeaux.com\/wp-content\/uploads\/2025\/12\/cree-ta-propre-cuvee-de-vin-de-bordeaux-758404-1200-0-1024x1024.webp\" alt=\"\" class=\"wp-image-88224\" style=\"width:656px;height:auto\"  \/><\/p>\n<p class=\"has-text-align-center\" id=\"block-d36e1e61-c37d-4f5c-b327-32da6188d540\" style=\"font-size:16px\"><strong>On bouge ?<\/strong><br \/>\ud83d\udccd22 Rue Juda\u00efque, 33000 Bordeaux<br \/>\ud83d\udcc5 mardi 30 d\u00e9cembre 2025 \u2022 11h30<br \/>\ud83d\udcb6 59 euros<br \/>\ud83d\udc9b Ouvert \u00e0 toutes et tous<br \/>\u27a1\ufe0f <a href=\"https:\/\/lepiedaterre-cave.com\/reservation\/atelier-assemblage-creez-votre-propre-cuvee-de-bordeaux-798\/\" target=\"_blank\" rel=\"noreferrer noopener\">Billetterie<\/a><br \/>\ud83d\udcf2<a href=\"https:\/\/lepiedaterre-cave.com\" target=\"_blank\" rel=\"noreferrer noopener\">Site web<\/a> \u2022 <a href=\"https:\/\/www.instagram.com\/lepiedaterre_bdx\/?hl=en\" target=\"_blank\" rel=\"noreferrer noopener\">Instagram<\/a><\/p>\n<p>MERCREDI 31 D\u00c9CEMBRE<\/p>\n<p>BAL MASQU\u00c9 BLACK &amp; GOLD \u2013 CAF\u00c9 OZ BORDEAUX<\/p>\n<p id=\"block-3a4cff18-1f20-4bc7-8c3a-fbb61a7c7fc8\" style=\"font-size:16px\">Pour c\u00e9l\u00e9brer le passage \u00e0 la nouvelle ann\u00e9e, le <strong>Caf\u00e9 Oz Bordeaux<\/strong> t\u2019invite \u00e0 une nuit plac\u00e9e sous le signe du <strong>myst\u00e8re, de l\u2019\u00e9l\u00e9gance et de la f\u00eate<\/strong>. Le temps d\u2019un r\u00e9veillon, le lieu se transforme en un bal masqu\u00e9 <strong>Black &amp; Gold <\/strong>o\u00f9 chic et folie nocturne se rencontrent.<\/p>\n<p style=\"font-size:16px\">Masque sur le visage, tenue noire et dor\u00e9e, tu plonges dans une <strong>ambiance glamour et \u00e9lectrique.<\/strong> Aux platines, <a href=\"https:\/\/www.instagram.com\/adrianback_\/\" target=\"_blank\" rel=\"noreferrer noopener\">DJ <strong>Adrian Back<\/strong> <\/a>prend le contr\u00f4le du dancefloor et encha\u00eene les sons jusqu\u2019au lever du jour. Entre cocktails p\u00e9tillants, bulles de champagne et \u00e9nergie festive, la soir\u00e9e promet d\u2019\u00eatre intense et inoubliable.<\/p>\n<p id=\"block-3a4cff18-1f20-4bc7-8c3a-fbb61a7c7fc8\" style=\"font-size:16px\">Des surprises t\u2019attendent tout au long de la nuit, ainsi qu\u2019un photographe et une borne photo pour immortaliser ton plus beau masque\u2026 ou ton regard myst\u00e9rieux \u00e0 l\u2019aube. Tout est r\u00e9uni pour terminer l\u2019ann\u00e9e en beaut\u00e9 et commencer la suivante sur une note brillante.<\/p>\n<p><img loading=\"lazy\" decoding=\"async\" width=\"680\" height=\"980\" src=\"https:\/\/www.europesays.com\/fr\/wp-content\/uploads\/2025\/12\/251231_NouvelAnBalMasque_BORDEAUX_site680x980.jpeg\" alt=\"\" class=\"wp-image-88226\" style=\"width:565px;height:auto\"  \/><\/p>\n<p class=\"has-text-align-center\" id=\"block-38280c7b-15da-4532-82bb-53c378611df0\" style=\"font-size:16px\"><strong>On bouge ?<\/strong><br \/>\ud83d\udccd1 Quai Armand Lalande Hangar G2, 33300 Bordeaux<br \/>\ud83d\udcc5 mercredi 31 d\u00e9cembre \u2022 \u00e0 partir de 20h<br \/>\ud83d\udcb6 Entr\u00e9e 20\u20ac avec une conso<br \/>\u27a1\ufe0f <a href=\"https:\/\/www.facebook.com\/events\/1530426428265006?acontext=%7B%22event_action_history%22%3A%5B%7B%22mechanism%22%3A%22attachment%22%2C%22surface%22%3A%22newsfeed%22%7D%5D%2C%22ref_notif_type%22%3Anull%7D\" target=\"_blank\" rel=\"noreferrer noopener\">Lien de l\u2019\u00e9v\u00e9nement<\/a><br \/>\ud83d\udcf2<a href=\"https:\/\/cafe-oz.com\/etablissement\/cafe-oz-bordeaux\/\" target=\"_blank\" rel=\"noreferrer noopener\">Site web<\/a> \u2022 <a href=\"https:\/\/www.instagram.com\/cafeozbordeaux\/?hl=en\" target=\"_blank\" rel=\"noreferrer noopener\">Instagram<\/a> \u2022 <a href=\"https:\/\/www.facebook.com\/cafe.oz.groupe\/\" target=\"_blank\" rel=\"noreferrer noopener\">Facebook<\/a><\/p>\n<p>JEUDI 01 JANVIER<\/p>\n<p>LES PORTES DE JOHN DOE NE FERMENT JAMAIS\u2026- JOHN DOE ESCAPE GAME<\/p>\n<p id=\"block-fea24568-ba2f-49cb-9b17-061f3de0d738\" style=\"font-size:16px\"><strong>Jour f\u00e9ri\u00e9 ou pas,<\/strong> les portes de <strong>John Doe Bordeaux<\/strong> restent ouvertes. Si tu cherches une id\u00e9e originale pour profiter de ton jour de cong\u00e9, c\u2019est l\u2019occasion parfaite de plonger dans une <strong>exp\u00e9rience immersive hors du commun.<\/strong><\/p>\n<p style=\"font-size:16px\"><strong>Au c\u0153ur du Quartier G\u00e9n\u00e9ral,<\/strong> tu es invit\u00e9 \u00e0 int\u00e9grer une mission o\u00f9 chaque d\u00e9tail compte. <strong>R\u00e9flexion, logique et esprit d\u2019\u00e9quipe seront indispensables pour avancer<\/strong>, d\u00e9jouer les pi\u00e8ges et r\u00e9soudre les \u00e9nigmes avant la fin du temps imparti. Que tu viennes entre amis, en famille ou avec tes coll\u00e8gues, les salles sont accessibles \u00e0 tous les niveaux et s\u2019adaptent \u00e0 ton groupe.<\/p>\n<p id=\"block-b5bc13e5-e81d-4332-a4c7-9fd423aaa099\" style=\"font-size:16px\"><strong>Les jours f\u00e9ri\u00e9s sont faits pour sortir de la routine<\/strong>. Plut\u00f4t que de rester chez toi, viens tester tes capacit\u00e9s, partager un moment intense et commencer l\u2019ann\u00e9e sur une note diff\u00e9rente et stimulante. Les agents sont en poste et pr\u00eats \u00e0 t\u2019accueillir.<\/p>\n<p><img loading=\"lazy\" decoding=\"async\" width=\"1024\" height=\"832\" src=\"https:\/\/www.europesays.com\/fr\/wp-content\/uploads\/2025\/12\/Agenda-janvier-1-1024x832.jpg\" alt=\"\" class=\"wp-image-88223\" style=\"aspect-ratio:1.2308255872521636;width:734px;height:auto\"  \/><\/p>\n<p class=\"has-text-align-center\" id=\"block-57535d53-7701-4d55-a8ac-7fd3532c43c8\" style=\"font-size:16px\"><strong>On bouge ?<\/strong><br \/>\ud83d\udccdJohn Doe Escape Game Bordeaux <br \/>\ud83d\udcc5 ouvert durant les jours f\u00e9ri\u00e9s<br \/>\ud83d\udc9b Ouvert \u00e0 toutes et tous<br \/>\u27a1\ufe0f <a href=\"https:\/\/www.john-doe.fr\/bordeaux-victoire\/reservation\/#\/catalog\/15ccd4d3-07ca-454b-8523-03d730ed2086\" target=\"_blank\" rel=\"noreferrer noopener\">R\u00e9server<\/a><br \/>\ud83d\udcf2<a href=\"https:\/\/www.john-doe.fr\/bordeaux\/\" target=\"_blank\" rel=\"noreferrer noopener\">Site web<\/a> \u2022 <a href=\"https:\/\/www.instagram.com\/johndoegame\/\" target=\"_blank\" rel=\"noreferrer noopener\">Instagram<\/a> \u2022 <a href=\"https:\/\/www.facebook.com\/johndoegamefrance\" target=\"_blank\" rel=\"noreferrer noopener\">Facebook<\/a><\/p>\n<p>VENDREDI 02 JANVIER<\/p>\n<p>ATELIER DE ROCK AND SWING\u00a0 \u2013 L\u2019ATELIER DANSE CLUB <\/p>\n<p id=\"block-1dbf4d31-c068-4f40-b66d-8de9b308219c\" style=\"font-size:16px\">Et si tu d\u00e9marrais la nouvelle ann\u00e9e sur la piste de danse ? Ce\u00a0<strong>vendredi 2 janvier 2026<\/strong>, l\u2019<strong>Atelier Danse Club<\/strong>\u00a0t\u2019invite \u00e0 une soir\u00e9e sp\u00e9ciale Rock &amp; Swing avec Na\u00ebl. D\u00e9butants ou danseurs confirm\u00e9s, cette soir\u00e9e est pens\u00e9e pour tous ceux qui veulent bouger, s\u2019amuser et partager un moment convivial.<\/p>\n<p id=\"block-1dbf4d31-c068-4f40-b66d-8de9b308219c\" style=\"font-size:16px\">La soir\u00e9e commence d\u00e8s\u00a0<strong>19h15 avec un stage pour d\u00e9butants<\/strong>, suivi \u00e0\u00a0<strong>20h15 d\u2019un stage interm\u00e9diaire<\/strong>\u00a0pour perfectionner tes pas. Une fois ces deux sessions termin\u00e9es, la\u00a0<strong>soir\u00e9e Rock Swing d\u00e9marre \u00e0 21h15<\/strong>, offrant un espace pour mettre en pratique tes nouvelles techniques et profiter d\u2019une ambiance festive et chaleureuse.<\/p>\n<p id=\"block-1dbf4d31-c068-4f40-b66d-8de9b308219c\" style=\"font-size:16px\">Des softs sont propos\u00e9s \u00e0 volont\u00e9 pour te d\u00e9salt\u00e9rer entre deux danses, et l\u2019inscription se fait directement sur place. Attention, les places sont limit\u00e9es, donc il vaut mieux arriver t\u00f4t pour garantir ta participation.<\/p>\n<p><img loading=\"lazy\" decoding=\"async\" width=\"1024\" height=\"723\" src=\"https:\/\/www.europesays.com\/fr\/wp-content\/uploads\/2025\/12\/IMG_4708-1024x723.jpg\" alt=\"\" class=\"wp-image-88256\" style=\"aspect-ratio:1.4163395421134441;width:574px;height:auto\"  \/><\/p>\n<p class=\"has-text-align-center\" id=\"block-b6687d53-0077-4a12-8de3-5947359f8d35\" style=\"font-size:16px\"><strong>On bouge ?<br \/><\/strong>\ud83d\udccd\u00a0145 avenue de Magudas, 33320 Eysines<br \/>\ud83d\udcc5 vendredi 2 janvier 2026 \u2022 2 stages :\u00a019:15 d\u00e9butant \u2022 20:15 interm\u00e9diaire \u2022 21h15 Soir\u00e9e<br \/>\ud83d\udcb6 1 stage 8\u20ac \u2022 2 stages 15\u20ac (entr\u00e9e offerte) \u2022 1 stage + soir\u00e9e 10\u20ac<br \/>\ud83d\udc9b Ouvert \u00e0 toutes et tous<br \/>\u27a1\ufe0f <a href=\"https:\/\/www.facebook.com\/events\/835206705959443\/?acontext=%7B%22event_action_history%22%3A[%7B%22surface%22%3A%22external_search_engine%22%7D%2C%7B%22mechanism%22%3A%22discovery_local_tab%22%2C%22surface%22%3A%22bookmark%22%7D]%2C%22ref_notif_type%22%3Anull%7D\" target=\"_blank\" rel=\"noreferrer noopener\">Lien de l\u2019\u00e9v\u00e9nement<\/a> <br \/>\ud83d\udcf2<a href=\"https:\/\/latelierdanseclub.com\" target=\"_blank\" rel=\"noopener\">Site <\/a><a href=\"https:\/\/latelierdanseclub.com\" target=\"_blank\" rel=\"noreferrer noopener\">w<\/a><a href=\"https:\/\/latelierdanseclub.com\" target=\"_blank\" rel=\"noopener\">eb<\/a> \u2022 <a href=\"https:\/\/www.instagram.com\/latelierdanseclub\/?hl=en\" target=\"_blank\" rel=\"noreferrer noopener\">Instagram<\/a> \u2022 <a href=\"https:\/\/www.facebook.com\/latelierhaillan\" target=\"_blank\" rel=\"noreferrer noopener\">Facebook<\/a><\/p>\n<p>SAMEDI 03 JANVIER<\/p>\n<p>HARRY POTTER ET L\u2019ORDRE DU PH\u00c9NIX EN CIN\u00c9-CONCERT \u2013 ARK\u00c9A ARENA<\/p>\n<p id=\"block-34ff7846-2525-436b-beba-270733c3e875\" style=\"font-size:16px\"><strong>Le monde des sorciers s\u2019invite \u00e0 l\u2019Ark\u00e9a Arena <\/strong>pour un cin\u00e9-concert exceptionnel. Rejoins Harry, Ron et Hermione dans le cinqui\u00e8me opus de la saga Harry Potter, projet\u00e9 sur \u00e9cran g\u00e9ant en version originale sous-titr\u00e9e, accompagn\u00e9 en live par un orchestre symphonique de plus de 70 musiciens.<\/p>\n<p style=\"font-size:16px\">Le <strong>Yellow Socks Orchestra <\/strong>interpr\u00e8te en parfaite synchronisation la musique puissante et immersive de Nicholas Hooper, donnant une nouvelle dimension \u00e0 cette histoire marqu\u00e9e par le retour de Voldemort et la mont\u00e9e des tensions \u00e0 <strong>Poudlard<\/strong>. Entre r\u00e9bellion secr\u00e8te, affrontements magiques et lutte entre le bien et le mal, chaque sc\u00e8ne prend une ampleur spectaculaire gr\u00e2ce \u00e0 la musique jou\u00e9e en direct.<\/p>\n<p id=\"block-34ff7846-2525-436b-beba-270733c3e875\" style=\"font-size:16px\">Pendant les vacances de No\u00ebl, c\u2019est l\u2019occasion id\u00e9ale de red\u00e9couvrir ce film culte en famille et de vivre plus de deux heures d\u2019\u00e9motions au rythme de l\u2019orchestre. Une exp\u00e9rience immersive qui ravira aussi bien les fans de la saga que les amateurs de musique symphonique.<\/p>\n<p><img loading=\"lazy\" decoding=\"async\" width=\"1000\" height=\"1000\" src=\"https:\/\/www.europesays.com\/fr\/wp-content\/uploads\/2025\/12\/harry-potter-et-le-prisonnier-d-azkaban-en-cine-concert-29-decembre-2023-billetterie-bordeaux_fvojte.jpeg\" alt=\"\" class=\"wp-image-88237\" style=\"width:541px;height:auto\"  \/><\/p>\n<p class=\"has-text-align-center\" id=\"block-4b286e73-6b7f-46c2-a0b0-58ae36e39196\" style=\"font-size:16px\"><strong>On bouge ?<\/strong><br \/>\ud83d\udccd48-50 Av. Jean Alfons\u00e9a, 33270 Floirac<br \/>\ud83d\udcc5 samedi 03 janvier \u2022 20h00<br \/>\ud83d\udcb6 D\u00e8s 49 euros<br \/>\ud83d\udc9b Ouvert \u00e0 toutes et tous<br \/>\u27a1\ufe0f <a href=\"https:\/\/billetterie.arkeaarena.com\/fr\/manifestation\/harry-potter-et-l-ordre-du-phenix-billet\/idmanif\/609862\/idseance\/3992492\" target=\"_blank\" rel=\"noreferrer noopener\">Billetterie<\/a><br \/>\ud83d\udcf2\u00a0<a href=\"https:\/\/www.arkeaarena.com\/evenements\/harry-potter-et-lordre-du-phenix-en-cine-concert-03-janvier-2026-billetterie-bordeaux\" target=\"_blank\" rel=\"noreferrer noopener\">Site web<\/a> \u2022 <a href=\"https:\/\/www.instagram.com\/ArkeaArena\/\" target=\"_blank\" rel=\"noreferrer noopener\">Instagram<\/a> \u2022 <a href=\"https:\/\/www.facebook.com\/ArkeaArena\" target=\"_blank\" rel=\"noreferrer noopener\">Facebook<\/a><\/p>\n<p>DIMANCHE 04 JANVIER<\/p>\n<p>ADOS EN VACANCES, PARENTS EN SOUFFRANCE \u2013 TH\u00c9\u00c2TRE DES CHARTRONS<\/p>\n<p id=\"block-854d0e33-8968-4da0-92b0-3747039788e7\" style=\"font-size:16px\">Les vacances sont cens\u00e9es \u00eatre un moment de repos. Mais quand on a<strong> des ados<\/strong>, c\u2019est souvent tout l\u2019inverse. Cette <strong>com\u00e9die familiale<\/strong> met en sc\u00e8ne le quotidien (tr\u00e8s) mouvement\u00e9 des parents de Zo\u00e9 et L\u00e9o, confront\u00e9s \u00e0 une id\u00e9e aussi ambitieuse que risqu\u00e9e : couper leurs enfants des r\u00e9seaux sociaux pendant un mois.<\/p>\n<p style=\"font-size:16px\">Direction une r\u00e9gion recul\u00e9e, sans wifi ni portable. R\u00e9sultat : <strong>tensions, crises et situations absurdes s\u2019encha\u00eenent. <\/strong>Car un ado priv\u00e9 d\u2019\u00e9cran peut vite se transformer en v\u00e9ritable tornade, et ce ne sont ni les chants d\u2019oiseaux ni les soir\u00e9es scrabble qui calmeront la temp\u00eate.<\/p>\n<p id=\"block-854d0e33-8968-4da0-92b0-3747039788e7\" style=\"font-size:16px\"><strong>Dr\u00f4le, rythm\u00e9e et terriblement actuelle<\/strong>, cette pi\u00e8ce parle \u00e0 toutes les g\u00e9n\u00e9rations. Les parents s\u2019y reconna\u00eetront imm\u00e9diatement, et m\u00eame si les ados ne l\u2019avoueront jamais, eux aussi vont rire de bon c\u0153ur. Un spectacle \u00e0 partager <strong>en famille, sign\u00e9 par les auteurs de \u00ab Ados sur TikTok, Parents qui d\u00e9blok \u00bb<\/strong>, avec les m\u00eames personnages.<\/p>\n<p><img loading=\"lazy\" decoding=\"async\" width=\"724\" height=\"1024\" src=\"https:\/\/www.europesays.com\/fr\/wp-content\/uploads\/2025\/12\/White-Black-Minimilast-Elegant-Wedding-Menu-4-pdf-724x1024.jpeg\" alt=\"\" class=\"wp-image-88225\" style=\"aspect-ratio:0.7070267795834287;width:416px;height:auto\"  \/><\/p>\n<p class=\"has-text-align-center\" id=\"block-ca94030f-2f78-42a1-a78c-540c6b77261b\" style=\"font-size:16px\"><strong>On bouge ?<\/strong><br \/>\ud83d\udccd170 Cr du M\u00e9doc Galeries Tatry, 33300 Bordeaux<br \/>\ud83d\udcc5 Dimanche 04 janvier \u2022 15h<br \/>\ud83d\udcb6 \u00c0 partir de 25,30 euros<br \/>\ud83d\udc9b Ouvert \u00e0 toutes et tous<br \/>\u27a1\ufe0f<a href=\"https:\/\/www.fnacspectacles.com\/artist\/ados-vacances-parents-souffrance\/ados-en-vacances-parents-en-souffrance-theatre-des-chartrons-bordeaux-3735851\/?affiliate=QM0&amp;sv1=affiliate&amp;sv_campaign_id=634278&amp;awc=12494_1766410677_13879c807ea80cee72926f3426cc732a&amp;utm_source=Awin&amp;utm_campaign=634278&amp;utm_medium=affiliate\" target=\"_blank\" rel=\"noreferrer noopener\">Billetterie<\/a><br \/>\ud83d\udcf2\u00a0<a href=\"https:\/\/www.theatredeschartrons.fr\" target=\"_blank\" rel=\"noreferrer noopener\">Site Web<\/a> \u2022 <a href=\"https:\/\/www.facebook.com\/theatredeschartrons\/\" target=\"_blank\" rel=\"noreferrer noopener\">Facebook<\/a> \u2022 <a href=\"https:\/\/www.instagram.com\/theatre_des_chartrons\/\" target=\"_blank\" rel=\"noreferrer noopener\">Instagram<\/a><\/p>\n<p id=\"block-543fda19-89f3-4185-8b1b-5924c91505ce\" style=\"font-size:16px\">Alors tu bouges o\u00f9 cette semaine ?<\/p>\n<p id=\"block-16eacae5-3179-4893-81ca-dccdc31518c3\" style=\"font-size:16px\">couverture : \u00a0<a href=\"https:\/\/www.instagram.com\/chrispictures33\/\" target=\"_blank\" rel=\"noreferrer noopener\">@\u200cchrispictures33<\/a><\/p>\n<p id=\"block-3c7f1c6d-ce6d-4f08-b254-6fd0f62363a5\" style=\"font-size:16px\">\u00c0 lire aussi : <a href=\"https:\/\/www.bougerabordeaux.com\/actu\/ainhoa-lahitete-ex-miss-aquitaine-denonce-le-cyberharcelement-dont-elle-est-victime\/\" target=\"_blank\" rel=\"noreferrer noopener\">A\u00efnhoa Lahitete, ex-Miss Aquitaine, d\u00e9nonce le cyberharc\u00e8lement dont elle est victime<\/a><\/p>\n<p>\t\t<script async src=\"\/\/www.instagram.com\/embed.js\"><\/script><\/p>\n","protected":false},"excerpt":{"rendered":"\ud83c\udf89D\u00e9cembre se termine en beaut\u00e9 et janvier commence sur les chapeaux de roue !Cette semaine, on t\u2019a concoct\u00e9&hellip;\n","protected":false},"author":2,"featured_media":622571,"comment_status":"","ping_status":"","sticky":false,"template":"","format":"standard","meta":{"footnotes":""},"categories":[2817],"tags":[1111,11,1997,1777,674,1011,27,12,2219,25],"class_list":{"0":"post-622570","1":"post","2":"type-post","3":"status-publish","4":"format-standard","5":"has-post-thumbnail","7":"category-bordeaux","8":"tag-actu","9":"tag-actualites","10":"tag-bordeaux","11":"tag-eu","12":"tag-europe","13":"tag-fr","14":"tag-france","15":"tag-news","16":"tag-nouvelle-aquitaine","17":"tag-republique-francaise"},"share_on_mastodon":{"url":"https:\/\/pubeurope.com\/@fr\/115783635003538688","error":""},"_links":{"self":[{"href":"https:\/\/www.europesays.com\/fr\/wp-json\/wp\/v2\/posts\/622570","targetHints":{"allow":["GET"]}}],"collection":[{"href":"https:\/\/www.europesays.com\/fr\/wp-json\/wp\/v2\/posts"}],"about":[{"href":"https:\/\/www.europesays.com\/fr\/wp-json\/wp\/v2\/types\/post"}],"author":[{"embeddable":true,"href":"https:\/\/www.europesays.com\/fr\/wp-json\/wp\/v2\/users\/2"}],"replies":[{"embeddable":true,"href":"https:\/\/www.europesays.com\/fr\/wp-json\/wp\/v2\/comments?post=622570"}],"version-history":[{"count":0,"href":"https:\/\/www.europesays.com\/fr\/wp-json\/wp\/v2\/posts\/622570\/revisions"}],"wp:featuredmedia":[{"embeddable":true,"href":"https:\/\/www.europesays.com\/fr\/wp-json\/wp\/v2\/media\/622571"}],"wp:attachment":[{"href":"https:\/\/www.europesays.com\/fr\/wp-json\/wp\/v2\/media?parent=622570"}],"wp:term":[{"taxonomy":"category","embeddable":true,"href":"https:\/\/www.europesays.com\/fr\/wp-json\/wp\/v2\/categories?post=622570"},{"taxonomy":"post_tag","embeddable":true,"href":"https:\/\/www.europesays.com\/fr\/wp-json\/wp\/v2\/tags?post=622570"}],"curies":[{"name":"wp","href":"https:\/\/api.w.org\/{rel}","templated":true}]}}