{"id":622591,"date":"2025-12-26T03:13:28","date_gmt":"2025-12-26T03:13:28","guid":{"rendered":"https:\/\/www.europesays.com\/fr\/622591\/"},"modified":"2025-12-26T03:13:28","modified_gmt":"2025-12-26T03:13:28","slug":"le-trafic-perturbe-des-heures-sur-toute-la-ligne-5-du-metro","status":"publish","type":"post","link":"https:\/\/www.europesays.com\/fr\/622591\/","title":{"rendered":"le trafic perturb\u00e9 des heures sur toute la ligne 5 du m\u00e9tro"},"content":{"rendered":"<p>                    Par<br \/>\n        <strong><br \/>\n            <a href=\"https:\/\/actu.fr\/auteur\/redaction-paris\" title=\"Consulter tous les articles de R\u00e9daction Paris\" target=\"_blank\" rel=\"noopener\">R\u00e9daction Paris<\/a><br \/>\n                    <\/strong><\/p>\n<p>        Publi\u00e9 le<\/p>\n<p>            24 d\u00e9c. 2025 \u00e0 12h08        <\/p>\n<p>Une veille de <a href=\"https:\/\/actu.fr\/tag\/noel\" target=\"_blank\" rel=\"noopener\">No\u00ebl<\/a> compliqu\u00e9e pour les usagers de la ligne 5 du m\u00e9tro \u00e0 <a href=\"https:\/\/actu.fr\/paris\/dernieres-actus\" target=\"_blank\" rel=\"noopener\">Paris<\/a> ce mercredi 24\u00a0d\u00e9cembre 2025. Depuis 8\u00a0heures, le trafic conna\u00eet d\u2019importantes perturbations, signale la <a href=\"https:\/\/actu.fr\/tag\/ratp\" target=\"_blank\" rel=\"noopener\">RATP<\/a> sur X.\u00a0En cause, une panne de signalisation qui s\u2019est produite \u00e0 <a href=\"https:\/\/actu.fr\/tag\/gare-du-nord\" target=\"_blank\" rel=\"noopener\">gare du Nord<\/a>.<\/p>\n<p>Une reprise annonc\u00e9e vers 12\u2009h\u200915<\/p>\n<p class=\" wall-content\">La R\u00e9gie explique que toutes ses \u00e9quipes techniques sont \u00e0 pied d\u2019\u0153uvre pour r\u00e9gler le plus rapidement possible la situation et r\u00e9duire les d\u00e9sagr\u00e9ments. Il n\u2019emp\u00eache, la circulation a d\u00fb \u00eatre coup\u00e9e une bonne quarantaine de minutes entre Jaur\u00e8s et R\u00e9publique. La RATP a incit\u00e9 les voyageurs \u00e0 trouver des itin\u00e9raires bis.<\/p>\n<p class=\" wall-content\">\n<p class=\" wall-content\">Vers midi, sur la portion de ligne totalement interrompue, le trafic a repris, mais il restait fortement perturb\u00e9. \u00c0 12\u2009h\u200915, il a fini par reprendre dans des conditions normales.<\/p>\n<p class=\" wall-content\">Personnalisez votre actualit\u00e9 en ajoutant vos villes et m\u00e9dias en favori avec <a href=\"https:\/\/moncompte.actu.fr\" title=\"D\u00e9couvez Mon Actu\" rel=\"nofollow noopener\" data-trk=\"{&quot;cta&quot;:{&quot;action&quot;:&quot;https:\\\/\\\/moncompte.actu.fr&quot;,&quot;category&quot;:&quot;mon compte&quot;,&quot;from&quot;:&quot;article footer&quot;,&quot;name&quot;:&quot;Mon actu&quot;,&quot;type&quot;:&quot;cta&quot;}}\" target=\"_blank\">Mon Actu<\/a>.<\/p>\n","protected":false},"excerpt":{"rendered":"Par R\u00e9daction Paris Publi\u00e9 le 24 d\u00e9c. 2025 \u00e0 12h08 Une veille de No\u00ebl compliqu\u00e9e pour les usagers&hellip;\n","protected":false},"author":2,"featured_media":622592,"comment_status":"","ping_status":"","sticky":false,"template":"","format":"standard","meta":{"footnotes":""},"categories":[1888],"tags":[1111,1928,11,1927,1777,674,1011,27,14904,803,12,1926,626,1925,625,25,104],"class_list":{"0":"post-622591","1":"post","2":"type-post","3":"status-publish","4":"format-standard","5":"has-post-thumbnail","7":"category-paris","8":"tag-actu","9":"tag-actu-paris","10":"tag-actualites","11":"tag-actualites-paris","12":"tag-eu","13":"tag-europe","14":"tag-fr","15":"tag-france","16":"tag-gare-du-nord","17":"tag-info-trafic","18":"tag-news","19":"tag-news-paris","20":"tag-paris","21":"tag-paris-news","22":"tag-ratp","23":"tag-republique-francaise","24":"tag-societe"},"share_on_mastodon":{"url":"https:\/\/pubeurope.com\/@fr\/115783690035567442","error":""},"_links":{"self":[{"href":"https:\/\/www.europesays.com\/fr\/wp-json\/wp\/v2\/posts\/622591","targetHints":{"allow":["GET"]}}],"collection":[{"href":"https:\/\/www.europesays.com\/fr\/wp-json\/wp\/v2\/posts"}],"about":[{"href":"https:\/\/www.europesays.com\/fr\/wp-json\/wp\/v2\/types\/post"}],"author":[{"embeddable":true,"href":"https:\/\/www.europesays.com\/fr\/wp-json\/wp\/v2\/users\/2"}],"replies":[{"embeddable":true,"href":"https:\/\/www.europesays.com\/fr\/wp-json\/wp\/v2\/comments?post=622591"}],"version-history":[{"count":0,"href":"https:\/\/www.europesays.com\/fr\/wp-json\/wp\/v2\/posts\/622591\/revisions"}],"wp:featuredmedia":[{"embeddable":true,"href":"https:\/\/www.europesays.com\/fr\/wp-json\/wp\/v2\/media\/622592"}],"wp:attachment":[{"href":"https:\/\/www.europesays.com\/fr\/wp-json\/wp\/v2\/media?parent=622591"}],"wp:term":[{"taxonomy":"category","embeddable":true,"href":"https:\/\/www.europesays.com\/fr\/wp-json\/wp\/v2\/categories?post=622591"},{"taxonomy":"post_tag","embeddable":true,"href":"https:\/\/www.europesays.com\/fr\/wp-json\/wp\/v2\/tags?post=622591"}],"curies":[{"name":"wp","href":"https:\/\/api.w.org\/{rel}","templated":true}]}}